{"id":9650,"date":"2017-07-07T11:58:47","date_gmt":"2017-07-07T11:58:47","guid":{"rendered":"https:\/\/muzykabeztajemnic.info.pl\/?p=9650"},"modified":"2017-07-07T11:58:47","modified_gmt":"2017-07-07T11:58:47","slug":"pezet-malolat-odswiezaja-dzis-moim-miescie-reedycja-plyty-dwoma-nowymi-utworami","status":"publish","type":"post","link":"http:\/\/muzykabeztajemnic.info.pl\/?p=9650","title":{"rendered":"Pezet i Ma\u0142olat od\u015bwie\u017caj\u0105 \u201eDzi\u015b w moim mie\u015bcie\u201d Reedycja p\u0142yty z dwoma nowymi utworami"},"content":{"rendered":"<p><strong><img loading=\"lazy\" decoding=\"async\" class=\"alignnone size-full wp-image-9651\" src=\"https:\/\/muzykabeztajemnic.info.pl\/wp-content\/uploads\/2017\/07\/Pezet-Ma\u0142olat-Dzi\u015b-w-moim-mie\u015bcie.jpg\" alt=\"\" width=\"1200\" height=\"1200\" srcset=\"http:\/\/muzykabeztajemnic.info.pl\/wp-content\/uploads\/2017\/07\/Pezet-Ma\u0142olat-Dzi\u015b-w-moim-mie\u015bcie.jpg 1200w, http:\/\/muzykabeztajemnic.info.pl\/wp-content\/uploads\/2017\/07\/Pezet-Ma\u0142olat-Dzi\u015b-w-moim-mie\u015bcie-150x150.jpg 150w, http:\/\/muzykabeztajemnic.info.pl\/wp-content\/uploads\/2017\/07\/Pezet-Ma\u0142olat-Dzi\u015b-w-moim-mie\u015bcie-300x300.jpg 300w, http:\/\/muzykabeztajemnic.info.pl\/wp-content\/uploads\/2017\/07\/Pezet-Ma\u0142olat-Dzi\u015b-w-moim-mie\u015bcie-768x768.jpg 768w, http:\/\/muzykabeztajemnic.info.pl\/wp-content\/uploads\/2017\/07\/Pezet-Ma\u0142olat-Dzi\u015b-w-moim-mie\u015bcie-600x600.jpg 600w\" sizes=\"auto, (max-width: 1200px) 100vw, 1200px\" \/><\/strong><\/p>\n<p><strong>7 lipca ukaza\u0142a si\u0119 reedycja wydanej oryginalnie w 2010 roku p\u0142yty \u201eDzi\u015b w moim mie\u015bcie\u201d Pezeta i Ma\u0142olata. Wydawnictwo w od\u015bwie\u017conej wersji zosta\u0142o wzbogacone o dwa nowe utwory: \u201ePragniesz\u201d i \u201eAntananarywa\u201d. Za warstw\u0119 muzyczn\u0105 obu nagra\u0144 odpowiada Auer, przy czym do pierwszego z nich cuty zrobi\u0142 DJ Panda.<\/strong><\/p>\n<p>Reedycja p\u0142yty braci Kapli\u0144skich zawiera zupe\u0142nie now\u0105 poligrafi\u0119, przygotowan\u0105 specjalnie pod ten projekt. Ponadto Pezet i Ma\u0142olat nagrali dwa zupe\u0142nie nowe numery: \u201ePragniesz\u201d i \u201eAntananarywa\u201d. Do pierwszego z nich powsta\u0142 teledysk, kt\u00f3ry mo\u017cna zobaczy\u0107 tutaj:<\/p>\n<p><iframe loading=\"lazy\" title=\"Pezet &amp; Ma\u0142olat - Pragniesz (prod. Auer, cuty DJ Panda)\" width=\"800\" height=\"450\" src=\"https:\/\/www.youtube.com\/embed\/keh0aDPvUZs?feature=oembed\" frameborder=\"0\" allow=\"accelerometer; autoplay; clipboard-write; encrypted-media; gyroscope; picture-in-picture; web-share\" referrerpolicy=\"strict-origin-when-cross-origin\" allowfullscreen><\/iframe><\/p>\n<p>Wydawnictwo \u201eDzi\u015b w moim mie\u015bcie\u201d trafi\u0142o do klasyki polskich album\u00f3w hip-hopowych. Na oryginalny kr\u0105\u017cek z\u0142o\u017cy\u0142o si\u0119 13 utwor\u00f3w, a w\u015br\u00f3d producent\u00f3w pracuj\u0105cych nad p\u0142yt\u0105 znale\u017ali si\u0119: Czarny HIFI, Donatan, The Returners, Szczur i DJ B. Go\u015bcinnie na p\u0142ycie pojawili si\u0119 Grizzlee, VNM, Ma\u0142pa i legendarny zesp\u00f3\u0142 Molesta. Dodatkowym smaczkiem na wydawnictwie by\u0142a wsp\u00f3\u0142praca z w\u0142oskim raperem Fabri Fibr\u0105.<\/p>\n<p>Tracklista reedycji albumu \u201eDzi\u015b w moim mie\u015bcie\u201d:<\/p>\n<ol>\n<li>Pezet\/Ma\u0142olat (Intro) (prod. The Returners)<\/li>\n<li>Zaalarmuj (prod. Czarny HIFI)<\/li>\n<li>Dzi\u015b w moim mie\u015bcie (go\u015bcinnie Grizzlee) (prod. Donatan)<\/li>\n<li>Jestem sam (prod. Czarny HIFI)<\/li>\n<li>Nagapi\u0142em si\u0119 (go\u015bcinnie Ma\u0142pa) (prod. The Returners)<\/li>\n<li>Gdzie by\u015bmy dzi\u015b byli (prod. Czarny HIFI)<\/li>\n<li>Koka (go\u015bcinnie VNM) (prod. DJ. B)<\/li>\n<li>Co by to zmieni\u0142o&#8221; (go\u015bcinnie Molesta Ewenement, Grizzlee)<\/li>\n<li>Dopamina&#8221; (prod. Czarny HIFI)<\/li>\n<li>Hip Hop robi dla mnie&#8221; (go\u015bcinnie Fabri Fibra) (prod. Czarny HIFI)<\/li>\n<li>Tak \u0142atwo by\u0142o (prod. Czarny HIFI)<\/li>\n<li>Odk\u0105d ostatnio gadali\u015bmy (go\u015bcinnie Diox)<\/li>\n<li>Chcia\u0142bym uciec st\u0105d (Outro) (prod. Czarny HIFI)<\/li>\n<li>Antananarywa (prod.Auer)<\/li>\n<li>Pragniesz (prod. Auer, cuty DJ Panda)<\/li>\n<\/ol>\n<p>P\u0142yt\u0119 mo\u017cna kupi\u0107 m.in. w sklepie\u00a0<a href=\"http:\/\/www.kokabeats.pl\/\">www.kokabeats.pl<\/a><\/p>\n","protected":false},"excerpt":{"rendered":"<p>7 lipca ukaza\u0142a si\u0119 reedycja wydanej oryginalnie w 2010 roku p\u0142yty \u201eDzi\u015b w moim mie\u015bcie\u201d Pezeta i Ma\u0142olata. Wydawnictwo w od\u015bwie\u017conej wersji zosta\u0142o wzbogacone o dwa nowe utwory: \u201ePragniesz\u201d i \u201eAntananarywa\u201d. Za warstw\u0119 muzyczn\u0105 obu nagra\u0144 odpowiada Auer, przy czym do pierwszego z nich cuty zrobi\u0142 DJ Panda. Reedycja p\u0142yty braci Kapli\u0144skich zawiera zupe\u0142nie now\u0105 [&hellip;]<\/p>\n","protected":false},"author":1,"featured_media":9651,"comment_status":"closed","ping_status":"open","sticky":false,"template":"","format":"standard","meta":{"jetpack_post_was_ever_published":false,"_jetpack_newsletter_access":"","_jetpack_dont_email_post_to_subs":false,"_jetpack_newsletter_tier_id":0,"_jetpack_memberships_contains_paywalled_content":false,"_jetpack_memberships_contains_paid_content":false,"footnotes":"","jetpack_publicize_message":"","jetpack_publicize_feature_enabled":true,"jetpack_social_post_already_shared":true,"jetpack_social_options":{"image_generator_settings":{"template":"highway","default_image_id":0,"enabled":false},"version":2}},"categories":[1],"tags":[],"class_list":["post-9650","post","type-post","status-publish","format-standard","has-post-thumbnail","hentry","category-uncategorized"],"jetpack_publicize_connections":[],"jetpack_featured_media_url":"http:\/\/muzykabeztajemnic.info.pl\/wp-content\/uploads\/2017\/07\/Pezet-Ma\u0142olat-Dzi\u015b-w-moim-mie\u015bcie.jpg","jetpack_sharing_enabled":true,"jetpack_shortlink":"https:\/\/wp.me\/p67auQ-2vE","_links":{"self":[{"href":"http:\/\/muzykabeztajemnic.info.pl\/index.php?rest_route=\/wp\/v2\/posts\/9650","targetHints":{"allow":["GET"]}}],"collection":[{"href":"http:\/\/muzykabeztajemnic.info.pl\/index.php?rest_route=\/wp\/v2\/posts"}],"about":[{"href":"http:\/\/muzykabeztajemnic.info.pl\/index.php?rest_route=\/wp\/v2\/types\/post"}],"author":[{"embeddable":true,"href":"http:\/\/muzykabeztajemnic.info.pl\/index.php?rest_route=\/wp\/v2\/users\/1"}],"replies":[{"embeddable":true,"href":"http:\/\/muzykabeztajemnic.info.pl\/index.php?rest_route=%2Fwp%2Fv2%2Fcomments&post=9650"}],"version-history":[{"count":0,"href":"http:\/\/muzykabeztajemnic.info.pl\/index.php?rest_route=\/wp\/v2\/posts\/9650\/revisions"}],"wp:featuredmedia":[{"embeddable":true,"href":"http:\/\/muzykabeztajemnic.info.pl\/index.php?rest_route=\/wp\/v2\/media\/9651"}],"wp:attachment":[{"href":"http:\/\/muzykabeztajemnic.info.pl\/index.php?rest_route=%2Fwp%2Fv2%2Fmedia&parent=9650"}],"wp:term":[{"taxonomy":"category","embeddable":true,"href":"http:\/\/muzykabeztajemnic.info.pl\/index.php?rest_route=%2Fwp%2Fv2%2Fcategories&post=9650"},{"taxonomy":"post_tag","embeddable":true,"href":"http:\/\/muzykabeztajemnic.info.pl\/index.php?rest_route=%2Fwp%2Fv2%2Ftags&post=9650"}],"curies":[{"name":"wp","href":"https:\/\/api.w.org\/{rel}","templated":true}]}}