{"id":9648,"date":"2017-07-07T11:52:16","date_gmt":"2017-07-07T11:52:16","guid":{"rendered":"https:\/\/muzykabeztajemnic.info.pl\/?p=9648"},"modified":"2017-07-07T11:52:16","modified_gmt":"2017-07-07T11:52:16","slug":"laibach-nowa-plyta-zagra-we-wroclawiu","status":"publish","type":"post","link":"http:\/\/muzykabeztajemnic.info.pl\/?p=9648","title":{"rendered":"Laibach z now\u0105 p\u0142yt\u0105 zagra we Wroc\u0142awiu!"},"content":{"rendered":"<p align=\"CENTER\"><span style=\"color: #000000;\"><span style=\"font-family: 'Times New Roman', serif;\"><span style=\"font-size: medium;\">&#8222;Tako <\/span><\/span><em><span style=\"font-family: 'Times New Roman', serif;\"><span style=\"font-size: medium;\">rzecze Zaratustra&#8221; to nowa p\u0142yta legendarnego zespo\u0142u LAIBACH.<\/span><\/span><\/em><\/span><\/p>\n<p align=\"CENTER\"><span style=\"color: #000000;\"><em><span style=\"font-family: 'Times New Roman', serif;\"><span style=\"font-size: medium;\">W ramach europejskiej trasy koncertowej promuj\u0105cej to wydawnictwo zesp\u00f3\u0142 odwiedzi Polsk\u0119 i <\/span><\/span><\/em><span style=\"font-family: 'Times New Roman', serif;\"><span style=\"font-size: medium;\">19 listopada zagra we Wroc\u0142awiu w Sali Gotyckiej w Starym Klasztorze. <\/span><\/span><\/span><\/p>\n<p align=\"CENTER\"><span style=\"color: #000000;\"><span style=\"font-family: 'Times New Roman', serif;\"><span style=\"font-size: medium;\">Album uka\u017ce si\u0119 14 lipca 2017 roku pod tytu\u0142em &#8222;Also sprach Zarathustra&#8221;. Muzyka, kt\u00f3ra znalaz\u0142a si\u0119 na p\u0142ycie, w pierwotnej wersji powsta\u0142a z my\u015bl\u0105 o produkcji teatralnej, opartej na dziele Fryderyka Nietzschego o tym samym tytule. Sztuka mia\u0142a premier\u0119 w marcu 2016 roku na deskach teatru Anton Podbev\u0161ek Theatre w Novo Mesto, w S\u0142owenii. <\/span><\/span><\/span><\/p>\n<p align=\"CENTER\"><span style=\"color: #000000;\"><span style=\"font-family: 'Times New Roman', serif;\"><span style=\"font-size: medium;\">&#8222;Also Sprach Zarathustra&#8221; jest uaktualnion\u0105 wersj\u0105 muzyki skomponowanej do spektaklu.<\/span><\/span><\/span><\/p>\n<p align=\"CENTER\"><span style=\"color: #000000;\"><span style=\"font-family: 'Times New Roman', serif;\"><span style=\"font-size: medium;\">Trailer dzie\u0142a mo\u017cna obejrze\u0107 tutaj:<br \/>\n<\/span><\/span><\/span><\/p>\n<p><iframe loading=\"lazy\" title=\"Laibach - ALSO SPRACH ZARATHUSTRA (Official Trailer feat. Ein Verk\u00fcndiger)\" width=\"800\" height=\"450\" src=\"https:\/\/www.youtube.com\/embed\/fIheRy0aFxA?feature=oembed\" frameborder=\"0\" allow=\"accelerometer; autoplay; clipboard-write; encrypted-media; gyroscope; picture-in-picture; web-share\" referrerpolicy=\"strict-origin-when-cross-origin\" allowfullscreen><\/iframe><\/p>\n<p align=\"CENTER\"><span style=\"color: #000000;\"><span style=\"font-family: 'Times New Roman', serif;\"><span style=\"font-size: medium;\">\u00a0<\/span><\/span><\/span><\/p>\n<p align=\"CENTER\"><span style=\"color: #000000;\"><span style=\"font-family: 'Times New Roman', serif;\"><span style=\"font-size: medium;\">Laibach to zesp\u00f3\u0142 bardzo dobrze znany w naszym kraju. Awangardowa ekipa \u0142\u0105czy w swej muzyce industrial, metal i neoklasyk\u0119. Ich nazwa to niemieckie t\u0142umaczenie Lublany, stolicy S\u0142owenii.<\/span><\/span><\/span><\/p>\n<p align=\"CENTER\"><span style=\"color: #000000;\"><span style=\"font-family: 'Times New Roman', serif;\"><span style=\"font-size: medium;\">Ostatnie studyjne dzie\u0142o Laibach to &#8222;Spectre&#8221; z 2014 roku.<\/span><\/span><\/span><\/p>\n<p align=\"CENTER\"><span style=\"color: #000000;\"><span style=\"font-family: 'Times New Roman', serif;\"><span style=\"font-size: medium;\">Wielk\u0105 pozycj\u0105 w ich dorobku jest muzyka do przedstawienia &#8222;Macbeth&#8221;, wystawianego w Hamburgu. Arcydzie\u0142em s\u0105 przer\u00f3bki hymn\u00f3w pa\u0144stwowych nagrane na albumie &#8222;Volk&#8221;.<\/span><\/span><span style=\"font-family: 'Times New Roman', serif;\"><span style=\"font-size: medium;\"><br \/>\n<\/span><\/span><\/span><\/p>\n<p align=\"CENTER\"><span style=\"color: #000000;\"><span style=\"font-family: 'Times New Roman', serif;\"><span style=\"font-size: medium;\">Laibach to muzyka, to niezapomniane koncerty, mistyczne i teatralne, to charakterystyczna &#8222;pilotka&#8221; Milana Frasa. To zaskakuj\u0105ce projekty, jak cho\u0107by ten na zlecenie polskiego Narodowego Centrum Kultury z okazji 70. rocznicy powstania warszawskiego.<\/span><\/span><\/span><\/p>\n<p align=\"CENTER\"><span style=\"color: #000000;\"><span style=\"font-family: 'Times New Roman', serif;\"><span style=\"font-size: medium;\">Warto na \u017cywo obejrze\u0107 ich muzyczn\u0105 interpretacj\u0119 epokowego dzie\u0142a <\/span><\/span><span style=\"font-family: 'Times New Roman', serif;\"><span style=\"font-size: medium;\">Fryderyka Nietzschego <\/span><\/span><span style=\"font-family: 'Times New Roman', serif;\"><span style=\"font-size: medium;\">&#8222;Tako <\/span><\/span><em><span style=\"font-family: 'Times New Roman', serif;\"><span style=\"font-size: medium;\">rzecze Zaratustra&#8221;.<\/span><\/span><\/em><\/span><\/p>\n<p align=\"CENTER\"><span style=\"color: #000000;\"><span style=\"font-family: 'Times New Roman', serif;\"><span style=\"font-size: medium;\">19.11.17 godz.20.00 Sala Gotycka w Starym Klasztorze, ul. Purkyniego 1<\/span><\/span><\/span><\/p>\n<p align=\"CENTER\"><span style=\"color: #000000;\"><span style=\"font-family: 'Times New Roman', serif;\"><span style=\"font-size: medium;\">LAIBACH &#8222;Also sprach Zarathustra&#8221;<\/span><\/span><\/span><\/p>\n<p align=\"CENTER\"><span style=\"color: #000000;\"><span style=\"font-family: 'Times New Roman', serif;\"><span style=\"font-size: medium;\">bilety: 79 z\u0142 &#8211; przedsprzeda\u017c, 90 z\u0142 &#8211; w dniu koncertu<\/span><\/span><\/span><\/p>\n<p align=\"CENTER\"><span style=\"color: #000000;\"><span style=\"font-family: 'Times New Roman', serif;\"><span style=\"font-size: medium;\">miejsca siedz\u0105ce ( balkon): 100 z\u0142<\/span><\/span><\/span><\/p>\n<p align=\"CENTER\"><span style=\"color: #000000;\"><span style=\"font-family: 'Times New Roman', serif;\"><span style=\"font-size: medium;\">Bilety dost\u0119pne w sieci salon\u00f3w Empik, Saturn i MediaMarkt w ca\u0142ej Polsce<\/span><\/span><\/span><\/p>\n<p align=\"CENTER\"><span style=\"color: #000000;\"><span style=\"font-family: 'Times New Roman', serif;\"><span style=\"font-size: medium;\">oraz w serwisach: <a href=\"http:\/\/www.biletin.pl\">www.biletin.pl<\/a>, <a href=\"http:\/\/www.ticketpro.pl\">www.ticketpro.pl<\/a>, <a href=\"http:\/\/www.ebilet.pl\">www.ebilet.pl<\/a>, <a href=\"http:\/\/www.eventim.pl\">www.eventim.pl<\/a>, <a href=\"http:\/\/www.biletyna.pl\">www.biletyna.pl<\/a><\/span><\/span><\/span><\/p>\n<p align=\"CENTER\"><span style=\"color: #000000;\"><span style=\"font-family: 'Times New Roman', serif;\"><span style=\"font-size: medium;\">rezerwacje: <a href=\"mailto:bilety@o2.pl\">bilety@o2.pl<\/a><\/span><\/span><\/span><\/p>\n","protected":false},"excerpt":{"rendered":"<p>&#8222;Tako rzecze Zaratustra&#8221; to nowa p\u0142yta legendarnego zespo\u0142u LAIBACH. W ramach europejskiej trasy koncertowej promuj\u0105cej to wydawnictwo zesp\u00f3\u0142 odwiedzi Polsk\u0119 i 19 listopada zagra we Wroc\u0142awiu w Sali Gotyckiej w Starym Klasztorze. Album uka\u017ce si\u0119 14 lipca 2017 roku pod tytu\u0142em &#8222;Also sprach Zarathustra&#8221;. Muzyka, kt\u00f3ra znalaz\u0142a si\u0119 na p\u0142ycie, w pierwotnej wersji powsta\u0142a z [&hellip;]<\/p>\n","protected":false},"author":1,"featured_media":0,"comment_status":"closed","ping_status":"open","sticky":false,"template":"","format":"standard","meta":{"jetpack_post_was_ever_published":false,"_jetpack_newsletter_access":"","_jetpack_dont_email_post_to_subs":false,"_jetpack_newsletter_tier_id":0,"_jetpack_memberships_contains_paywalled_content":false,"_jetpack_memberships_contains_paid_content":false,"footnotes":"","jetpack_publicize_message":"","jetpack_publicize_feature_enabled":true,"jetpack_social_post_already_shared":true,"jetpack_social_options":{"image_generator_settings":{"template":"highway","default_image_id":0,"enabled":false},"version":2}},"categories":[4],"tags":[],"class_list":["post-9648","post","type-post","status-publish","format-standard","hentry","category-koncerty"],"jetpack_publicize_connections":[],"jetpack_featured_media_url":"","jetpack_sharing_enabled":true,"jetpack_shortlink":"https:\/\/wp.me\/p67auQ-2vC","_links":{"self":[{"href":"http:\/\/muzykabeztajemnic.info.pl\/index.php?rest_route=\/wp\/v2\/posts\/9648","targetHints":{"allow":["GET"]}}],"collection":[{"href":"http:\/\/muzykabeztajemnic.info.pl\/index.php?rest_route=\/wp\/v2\/posts"}],"about":[{"href":"http:\/\/muzykabeztajemnic.info.pl\/index.php?rest_route=\/wp\/v2\/types\/post"}],"author":[{"embeddable":true,"href":"http:\/\/muzykabeztajemnic.info.pl\/index.php?rest_route=\/wp\/v2\/users\/1"}],"replies":[{"embeddable":true,"href":"http:\/\/muzykabeztajemnic.info.pl\/index.php?rest_route=%2Fwp%2Fv2%2Fcomments&post=9648"}],"version-history":[{"count":0,"href":"http:\/\/muzykabeztajemnic.info.pl\/index.php?rest_route=\/wp\/v2\/posts\/9648\/revisions"}],"wp:attachment":[{"href":"http:\/\/muzykabeztajemnic.info.pl\/index.php?rest_route=%2Fwp%2Fv2%2Fmedia&parent=9648"}],"wp:term":[{"taxonomy":"category","embeddable":true,"href":"http:\/\/muzykabeztajemnic.info.pl\/index.php?rest_route=%2Fwp%2Fv2%2Fcategories&post=9648"},{"taxonomy":"post_tag","embeddable":true,"href":"http:\/\/muzykabeztajemnic.info.pl\/index.php?rest_route=%2Fwp%2Fv2%2Ftags&post=9648"}],"curies":[{"name":"wp","href":"https:\/\/api.w.org\/{rel}","templated":true}]}}