{"id":9641,"date":"2017-07-07T11:37:54","date_gmt":"2017-07-07T11:37:54","guid":{"rendered":"https:\/\/muzykabeztajemnic.info.pl\/?p=9641"},"modified":"2017-07-07T11:39:09","modified_gmt":"2017-07-07T11:39:09","slug":"8-lipca-rusza-sprzedaz-biletow-eda-sheerana-musisz-wiedziec%e2%80%a8","status":"publish","type":"post","link":"http:\/\/muzykabeztajemnic.info.pl\/?p=9641","title":{"rendered":"8 lipca rusza sprzeda\u017c bilet\u00f3w na Eda Sheerana Co musisz wiedzie\u0107?\u2028"},"content":{"rendered":"<p><strong><img loading=\"lazy\" decoding=\"async\" class=\"alignnone size-full wp-image-8260\" src=\"https:\/\/muzykabeztajemnic.info.pl\/wp-content\/uploads\/2017\/02\/ES_Divide_S.jpg\" alt=\"\" width=\"600\" height=\"600\" srcset=\"http:\/\/muzykabeztajemnic.info.pl\/wp-content\/uploads\/2017\/02\/ES_Divide_S.jpg 600w, http:\/\/muzykabeztajemnic.info.pl\/wp-content\/uploads\/2017\/02\/ES_Divide_S-150x150.jpg 150w, http:\/\/muzykabeztajemnic.info.pl\/wp-content\/uploads\/2017\/02\/ES_Divide_S-300x300.jpg 300w\" sizes=\"auto, (max-width: 600px) 100vw, 600px\" \/><br \/>\n11 sierpnia 2018 roku Ed Sheeran wyst\u0105pi na jedynym koncercie w Polsce na PGE Narodowym w Warszawie w ramach trasy promuj\u0105cej najnowszy album \u201e\u00f7\u201d.<\/strong> 8 lipca o godzinie 11 za po\u015brednictwem\u00a0<a href=\"http:\/\/eventim.pl\/\">eventim.pl<\/a>\u00a0ruszy sprzeda\u017c bilet\u00f3w na to wydarzenie. Zobacz plan sektor\u00f3w PGE Narodowego oraz zapoznaj si\u0119 z najwa\u017cniejszymi informacjami zwi\u0105zanymi z koncertem.<\/p>\n<p>Sprzeda\u017c bilet\u00f3w na koncert Eda Sheerana rozpocznie si\u0119 8 lipca o godzinie 11 na\u00a0<a href=\"http:\/\/www.eventim.pl\/ed-sheeran\">http:\/\/www.eventim.pl<\/a>, aplikacji mobilnej Eventim PL oraz punktu Eventim ZASP (Al. Jerozolimskie, Warszawa, w godzinach 11:00 \u201315:00)\u00a0. Od 11 lipca wej\u015bci\u00f3wki b\u0119d\u0105 dost\u0119pne r\u00f3wnie\u017c stacjonarnie,\u00a0m.in. w salonach\u00a0Empik, Media Markt i Saturn.<\/p>\n<p>Dok\u0142adna lista znajduje si\u0119 pod tym linkiem:\u00a0<a href=\"https:\/\/www.eventim.pl\/tickets.html?affiliate=FRO&amp;doc=search\/ticketAgency\">https:\/\/www.eventim.pl\/tickets.html?affiliate=FRO&amp;doc=search\/ticketAgency<\/a><\/p>\n<p>Bilety na koncert Eda Sheerana s\u0105 imienne. Nie trzeba jednak podawa\u0107 danych ka\u017cdego uczestnika koncertu, wystarczy \u017ce na bilecie znajdzie si\u0119 imi\u0119 i nazwisko kupuj\u0105cego. W takim wypadku kupuj\u0105cy musi\u00a0 jednak wzi\u0105\u0107 udzia\u0142 w wydarzeniu, a pozostali uczestnicy, kt\u00f3rzy posiadaj\u0105 bilety z jego danymi musz\u0105 przej\u015b\u0107 proces sprawdzania bilet\u00f3w razem z nim. Dane nale\u017cy poda\u0107 podczas zakupu bilet\u00f3w. Dane te zostan\u0105 wydrukowane na bilecie i b\u0119d\u0105 weryfikowane z dokumentem to\u017csamo\u015bci\u00a0 (dow\u00f3d osobisty, paszport lub legitymacja szkolna) przy wej\u015bciu na koncert. Organizator zastrzega sobie prawo do odmowy uczestnictwa w koncercie posiadaczowi biletu z danymi innej osoby.<\/p>\n<p>Obowi\u0105zuje limit\u00a04 bilet\u00f3w\u00a0na klienta co oznacza, \u017ce jedna osoba mo\u017ce kupi\u0107 wy\u0142\u0105cznie\u00a0nie wi\u0119cej ni\u017c 4 bilety\u00a0(w jednym zam\u00f3wieniu lub w wi\u0119kszej ilo\u015bci zam\u00f3wie\u0144).<\/p>\n<p>Osoby, kt\u00f3re nie uko\u0144czy\u0142y do dnia koncertu szesnastego roku \u017cycia, maj\u0105 obowi\u0105zek przyj\u015b\u0107 na koncert z pe\u0142noletnim opiekunem. Przy wej\u015bciu na teren wydarzenia b\u0119d\u0105 sprawdzane legitymacje\/dokumenty potwierdzaj\u0105ce wiek uczestnik\u00f3w. Obecny na koncercie opiekun musi posiada\u0107 bilet na to wydarzenie w dowolnym sektorze. Opiekunem mo\u017ce by\u0107 osoba, kt\u00f3ra uko\u0144czy\u0142a 18 lat.<\/p>\n<p>Wej\u015bcie na koncert Eda Sheerana na PGE Narodowym 11 sierpnia 2018 roku b\u0119dzie mo\u017cliwe od godziny 16. Koncert Eda Sheerana rozpocznie si\u0119 o godzinie 21.<\/p>\n<p>Eda Sheerana ostatnio go\u015bcili\u015bmy w Polsce w 2015 roku. Wokalista wyst\u0105pi\u0142 w\u00f3wczas na warszawskim Torwarze. Bilety na to wydarzenie wyprzeda\u0142y si\u0119 w zaledwie tydzie\u0144.<\/p>\n<p><img loading=\"lazy\" decoding=\"async\" class=\"alignnone size-full wp-image-9642\" src=\"https:\/\/muzykabeztajemnic.info.pl\/wp-content\/uploads\/2017\/07\/sheeran_plan_v2-2.jpg\" alt=\"\" width=\"1000\" height=\"1310\" srcset=\"http:\/\/muzykabeztajemnic.info.pl\/wp-content\/uploads\/2017\/07\/sheeran_plan_v2-2.jpg 1000w, http:\/\/muzykabeztajemnic.info.pl\/wp-content\/uploads\/2017\/07\/sheeran_plan_v2-2-229x300.jpg 229w, http:\/\/muzykabeztajemnic.info.pl\/wp-content\/uploads\/2017\/07\/sheeran_plan_v2-2-768x1006.jpg 768w, http:\/\/muzykabeztajemnic.info.pl\/wp-content\/uploads\/2017\/07\/sheeran_plan_v2-2-458x600.jpg 458w\" sizes=\"auto, (max-width: 1000px) 100vw, 1000px\" \/><\/p>\n<p>Ceny bilet\u00f3w:<\/p>\n<p>P\u0142yta: 269 PLN<br \/>\nTrybuna Dolna: 379 PLN<br \/>\nTrybuna Dolna: 269 PLN<br \/>\nTrybuna G\u00f3rna: 229 PLN<br \/>\nTrybuna G\u00f3rna: 209 PLN<br \/>\nSektor K: 400 PLN (miejsca siedz\u0105ce na trybunach na poziomie lo\u017cy)<\/p>\n<p>Najcz\u0119\u015bciej zadawane pytania i odpowiedzi dotycz\u0105ce spraw organizacyjnych znajdziecie tutaj: <a href=\"http:\/\/www.eventim.pl\/obj\/media\/PL-eventim\/pdf\/2017\/Ed-Sheeran-FAQ.pdf\">http:\/\/www.eventim.pl\/obj\/media\/PL-eventim\/pdf\/2017\/Ed-Sheeran-FAQ.pdf\u00a0<\/a><\/p>\n","protected":false},"excerpt":{"rendered":"<p>11 sierpnia 2018 roku Ed Sheeran wyst\u0105pi na jedynym koncercie w Polsce na PGE Narodowym w Warszawie w ramach trasy promuj\u0105cej najnowszy album \u201e\u00f7\u201d. 8 lipca o godzinie 11 za po\u015brednictwem\u00a0eventim.pl\u00a0ruszy sprzeda\u017c bilet\u00f3w na to wydarzenie. Zobacz plan sektor\u00f3w PGE Narodowego oraz zapoznaj si\u0119 z najwa\u017cniejszymi informacjami zwi\u0105zanymi z koncertem. Sprzeda\u017c bilet\u00f3w na koncert Eda [&hellip;]<\/p>\n","protected":false},"author":1,"featured_media":8260,"comment_status":"closed","ping_status":"open","sticky":false,"template":"","format":"standard","meta":{"jetpack_post_was_ever_published":false,"_jetpack_newsletter_access":"","_jetpack_dont_email_post_to_subs":false,"_jetpack_newsletter_tier_id":0,"_jetpack_memberships_contains_paywalled_content":false,"_jetpack_memberships_contains_paid_content":false,"footnotes":"","jetpack_publicize_message":"","jetpack_publicize_feature_enabled":true,"jetpack_social_post_already_shared":true,"jetpack_social_options":{"image_generator_settings":{"template":"highway","default_image_id":0,"enabled":false},"version":2}},"categories":[4],"tags":[],"class_list":["post-9641","post","type-post","status-publish","format-standard","has-post-thumbnail","hentry","category-koncerty"],"jetpack_publicize_connections":[],"jetpack_featured_media_url":"http:\/\/muzykabeztajemnic.info.pl\/wp-content\/uploads\/2017\/02\/ES_Divide_S.jpg","jetpack_sharing_enabled":true,"jetpack_shortlink":"https:\/\/wp.me\/p67auQ-2vv","_links":{"self":[{"href":"http:\/\/muzykabeztajemnic.info.pl\/index.php?rest_route=\/wp\/v2\/posts\/9641","targetHints":{"allow":["GET"]}}],"collection":[{"href":"http:\/\/muzykabeztajemnic.info.pl\/index.php?rest_route=\/wp\/v2\/posts"}],"about":[{"href":"http:\/\/muzykabeztajemnic.info.pl\/index.php?rest_route=\/wp\/v2\/types\/post"}],"author":[{"embeddable":true,"href":"http:\/\/muzykabeztajemnic.info.pl\/index.php?rest_route=\/wp\/v2\/users\/1"}],"replies":[{"embeddable":true,"href":"http:\/\/muzykabeztajemnic.info.pl\/index.php?rest_route=%2Fwp%2Fv2%2Fcomments&post=9641"}],"version-history":[{"count":0,"href":"http:\/\/muzykabeztajemnic.info.pl\/index.php?rest_route=\/wp\/v2\/posts\/9641\/revisions"}],"wp:featuredmedia":[{"embeddable":true,"href":"http:\/\/muzykabeztajemnic.info.pl\/index.php?rest_route=\/wp\/v2\/media\/8260"}],"wp:attachment":[{"href":"http:\/\/muzykabeztajemnic.info.pl\/index.php?rest_route=%2Fwp%2Fv2%2Fmedia&parent=9641"}],"wp:term":[{"taxonomy":"category","embeddable":true,"href":"http:\/\/muzykabeztajemnic.info.pl\/index.php?rest_route=%2Fwp%2Fv2%2Fcategories&post=9641"},{"taxonomy":"post_tag","embeddable":true,"href":"http:\/\/muzykabeztajemnic.info.pl\/index.php?rest_route=%2Fwp%2Fv2%2Ftags&post=9641"}],"curies":[{"name":"wp","href":"https:\/\/api.w.org\/{rel}","templated":true}]}}