{"id":9426,"date":"2017-06-09T20:53:59","date_gmt":"2017-06-09T20:53:59","guid":{"rendered":"https:\/\/muzykabeztajemnic.info.pl\/?p=9426"},"modified":"2017-06-09T20:53:59","modified_gmt":"2017-06-09T20:53:59","slug":"patricia-kaas-juz-tydzien-wyjatkowe-koncerty-polsce","status":"publish","type":"post","link":"http:\/\/muzykabeztajemnic.info.pl\/?p=9426","title":{"rendered":"PATRICIA KAAS &#8211; ju\u017c za tydzie\u0144 wyj\u0105tkowe koncerty w POLSCE"},"content":{"rendered":"<p><b>Dama francuskiej scen muzycznej! Jedna z najwybitniejszych francuskich wokalistek ju\u017c za tydzie\u0144 w 4 miastach w Polsce. Ka\u017cda jej trasa koncertowa jest prawdziwym artystycznym wydarzeniem. <\/b>Rozpoznawalna na ca\u0142ym \u015bwiecie artystka stanowi kwintesencj\u0119 ducha wiecznego francuskiego chanson. Por\u00f3wnywana z niezapomnian\u0105 Marlen\u0105 Dietrich czy Edith Piaf &#8211; za niski ton g\u0142osu i otaczaj\u0105c\u0105 j\u0105 podczas wyst\u0119p\u00f3w tajemniczo\u015b\u0107. Charakterystyczna chrypka wokalistki i romantyczny j\u0119zyk wspaniale \u0142\u0105cz\u0105 si\u0119 z muzyk\u0105, daj\u0105c za ka\u017cdym razem rewelacyjny efekt.<\/p>\n<p>Trasa koncertowa promuje jej now\u0105 dziewi\u0105t\u0105 ju\u017c p\u0142yt\u0119 zatytu\u0142owan\u0105 <i>Patricia Kaas<\/i>. Widzowie us\u0142ysz\u0105 na \u017cywo najnowsze przeboje artystki, jak r\u00f3wnie\u017c te niezapomniane jak <i><b>Mademoiselle Chante Le Blues<\/b>, <b>Les Hommes Qui Passent<\/b>, <\/i>czy <i><b>Mon mec a moi<\/b>.<\/i><\/p>\n<p><b>SERDECZNIE ZAPRASZAMY!!!<\/b><\/p>\n<p><b>15 czerwca 2017 &#8211; Wroc\u0142aw &#8211; Narodowe Forum Muzyki<\/b><br \/>\n<b>16 czerwca 2017 &#8211; Krak\u00f3w &#8211; ICE Krak\u00f3w<\/b><br \/>\n<b>17 czerwca 2017 &#8211; Warszawa &#8211; Amfiteatr, Park im. Sowi\u0144skiego<\/b><br \/>\n<b>18 czerwca 2017 &#8211; Katowice &#8211; NOSPR<\/b><\/p>\n<p><b>Bilety do nabycia na:<\/b>\u00a0 <a href=\"http:\/\/www.ebilet.pl\/\">www.ebilet.pl<\/a>,\u00a0 <a href=\"http:\/\/www.eventim.pl\/\">www.eventim.pl<\/a>, <a href=\"http:\/\/www.makroconcert.pl\/\">www.makroconcert.pl<\/a> oraz w salonach Empik.<\/p>\n","protected":false},"excerpt":{"rendered":"<p>Dama francuskiej scen muzycznej! Jedna z najwybitniejszych francuskich wokalistek ju\u017c za tydzie\u0144 w 4 miastach w Polsce. Ka\u017cda jej trasa koncertowa jest prawdziwym artystycznym wydarzeniem. Rozpoznawalna na ca\u0142ym \u015bwiecie artystka stanowi kwintesencj\u0119 ducha wiecznego francuskiego chanson. Por\u00f3wnywana z niezapomnian\u0105 Marlen\u0105 Dietrich czy Edith Piaf &#8211; za niski ton g\u0142osu i otaczaj\u0105c\u0105 j\u0105 podczas wyst\u0119p\u00f3w tajemniczo\u015b\u0107. [&hellip;]<\/p>\n","protected":false},"author":1,"featured_media":0,"comment_status":"closed","ping_status":"open","sticky":false,"template":"","format":"standard","meta":{"jetpack_post_was_ever_published":false,"_jetpack_newsletter_access":"","_jetpack_dont_email_post_to_subs":false,"_jetpack_newsletter_tier_id":0,"_jetpack_memberships_contains_paywalled_content":false,"_jetpack_memberships_contains_paid_content":false,"footnotes":"","jetpack_publicize_message":"","jetpack_publicize_feature_enabled":true,"jetpack_social_post_already_shared":true,"jetpack_social_options":{"image_generator_settings":{"template":"highway","default_image_id":0,"enabled":false},"version":2}},"categories":[4],"tags":[],"class_list":["post-9426","post","type-post","status-publish","format-standard","hentry","category-koncerty"],"jetpack_publicize_connections":[],"jetpack_featured_media_url":"","jetpack_sharing_enabled":true,"jetpack_shortlink":"https:\/\/wp.me\/p67auQ-2s2","_links":{"self":[{"href":"http:\/\/muzykabeztajemnic.info.pl\/index.php?rest_route=\/wp\/v2\/posts\/9426","targetHints":{"allow":["GET"]}}],"collection":[{"href":"http:\/\/muzykabeztajemnic.info.pl\/index.php?rest_route=\/wp\/v2\/posts"}],"about":[{"href":"http:\/\/muzykabeztajemnic.info.pl\/index.php?rest_route=\/wp\/v2\/types\/post"}],"author":[{"embeddable":true,"href":"http:\/\/muzykabeztajemnic.info.pl\/index.php?rest_route=\/wp\/v2\/users\/1"}],"replies":[{"embeddable":true,"href":"http:\/\/muzykabeztajemnic.info.pl\/index.php?rest_route=%2Fwp%2Fv2%2Fcomments&post=9426"}],"version-history":[{"count":0,"href":"http:\/\/muzykabeztajemnic.info.pl\/index.php?rest_route=\/wp\/v2\/posts\/9426\/revisions"}],"wp:attachment":[{"href":"http:\/\/muzykabeztajemnic.info.pl\/index.php?rest_route=%2Fwp%2Fv2%2Fmedia&parent=9426"}],"wp:term":[{"taxonomy":"category","embeddable":true,"href":"http:\/\/muzykabeztajemnic.info.pl\/index.php?rest_route=%2Fwp%2Fv2%2Fcategories&post=9426"},{"taxonomy":"post_tag","embeddable":true,"href":"http:\/\/muzykabeztajemnic.info.pl\/index.php?rest_route=%2Fwp%2Fv2%2Ftags&post=9426"}],"curies":[{"name":"wp","href":"https:\/\/api.w.org\/{rel}","templated":true}]}}