{"id":9300,"date":"2017-05-31T17:55:40","date_gmt":"2017-05-31T17:55:40","guid":{"rendered":"https:\/\/muzykabeztajemnic.info.pl\/?p=9300"},"modified":"2017-05-31T17:55:40","modified_gmt":"2017-05-31T17:55:40","slug":"childhood-zapowiada-nowy-album-universal-high","status":"publish","type":"post","link":"http:\/\/muzykabeztajemnic.info.pl\/?p=9300","title":{"rendered":"Childhood zapowiada nowy album \u201eUniversal High\u201d!"},"content":{"rendered":"<p><img loading=\"lazy\" decoding=\"async\" class=\"alignnone size-full wp-image-9301\" src=\"https:\/\/muzykabeztajemnic.info.pl\/wp-content\/uploads\/2017\/05\/image001-1.jpg\" alt=\"\" width=\"320\" height=\"320\" srcset=\"http:\/\/muzykabeztajemnic.info.pl\/wp-content\/uploads\/2017\/05\/image001-1.jpg 320w, http:\/\/muzykabeztajemnic.info.pl\/wp-content\/uploads\/2017\/05\/image001-1-150x150.jpg 150w, http:\/\/muzykabeztajemnic.info.pl\/wp-content\/uploads\/2017\/05\/image001-1-300x300.jpg 300w\" sizes=\"auto, (max-width: 320px) 100vw, 320px\" \/><br \/>\nZesp\u00f3\u0142 Childhood zapowiedzia\u0142 sw\u00f3j drugi album \u201eUniversal High\u201d, kt\u00f3rego premiera odb\u0119dzie si\u0119 21 lipca 2017 roku. P\u0142yta uka\u017ce si\u0119 jako CD i LP.<\/p>\n<p>Kr\u0105\u017cek promuje video \u00a0\u201eCalifornian Light\u201d:<\/p>\n<p><span class=\"embed-youtube\" style=\"text-align:center; display: block;\"><iframe loading=\"lazy\" class=\"youtube-player\" width=\"800\" height=\"450\" src=\"https:\/\/www.youtube.com\/embed\/EJcB5QsMI_g%20%20?version=3&#038;rel=1&#038;showsearch=0&#038;showinfo=1&#038;iv_load_policy=1&#038;fs=1&#038;hl=pl-PL&#038;autohide=2&#038;wmode=transparent\" allowfullscreen=\"true\" style=\"border:0;\" sandbox=\"allow-scripts allow-same-origin allow-popups allow-presentation allow-popups-to-escape-sandbox\"><\/iframe><\/span><\/p>\n<p>Nagrany w Maze Studios w Atlancie latem 2016 roku materia\u0142, zosta\u0142 wyprodukowany przez legendarnego Bena H Allena III (Gnarls Barkley, Animal Collective, Deerhunter). Nowe brzmienie czerpie inspiracje z soulu lat 70-tych i takich artyst\u00f3w jak The Isley Brothers, Curtis Mayfield czy Shuggie Otis. \u201eUniversal High\u201d to prawie ponowne narodziny grupy.<\/p>\n<p>Klip do \u201eCalifornian Light\u201d to video 3-D, kt\u00f3re skupia si\u0119 na dorastaniu Bena i re\u017cysera Georgio Barbersa, 5 minut od siebie, w po\u0142udniowym Londynie.<\/p>\n<p>&nbsp;<\/p>\n<p>Lista utwor\u00f3w na \u201eUniversal High\u201d:<\/p>\n<ol>\n<li>A.M.D<\/li>\n<li>Californian Light<\/li>\n<li>Cameo<\/li>\n<li>Too Old for My Tears<\/li>\n<li>Melody Says<\/li>\n<li>Universal High<\/li>\n<li>Understanding<\/li>\n<li>Don\u2019t Have Me Back<\/li>\n<li>Nothing Ever Seems Right<\/li>\n<li>Monitor<\/li>\n<\/ol>\n","protected":false},"excerpt":{"rendered":"<p>Zesp\u00f3\u0142 Childhood zapowiedzia\u0142 sw\u00f3j drugi album \u201eUniversal High\u201d, kt\u00f3rego premiera odb\u0119dzie si\u0119 21 lipca 2017 roku. P\u0142yta uka\u017ce si\u0119 jako CD i LP. Kr\u0105\u017cek promuje video \u00a0\u201eCalifornian Light\u201d: Nagrany w Maze Studios w Atlancie latem 2016 roku materia\u0142, zosta\u0142 wyprodukowany przez legendarnego Bena H Allena III (Gnarls Barkley, Animal Collective, Deerhunter). Nowe brzmienie czerpie inspiracje [&hellip;]<\/p>\n","protected":false},"author":1,"featured_media":0,"comment_status":"closed","ping_status":"open","sticky":false,"template":"","format":"standard","meta":{"jetpack_post_was_ever_published":false,"_jetpack_newsletter_access":"","_jetpack_dont_email_post_to_subs":false,"_jetpack_newsletter_tier_id":0,"_jetpack_memberships_contains_paywalled_content":false,"_jetpack_memberships_contains_paid_content":false,"footnotes":"","jetpack_publicize_message":"","jetpack_publicize_feature_enabled":true,"jetpack_social_post_already_shared":true,"jetpack_social_options":{"image_generator_settings":{"template":"highway","default_image_id":0,"enabled":false},"version":2}},"categories":[1],"tags":[],"class_list":["post-9300","post","type-post","status-publish","format-standard","hentry","category-uncategorized"],"jetpack_publicize_connections":[],"jetpack_featured_media_url":"","jetpack_sharing_enabled":true,"jetpack_shortlink":"https:\/\/wp.me\/p67auQ-2q0","_links":{"self":[{"href":"http:\/\/muzykabeztajemnic.info.pl\/index.php?rest_route=\/wp\/v2\/posts\/9300","targetHints":{"allow":["GET"]}}],"collection":[{"href":"http:\/\/muzykabeztajemnic.info.pl\/index.php?rest_route=\/wp\/v2\/posts"}],"about":[{"href":"http:\/\/muzykabeztajemnic.info.pl\/index.php?rest_route=\/wp\/v2\/types\/post"}],"author":[{"embeddable":true,"href":"http:\/\/muzykabeztajemnic.info.pl\/index.php?rest_route=\/wp\/v2\/users\/1"}],"replies":[{"embeddable":true,"href":"http:\/\/muzykabeztajemnic.info.pl\/index.php?rest_route=%2Fwp%2Fv2%2Fcomments&post=9300"}],"version-history":[{"count":0,"href":"http:\/\/muzykabeztajemnic.info.pl\/index.php?rest_route=\/wp\/v2\/posts\/9300\/revisions"}],"wp:attachment":[{"href":"http:\/\/muzykabeztajemnic.info.pl\/index.php?rest_route=%2Fwp%2Fv2%2Fmedia&parent=9300"}],"wp:term":[{"taxonomy":"category","embeddable":true,"href":"http:\/\/muzykabeztajemnic.info.pl\/index.php?rest_route=%2Fwp%2Fv2%2Fcategories&post=9300"},{"taxonomy":"post_tag","embeddable":true,"href":"http:\/\/muzykabeztajemnic.info.pl\/index.php?rest_route=%2Fwp%2Fv2%2Ftags&post=9300"}],"curies":[{"name":"wp","href":"https:\/\/api.w.org\/{rel}","templated":true}]}}