{"id":9127,"date":"2017-05-19T20:27:27","date_gmt":"2017-05-19T20:27:27","guid":{"rendered":"https:\/\/muzykabeztajemnic.info.pl\/?p=9127"},"modified":"2017-05-19T20:27:27","modified_gmt":"2017-05-19T20:27:27","slug":"ofenbach-alma-wystapia-szczecinie-eska-music-awards-2017","status":"publish","type":"post","link":"http:\/\/muzykabeztajemnic.info.pl\/?p=9127","title":{"rendered":"Ofenbach i Alma wyst\u0105pi\u0105 w Szczecinie podczas  ESKA Music Awards 2017"},"content":{"rendered":"<p><strong><img loading=\"lazy\" decoding=\"async\" class=\"alignnone size-full wp-image-8805\" src=\"https:\/\/muzykabeztajemnic.info.pl\/wp-content\/uploads\/2017\/04\/EMA17_YSN_1_1.jpg\" alt=\"\" width=\"750\" height=\"900\" srcset=\"http:\/\/muzykabeztajemnic.info.pl\/wp-content\/uploads\/2017\/04\/EMA17_YSN_1_1.jpg 750w, http:\/\/muzykabeztajemnic.info.pl\/wp-content\/uploads\/2017\/04\/EMA17_YSN_1_1-250x300.jpg 250w, http:\/\/muzykabeztajemnic.info.pl\/wp-content\/uploads\/2017\/04\/EMA17_YSN_1_1-500x600.jpg 500w\" sizes=\"auto, (max-width: 750px) 100vw, 750px\" \/><\/strong><\/p>\n<p><strong>Francuski duet Ofenbach oraz fi\u0144ska wokalistka Alma to pierwsi ujawnieni zagraniczni arty\u015bci, kt\u00f3rzy wyst\u0105pi\u0105 17 czerwca w Szczecinie podczas ESKA Music Awards 2017. Opr\u00f3cz nich na scenie pojawi\u0105 si\u0119 tak\u017ce polskie gwiazdy: Ania D\u0105browska, Sarsa, C-BooL, Mateusz Zi\u00f3\u0142ko, Mandee, Gromee, Patryk Kum\u00f3r.<\/strong><\/p>\n<p><strong>Dorian Lo<\/strong> i <strong>Cesar de Rummel<\/strong> z zespo\u0142u <strong>Ofenbach<\/strong> zagraj\u0105 sw\u00f3j przeb\u00f3j \u201eBe Mine\u201d, dzi\u0119ki kt\u00f3remu podbili serca nie tylko rodak\u00f3w z Francji, ale tak\u017ce i reszty \u015bwiata Natomiast fi\u0144ska wokalistka <strong>Alma<\/strong> zaczaruje publiczno\u015b\u0107 elektryzuj\u0105cym g\u0142osem, wykonuj\u0105c medley dw\u00f3ch piosenek \u201eBonfire\u201d i \u201eChasing Highs\u201d. To jednak nie wszyscy zagraniczni arty\u015bci, kt\u00f3ry u\u015bwietni\u0105 swoimi wyst\u0119pami ESKA Music Awards 2017. Ju\u017c wkr\u00f3tce podane zostan\u0105 kolejne nazwiska.<\/p>\n<p>Rodzim\u0105 scen\u0119 muzyczn\u0105 w tym roku zaprezentuj\u0105 ci wykonawcy, kt\u00f3rych piosenki kr\u00f3lowa\u0142y na szczytach list przeboj\u00f3w na prze\u0142omie 2016 i 2017 roku. Podczas Gali EMA za\u015bpiewaj\u0105 m.in. <strong>Ania D\u0105browska, Sarsa, Mateusz Zi\u00f3\u0142ko, Patryk Kum\u00f3r<\/strong>. Do wsp\u00f3lnej zabawy zaprosz\u0105 tak\u017ce popularni did\u017ceje: <strong>C-BooL, Gromee i Mandee<\/strong>. Pozosta\u0142ych artyst\u00f3w, kt\u00f3rzy pojawi\u0105 si\u0119 podczas Gali, poznamy ju\u017c niebawem.<\/p>\n<p>Jak co roku podczas wyj\u0105tkowego koncertu rozstrzygni\u0119te zostanie, kt\u00f3ry z nominowanych w 6 kategoriach artyst\u00f3w otrzyma statuetk\u0119 ESKA Music Awards 2017. Uroczysta gala b\u0119dzie transmitowana przez TVP1, a relacj\u0119 na \u017cywo us\u0142ysze\u0107 b\u0119dzie mo\u017cna w Radiu ESKA. ESKA TV poka\u017ce retransmisj\u0119 z wydarzenia.<\/p>\n<p>Przypominamy, \u017ce nadal trwa g\u0142osowanie na muzycznych faworyt\u00f3w \u2013 g\u0142os mo\u017cna odda\u0107 za po\u015brednictwem strony internetowej ESKA Music Awards <a href=\"http:\/\/www.ema.eskago.pl\">www.ema.eskago.pl<\/a> do 16 czerwca do godz. 00:01.<\/p>\n<p><strong>\u00a0<\/strong><\/p>\n<p><strong>Sponsorem ESKA Music Awards Szczecin 2017 po raz pi\u0105ty jest firma Zbyszko Company, producent Energy drinka Veroni Active Energy CLASSCic Power, oraz KIA Motors. Wydarzeniu patronuje Miasto Szczecin.<\/strong><\/p>\n","protected":false},"excerpt":{"rendered":"<p>Francuski duet Ofenbach oraz fi\u0144ska wokalistka Alma to pierwsi ujawnieni zagraniczni arty\u015bci, kt\u00f3rzy wyst\u0105pi\u0105 17 czerwca w Szczecinie podczas ESKA Music Awards 2017. Opr\u00f3cz nich na scenie pojawi\u0105 si\u0119 tak\u017ce polskie gwiazdy: Ania D\u0105browska, Sarsa, C-BooL, Mateusz Zi\u00f3\u0142ko, Mandee, Gromee, Patryk Kum\u00f3r. Dorian Lo i Cesar de Rummel z zespo\u0142u Ofenbach zagraj\u0105 sw\u00f3j przeb\u00f3j \u201eBe [&hellip;]<\/p>\n","protected":false},"author":1,"featured_media":8805,"comment_status":"closed","ping_status":"open","sticky":false,"template":"","format":"standard","meta":{"jetpack_post_was_ever_published":false,"_jetpack_newsletter_access":"","_jetpack_dont_email_post_to_subs":false,"_jetpack_newsletter_tier_id":0,"_jetpack_memberships_contains_paywalled_content":false,"_jetpack_memberships_contains_paid_content":false,"footnotes":"","jetpack_publicize_message":"","jetpack_publicize_feature_enabled":true,"jetpack_social_post_already_shared":true,"jetpack_social_options":{"image_generator_settings":{"template":"highway","default_image_id":0,"enabled":false},"version":2}},"categories":[1],"tags":[],"class_list":["post-9127","post","type-post","status-publish","format-standard","has-post-thumbnail","hentry","category-uncategorized"],"jetpack_publicize_connections":[],"jetpack_featured_media_url":"http:\/\/muzykabeztajemnic.info.pl\/wp-content\/uploads\/2017\/04\/EMA17_YSN_1_1.jpg","jetpack_sharing_enabled":true,"jetpack_shortlink":"https:\/\/wp.me\/p67auQ-2nd","_links":{"self":[{"href":"http:\/\/muzykabeztajemnic.info.pl\/index.php?rest_route=\/wp\/v2\/posts\/9127","targetHints":{"allow":["GET"]}}],"collection":[{"href":"http:\/\/muzykabeztajemnic.info.pl\/index.php?rest_route=\/wp\/v2\/posts"}],"about":[{"href":"http:\/\/muzykabeztajemnic.info.pl\/index.php?rest_route=\/wp\/v2\/types\/post"}],"author":[{"embeddable":true,"href":"http:\/\/muzykabeztajemnic.info.pl\/index.php?rest_route=\/wp\/v2\/users\/1"}],"replies":[{"embeddable":true,"href":"http:\/\/muzykabeztajemnic.info.pl\/index.php?rest_route=%2Fwp%2Fv2%2Fcomments&post=9127"}],"version-history":[{"count":0,"href":"http:\/\/muzykabeztajemnic.info.pl\/index.php?rest_route=\/wp\/v2\/posts\/9127\/revisions"}],"wp:featuredmedia":[{"embeddable":true,"href":"http:\/\/muzykabeztajemnic.info.pl\/index.php?rest_route=\/wp\/v2\/media\/8805"}],"wp:attachment":[{"href":"http:\/\/muzykabeztajemnic.info.pl\/index.php?rest_route=%2Fwp%2Fv2%2Fmedia&parent=9127"}],"wp:term":[{"taxonomy":"category","embeddable":true,"href":"http:\/\/muzykabeztajemnic.info.pl\/index.php?rest_route=%2Fwp%2Fv2%2Fcategories&post=9127"},{"taxonomy":"post_tag","embeddable":true,"href":"http:\/\/muzykabeztajemnic.info.pl\/index.php?rest_route=%2Fwp%2Fv2%2Ftags&post=9127"}],"curies":[{"name":"wp","href":"https:\/\/api.w.org\/{rel}","templated":true}]}}