{"id":8804,"date":"2017-04-22T20:18:28","date_gmt":"2017-04-22T20:18:28","guid":{"rendered":"https:\/\/muzykabeztajemnic.info.pl\/?p=8804"},"modified":"2017-04-22T20:18:28","modified_gmt":"2017-04-22T20:18:28","slug":"znamy-nominowanych-eska-music-awards-2017","status":"publish","type":"post","link":"http:\/\/muzykabeztajemnic.info.pl\/?p=8804","title":{"rendered":"Znamy nominowanych do ESKA Music Awards 2017!"},"content":{"rendered":"<p><b><img loading=\"lazy\" decoding=\"async\" class=\"alignnone size-full wp-image-8805\" src=\"https:\/\/muzykabeztajemnic.info.pl\/wp-content\/uploads\/2017\/04\/EMA17_YSN_1_1.jpg\" alt=\"\" width=\"750\" height=\"900\" srcset=\"http:\/\/muzykabeztajemnic.info.pl\/wp-content\/uploads\/2017\/04\/EMA17_YSN_1_1.jpg 750w, http:\/\/muzykabeztajemnic.info.pl\/wp-content\/uploads\/2017\/04\/EMA17_YSN_1_1-250x300.jpg 250w, http:\/\/muzykabeztajemnic.info.pl\/wp-content\/uploads\/2017\/04\/EMA17_YSN_1_1-500x600.jpg 500w\" sizes=\"auto, (max-width: 750px) 100vw, 750px\" \/><\/b><\/p>\n<p><b>20 kwietnia na antenie Radia ESKA, ESKA TV, eska.pl, eskaGO, a tak\u017ce w mediach spo\u0142eczno\u015bciowych og\u0142oszone zosta\u0142y nominacje do ESKA Music Awards Szczecin 2017. Uroczysta gala wr\u0119czenia statuetek odb\u0119dzie si\u0119 17 czerwca w Szczecinie. Transmisj\u0119 z wydarzenia poka\u017c\u0105 TVP 1 i Radio ESKA.\u00a0<\/b><\/p>\n<p>To ju\u017c 16-sty raz, kiedy kapitu\u0142a ESKI przydzieli\u0142a polskim artystom nominacje do ESKA Music Awards. W tym roku arty\u015bci powalcz\u0105 o nagrody muzyczne w 6 kategoriach: <i>Najlepsza Artystka, Najlepszy Artysta, Najlepszy DJ\/ Producent, Najlepszy Hit, Najlepsze Video Roku, Najlepszy Artysta W Sieci.<\/i> W\u015br\u00f3d nominowanych znale\u017ali si\u0119:<\/p>\n<p><img decoding=\"async\" src=\"webkit-fake-url:\/\/7312BBE7-225C-46B5-BE4A-F3670F83A084\/pastedGraphic.png\" alt=\"pastedGraphic.png\" \/><\/p>\n<p>Ostateczny g\u0142os, kto otrzyma statuetk\u0119 ESKA Music Awards, maj\u0105 s\u0142uchacze Radia ESKA, widzowie ESKI\u00a0TV, u\u017cytkownicy eska.pl i eskaGo.pl. Na swoich faworyt\u00f3w mo\u017cna g\u0142osowa\u0107 za po\u015brednictwem strony internetowej ESKA Music Awards <a href=\"http:\/\/www.ema.eskago.pl\">www.ema.eskago.pl<\/a> od teraz do 16 czerwca do godz. 00:01.<\/p>\n<p><b>Sponsorem ESKA Music Awards Szczecin 2017 po raz pi\u0105ty jest firma Zbyszko Company, producent wody Veroni active Energy, oraz KIA Motors. Wydarzeniu patronuje Miasto Szczecin.<\/b><\/p>\n<p><b>Uroczysta gala wr\u0119czenia statuetek ESKA Music Awards 2017 odb\u0119dzie si\u0119\u00a0 17 czerwca w Szczecinie. Muzyczne show poka\u017ce na \u017cywo TVP 1, transmisj\u0119 live b\u0119dzie te\u017c mo\u017cna us\u0142ysze\u0107 w Radiu ESKA,<\/b><b> <\/b><b>natomiast w ESKA TV zostanie wyemitowana retransmisja.\u00a0<\/b><\/p>\n","protected":false},"excerpt":{"rendered":"<p>20 kwietnia na antenie Radia ESKA, ESKA TV, eska.pl, eskaGO, a tak\u017ce w mediach spo\u0142eczno\u015bciowych og\u0142oszone zosta\u0142y nominacje do ESKA Music Awards Szczecin 2017. Uroczysta gala wr\u0119czenia statuetek odb\u0119dzie si\u0119 17 czerwca w Szczecinie. Transmisj\u0119 z wydarzenia poka\u017c\u0105 TVP 1 i Radio ESKA.\u00a0 To ju\u017c 16-sty raz, kiedy kapitu\u0142a ESKI przydzieli\u0142a polskim artystom nominacje do [&hellip;]<\/p>\n","protected":false},"author":1,"featured_media":8805,"comment_status":"closed","ping_status":"open","sticky":false,"template":"","format":"standard","meta":{"jetpack_post_was_ever_published":false,"_jetpack_newsletter_access":"","_jetpack_dont_email_post_to_subs":false,"_jetpack_newsletter_tier_id":0,"_jetpack_memberships_contains_paywalled_content":false,"_jetpack_memberships_contains_paid_content":false,"footnotes":"","jetpack_publicize_message":"","jetpack_publicize_feature_enabled":true,"jetpack_social_post_already_shared":true,"jetpack_social_options":{"image_generator_settings":{"template":"highway","default_image_id":0,"enabled":false},"version":2}},"categories":[1],"tags":[],"class_list":["post-8804","post","type-post","status-publish","format-standard","has-post-thumbnail","hentry","category-uncategorized"],"jetpack_publicize_connections":[],"jetpack_featured_media_url":"http:\/\/muzykabeztajemnic.info.pl\/wp-content\/uploads\/2017\/04\/EMA17_YSN_1_1.jpg","jetpack_sharing_enabled":true,"jetpack_shortlink":"https:\/\/wp.me\/p67auQ-2i0","_links":{"self":[{"href":"http:\/\/muzykabeztajemnic.info.pl\/index.php?rest_route=\/wp\/v2\/posts\/8804","targetHints":{"allow":["GET"]}}],"collection":[{"href":"http:\/\/muzykabeztajemnic.info.pl\/index.php?rest_route=\/wp\/v2\/posts"}],"about":[{"href":"http:\/\/muzykabeztajemnic.info.pl\/index.php?rest_route=\/wp\/v2\/types\/post"}],"author":[{"embeddable":true,"href":"http:\/\/muzykabeztajemnic.info.pl\/index.php?rest_route=\/wp\/v2\/users\/1"}],"replies":[{"embeddable":true,"href":"http:\/\/muzykabeztajemnic.info.pl\/index.php?rest_route=%2Fwp%2Fv2%2Fcomments&post=8804"}],"version-history":[{"count":0,"href":"http:\/\/muzykabeztajemnic.info.pl\/index.php?rest_route=\/wp\/v2\/posts\/8804\/revisions"}],"wp:featuredmedia":[{"embeddable":true,"href":"http:\/\/muzykabeztajemnic.info.pl\/index.php?rest_route=\/wp\/v2\/media\/8805"}],"wp:attachment":[{"href":"http:\/\/muzykabeztajemnic.info.pl\/index.php?rest_route=%2Fwp%2Fv2%2Fmedia&parent=8804"}],"wp:term":[{"taxonomy":"category","embeddable":true,"href":"http:\/\/muzykabeztajemnic.info.pl\/index.php?rest_route=%2Fwp%2Fv2%2Fcategories&post=8804"},{"taxonomy":"post_tag","embeddable":true,"href":"http:\/\/muzykabeztajemnic.info.pl\/index.php?rest_route=%2Fwp%2Fv2%2Ftags&post=8804"}],"curies":[{"name":"wp","href":"https:\/\/api.w.org\/{rel}","templated":true}]}}