{"id":8797,"date":"2017-04-20T18:54:12","date_gmt":"2017-04-20T18:54:12","guid":{"rendered":"https:\/\/muzykabeztajemnic.info.pl\/?p=8797"},"modified":"2017-04-20T18:54:12","modified_gmt":"2017-04-20T18:54:12","slug":"kleszcz-dino-koncertowym-klipem-maxflorectv","status":"publish","type":"post","link":"http:\/\/muzykabeztajemnic.info.pl\/?p=8797","title":{"rendered":"Kleszcz &#038; DiNO z koncertowym klipem na MaxFloRecTV"},"content":{"rendered":"<div id=\"attachment_8798\" style=\"width: 810px\" class=\"wp-caption alignnone\"><img loading=\"lazy\" decoding=\"async\" aria-describedby=\"caption-attachment-8798\" class=\"size-full wp-image-8798\" src=\"https:\/\/muzykabeztajemnic.info.pl\/wp-content\/uploads\/2017\/04\/Kleszcz-podczas-koncertu-w-CK-Wiatrak-w-Zabrzu-8.04.2017.-Kadr-z-teledysku-do-TORNAD.-\u0179r\u00f3d\u0142o-MaxFloRecTV.jpg\" alt=\"\" width=\"800\" height=\"450\" srcset=\"http:\/\/muzykabeztajemnic.info.pl\/wp-content\/uploads\/2017\/04\/Kleszcz-podczas-koncertu-w-CK-Wiatrak-w-Zabrzu-8.04.2017.-Kadr-z-teledysku-do-TORNAD.-\u0179r\u00f3d\u0142o-MaxFloRecTV.jpg 800w, http:\/\/muzykabeztajemnic.info.pl\/wp-content\/uploads\/2017\/04\/Kleszcz-podczas-koncertu-w-CK-Wiatrak-w-Zabrzu-8.04.2017.-Kadr-z-teledysku-do-TORNAD.-\u0179r\u00f3d\u0142o-MaxFloRecTV-300x169.jpg 300w, http:\/\/muzykabeztajemnic.info.pl\/wp-content\/uploads\/2017\/04\/Kleszcz-podczas-koncertu-w-CK-Wiatrak-w-Zabrzu-8.04.2017.-Kadr-z-teledysku-do-TORNAD.-\u0179r\u00f3d\u0142o-MaxFloRecTV-768x432.jpg 768w, http:\/\/muzykabeztajemnic.info.pl\/wp-content\/uploads\/2017\/04\/Kleszcz-podczas-koncertu-w-CK-Wiatrak-w-Zabrzu-8.04.2017.-Kadr-z-teledysku-do-TORNAD.-\u0179r\u00f3d\u0142o-MaxFloRecTV-600x338.jpg 600w\" sizes=\"auto, (max-width: 800px) 100vw, 800px\" \/><p id=\"caption-attachment-8798\" class=\"wp-caption-text\">Kleszcz podczas koncertu w CK Wiatrak w Zabrzu (8.04.2017). Kadr z teledysku do TORNAD. \u0179r\u00f3d\u0142o &#8211; MaxFloRecTV<\/p><\/div>\n<p>&nbsp;<\/p>\n<p><b>Wczoraj\u00a0(19.04) w ramach wideoprezentacji p\u0142yty \u201eCyrk na q\u0142q\u201d Kleszcza &amp; DiNO do sieci trafi\u0142 klip do numeru \u201eTornada\u201d. Wideo powsta\u0142o 8.04 podczas premierowego koncertu w CK Wiatrak w Zabrzu. Ostrzegamy \u2013 ten materia\u0142 posiada spory \u0142adunek energetyczny!<\/b><\/p>\n<p><b>Kleszcz &amp; DiNO<\/b> przebywaj\u0105 w\u0142a\u015bnie <b>w Warszawie<\/b>, gdzie promuj\u0105 sw\u00f3j 2. wsp\u00f3lny album. Ju\u017c <b>jutro (czwartek)<\/b> rapersko-producencki duet odwiedzi sto\u0142eczny <b>Empik<\/b> przy ul. Nowy \u015awiat 15\/17. <b>Spotkanie autorskie<\/b> rozpocznie si\u0119 <b>o godz. 18<\/b>. Intensywna promocja p\u0142yty nie przeszkadza jednak artystom w przygotowywaniu niespodzianek dla fan\u00f3w. Dzi\u015b (\u015broda) Kleszcz &amp; DiNO uraczyli nas wizualizacj\u0105 kolejnego utworu z \u201e<b>Cyrku na q\u0142q<\/b>\u201d. Wideo towarzyszy \u201e<b>Tornadom<\/b>\u201d, 5. utworowi na trackli\u015bcie. Tym razem to pe\u0142noprawny, koncertowy teledysk.<\/p>\n<p><iframe loading=\"lazy\" title=\"Kleszcz &amp; DiNO - Tornada (live video) | CYRK NA Q\u0141Q\" width=\"800\" height=\"450\" src=\"https:\/\/www.youtube.com\/embed\/BAt4L6n631g?feature=oembed\" frameborder=\"0\" allow=\"accelerometer; autoplay; clipboard-write; encrypted-media; gyroscope; picture-in-picture; web-share\" referrerpolicy=\"strict-origin-when-cross-origin\" allowfullscreen><\/iframe><\/p>\n<p>Powy\u017cszy klip stworzony zosta\u0142 na bazie zdj\u0119\u0107 koncertowych sprzed niespe\u0142na 2 tygodni. To premierowy wyst\u0119p <b>Kleszcza &amp; DiNO<\/b> okiem Rados\u0142awa Beresia z <b>Ace of Art<\/b>, Aleksandra \u201eKoprucha\u201d Koz\u0142owskiego z <b>Przedmara\u0144czy <\/b>oraz <b>Wojciecha Luboja\u0144skiego<\/b> i <b>Rafa\u0142a Peikerta<\/b>. Monta\u017cem wideo zaj\u0105\u0142 si\u0119 sam <b>Kleszcz <\/b>dzia\u0142aj\u0105cy pod szyldem <b>Sick Works<\/b>. Warto doda\u0107, \u017ce za energetyczn\u0105, gitarow\u0105 parti\u0119 w \u201e<b>Tornadach<\/b>\u201d odpowiedzialny jest <b>\u0141ukasz Palutek<\/b>.<\/p>\n<p>\u201e<b>Cyrk na q\u0142q<\/b>\u201d to ju\u017c 2. po \u201e<b>HorRYM JESTem<\/b>\u201d p\u0142yta duetu Kleszcz &amp; DiNO. Jest jeszcze bardziej magiczna i ba\u015bniowa ni\u017c ta pierwsza. Zawiera <b>14 premierowych utwor\u00f3w<\/b>. Na <b>MaxFloRecTV<\/b> zaprezentowanych zosta\u0142o ju\u017c 9 z nich. Aby nie przegapi\u0107 kolejnych wizualizacji, polecamy <b>\u015bledzi\u0107 naszego fanpage&#8217;a <\/b>(<a href=\"https:\/\/www.facebook.com\/maxflorec\/?fref=ts\">https:\/\/www.fb.com\/maxflorec<\/a>)<b>\u00a0<\/b> oraz <b>subskrybowa\u0107 kana\u0142 MaxFlo na YT<\/b> (kliknij tutaj, aby by\u0107 na bie\u017c\u0105co: <a href=\"https:\/\/www.youtube.com\/user\/maxflorectv?sub_confirmation=1\">https:\/\/www.youtube.com\/user\/MAXFLORECtv?sub_confirmation=1<\/a>).<\/p>\n<p>Nowe wydawnictwo <b>Kleszcza &amp; DiNO<\/b> ukaza\u0142o si\u0119 7.04. Dost\u0119pne jest w <b>Empikach<\/b> w ca\u0142ej Polsce oraz w <b>MaxFloSklepie<\/b> pod adresem <a href=\"https:\/\/maxflosklep.pl\/pl\/searchquery\/cyrk\/1\/phot\/5?url=cyrk\">https:\/\/maxflosklep.pl\/pl\/searchquery\/cyrk\/1\/phot\/5?url=cyrk<\/a>. Patronat medialny nad kr\u0105\u017ckiem sprawuj\u0105: Interia, Hip-hop.pl, Anywhere.pl, Rap-news.eu, tygodnik \u201ePrzegl\u0105d\u201d, portal RapDuma, Empik i Hip Hop TV. Mecenatem obj\u0119\u0142a go Legalna Kultura.<\/p>\n<p><b>Tekst: Kajetan Balcer (MaxFloRec)<\/b><\/p>\n","protected":false},"excerpt":{"rendered":"<p>&nbsp; Wczoraj\u00a0(19.04) w ramach wideoprezentacji p\u0142yty \u201eCyrk na q\u0142q\u201d Kleszcza &amp; DiNO do sieci trafi\u0142 klip do numeru \u201eTornada\u201d. Wideo powsta\u0142o 8.04 podczas premierowego koncertu w CK Wiatrak w Zabrzu. Ostrzegamy \u2013 ten materia\u0142 posiada spory \u0142adunek energetyczny! Kleszcz &amp; DiNO przebywaj\u0105 w\u0142a\u015bnie w Warszawie, gdzie promuj\u0105 sw\u00f3j 2. wsp\u00f3lny album. Ju\u017c jutro (czwartek) rapersko-producencki [&hellip;]<\/p>\n","protected":false},"author":1,"featured_media":8798,"comment_status":"closed","ping_status":"open","sticky":false,"template":"","format":"standard","meta":{"jetpack_post_was_ever_published":false,"_jetpack_newsletter_access":"","_jetpack_dont_email_post_to_subs":false,"_jetpack_newsletter_tier_id":0,"_jetpack_memberships_contains_paywalled_content":false,"_jetpack_memberships_contains_paid_content":false,"footnotes":"","jetpack_publicize_message":"","jetpack_publicize_feature_enabled":true,"jetpack_social_post_already_shared":true,"jetpack_social_options":{"image_generator_settings":{"template":"highway","default_image_id":0,"enabled":false},"version":2}},"categories":[2],"tags":[],"class_list":["post-8797","post","type-post","status-publish","format-standard","has-post-thumbnail","hentry","category-albumy"],"jetpack_publicize_connections":[],"jetpack_featured_media_url":"http:\/\/muzykabeztajemnic.info.pl\/wp-content\/uploads\/2017\/04\/Kleszcz-podczas-koncertu-w-CK-Wiatrak-w-Zabrzu-8.04.2017.-Kadr-z-teledysku-do-TORNAD.-\u0179r\u00f3d\u0142o-MaxFloRecTV.jpg","jetpack_sharing_enabled":true,"jetpack_shortlink":"https:\/\/wp.me\/p67auQ-2hT","_links":{"self":[{"href":"http:\/\/muzykabeztajemnic.info.pl\/index.php?rest_route=\/wp\/v2\/posts\/8797","targetHints":{"allow":["GET"]}}],"collection":[{"href":"http:\/\/muzykabeztajemnic.info.pl\/index.php?rest_route=\/wp\/v2\/posts"}],"about":[{"href":"http:\/\/muzykabeztajemnic.info.pl\/index.php?rest_route=\/wp\/v2\/types\/post"}],"author":[{"embeddable":true,"href":"http:\/\/muzykabeztajemnic.info.pl\/index.php?rest_route=\/wp\/v2\/users\/1"}],"replies":[{"embeddable":true,"href":"http:\/\/muzykabeztajemnic.info.pl\/index.php?rest_route=%2Fwp%2Fv2%2Fcomments&post=8797"}],"version-history":[{"count":0,"href":"http:\/\/muzykabeztajemnic.info.pl\/index.php?rest_route=\/wp\/v2\/posts\/8797\/revisions"}],"wp:featuredmedia":[{"embeddable":true,"href":"http:\/\/muzykabeztajemnic.info.pl\/index.php?rest_route=\/wp\/v2\/media\/8798"}],"wp:attachment":[{"href":"http:\/\/muzykabeztajemnic.info.pl\/index.php?rest_route=%2Fwp%2Fv2%2Fmedia&parent=8797"}],"wp:term":[{"taxonomy":"category","embeddable":true,"href":"http:\/\/muzykabeztajemnic.info.pl\/index.php?rest_route=%2Fwp%2Fv2%2Fcategories&post=8797"},{"taxonomy":"post_tag","embeddable":true,"href":"http:\/\/muzykabeztajemnic.info.pl\/index.php?rest_route=%2Fwp%2Fv2%2Ftags&post=8797"}],"curies":[{"name":"wp","href":"https:\/\/api.w.org\/{rel}","templated":true}]}}