{"id":8725,"date":"2017-04-14T09:04:46","date_gmt":"2017-04-14T09:04:46","guid":{"rendered":"https:\/\/muzykabeztajemnic.info.pl\/?p=8725"},"modified":"2017-04-14T09:04:46","modified_gmt":"2017-04-14T09:04:46","slug":"organek-zlota-czarna-madonna","status":"publish","type":"post","link":"http:\/\/muzykabeztajemnic.info.pl\/?p=8725","title":{"rendered":"\u00d8RGANEK: Z\u0142ota \u201eCzarna Madonna\u201d!"},"content":{"rendered":"<p><strong><img loading=\"lazy\" decoding=\"async\" class=\"alignnone size-full wp-image-8726\" src=\"https:\/\/muzykabeztajemnic.info.pl\/wp-content\/uploads\/2017\/04\/image004.jpg\" alt=\"\" width=\"320\" height=\"320\" srcset=\"http:\/\/muzykabeztajemnic.info.pl\/wp-content\/uploads\/2017\/04\/image004.jpg 320w, http:\/\/muzykabeztajemnic.info.pl\/wp-content\/uploads\/2017\/04\/image004-150x150.jpg 150w, http:\/\/muzykabeztajemnic.info.pl\/wp-content\/uploads\/2017\/04\/image004-300x300.jpg 300w\" sizes=\"auto, (max-width: 320px) 100vw, 320px\" \/><\/strong><\/p>\n<p><strong>Z rado\u015bci\u0105 informujemy, \u017ce \u201eCzarna Madonna\u201d, album zespo\u0142u \u00d8RGANEK, uzyska\u0142 status Z\u0142otej P\u0142yty! <\/strong><\/p>\n<p>Muzycy zostali nominowani do tegorocznego Fryderyka w trzech kategoriach: za album \u201eCzarna Madonna\u201d w kategorii \u201eAlbum Roku Rock\u201d, a tak\u017ce za \u201eMississippi w ogniu\u201d w kategoriach \u201eUtw\u00f3r Roku\u201d i \u201eTeledysk Roku\u201d.<\/p>\n<p><strong>\u201eCzarnej Madonnie\u201d towarzysz\u0105 trzy klipy &#8211; ka\u017cdy inny, ka\u017cdy z ciekaw\u0105 histori\u0105: <\/strong><\/p>\n<p>&#8211; Nominowane do Fryderyka \u201eMississippi w ogniu\u201d. Autork\u0105 scenariusza teledysku i re\u017cyserk\u0105 jest Marta Kacprzak:<\/p>\n<p><iframe loading=\"lazy\" title=\"ORGANEK - Mississippi w ogniu (official video)\" width=\"800\" height=\"450\" src=\"https:\/\/www.youtube.com\/embed\/brCzJ7ygLY8?feature=oembed\" frameborder=\"0\" allow=\"accelerometer; autoplay; clipboard-write; encrypted-media; gyroscope; picture-in-picture; web-share\" referrerpolicy=\"strict-origin-when-cross-origin\" allowfullscreen><\/iframe><\/p>\n<p>&#8211; Wyre\u017cyserowany przez Jerzego Skolimowskiego obraz do tytu\u0142owej \u201eCzarnej Madonny\u201d, w kt\u00f3rym w roli g\u0142\u00f3wnej wyst\u0119puje Kora:<\/p>\n<p><span class=\"embed-youtube\" style=\"text-align:center; display: block;\"><iframe loading=\"lazy\" class=\"youtube-player\" width=\"800\" height=\"450\" src=\"https:\/\/www.youtube.com\/embed\/oq8wnimkp1o%20%20?version=3&#038;rel=1&#038;showsearch=0&#038;showinfo=1&#038;iv_load_policy=1&#038;fs=1&#038;hl=pl-PL&#038;autohide=2&#038;wmode=transparent\" allowfullscreen=\"true\" style=\"border:0;\" sandbox=\"allow-scripts allow-same-origin allow-popups allow-presentation allow-popups-to-escape-sandbox\"><\/iframe><\/span><\/p>\n<p>&#8211; Teledysk, w kt\u00f3rym wykorzystano zdj\u0119cia i kr\u00f3tkie filmu nadsy\u0142ane przez fan\u00f3w, &#8222;Wiosna&#8221;.<\/p>\n<p><span class=\"embed-youtube\" style=\"text-align:center; display: block;\"><iframe loading=\"lazy\" class=\"youtube-player\" width=\"800\" height=\"450\" src=\"https:\/\/www.youtube.com\/embed\/faTgPI4zZW4%20%20?version=3&#038;rel=1&#038;showsearch=0&#038;showinfo=1&#038;iv_load_policy=1&#038;fs=1&#038;hl=pl-PL&#038;autohide=2&#038;wmode=transparent\" allowfullscreen=\"true\" style=\"border:0;\" sandbox=\"allow-scripts allow-same-origin allow-popups allow-presentation allow-popups-to-escape-sandbox\"><\/iframe><\/span><\/p>\n<p>&nbsp;<\/p>\n<p>Album \u201eCzarna Madonna\u201d to z jednej strony kontynuacja platynowego debiutu p.t. \u201eG\u0142upi\u201d, a z drugiej niezaprzeczalny krok w prz\u00f3d. \u00d8RGANEK cytuje gatunki, konwencje i klisze, kt\u00f3re zbudowa\u0142y muzyk\u0119 XX wieku, ale te\u017c i ca\u0142\u0105 zachodni\u0105 popkultur\u0119, z kt\u00f3rej ona wyrasta. Tym razem jednak wszystko brzmi nowocze\u015bniej dzi\u0119ki z\u0142o\u017conej produkcji oraz bardziej wsp\u00f3\u0142czesnym odniesieniom do tak odleg\u0142ych stylistyk jak punk czy country. W warstwie tekstowej Organek zdaje si\u0119 dotyka\u0107 najg\u0142\u0119bszych pok\u0142ad\u00f3w swojej wra\u017cliwo\u015bci, czego dowodem jest chocia\u017cby utw\u00f3r tytu\u0142owy.<\/p>\n<p>&nbsp;<\/p>\n","protected":false},"excerpt":{"rendered":"<p>Z rado\u015bci\u0105 informujemy, \u017ce \u201eCzarna Madonna\u201d, album zespo\u0142u \u00d8RGANEK, uzyska\u0142 status Z\u0142otej P\u0142yty! Muzycy zostali nominowani do tegorocznego Fryderyka w trzech kategoriach: za album \u201eCzarna Madonna\u201d w kategorii \u201eAlbum Roku Rock\u201d, a tak\u017ce za \u201eMississippi w ogniu\u201d w kategoriach \u201eUtw\u00f3r Roku\u201d i \u201eTeledysk Roku\u201d. \u201eCzarnej Madonnie\u201d towarzysz\u0105 trzy klipy &#8211; ka\u017cdy inny, ka\u017cdy z ciekaw\u0105 [&hellip;]<\/p>\n","protected":false},"author":1,"featured_media":8726,"comment_status":"closed","ping_status":"open","sticky":false,"template":"","format":"standard","meta":{"jetpack_post_was_ever_published":false,"_jetpack_newsletter_access":"","_jetpack_dont_email_post_to_subs":false,"_jetpack_newsletter_tier_id":0,"_jetpack_memberships_contains_paywalled_content":false,"_jetpack_memberships_contains_paid_content":false,"footnotes":"","jetpack_publicize_message":"","jetpack_publicize_feature_enabled":true,"jetpack_social_post_already_shared":true,"jetpack_social_options":{"image_generator_settings":{"template":"highway","default_image_id":0,"enabled":false},"version":2}},"categories":[1],"tags":[],"class_list":["post-8725","post","type-post","status-publish","format-standard","has-post-thumbnail","hentry","category-uncategorized"],"jetpack_publicize_connections":[],"jetpack_featured_media_url":"http:\/\/muzykabeztajemnic.info.pl\/wp-content\/uploads\/2017\/04\/image004.jpg","jetpack_sharing_enabled":true,"jetpack_shortlink":"https:\/\/wp.me\/p67auQ-2gJ","_links":{"self":[{"href":"http:\/\/muzykabeztajemnic.info.pl\/index.php?rest_route=\/wp\/v2\/posts\/8725","targetHints":{"allow":["GET"]}}],"collection":[{"href":"http:\/\/muzykabeztajemnic.info.pl\/index.php?rest_route=\/wp\/v2\/posts"}],"about":[{"href":"http:\/\/muzykabeztajemnic.info.pl\/index.php?rest_route=\/wp\/v2\/types\/post"}],"author":[{"embeddable":true,"href":"http:\/\/muzykabeztajemnic.info.pl\/index.php?rest_route=\/wp\/v2\/users\/1"}],"replies":[{"embeddable":true,"href":"http:\/\/muzykabeztajemnic.info.pl\/index.php?rest_route=%2Fwp%2Fv2%2Fcomments&post=8725"}],"version-history":[{"count":0,"href":"http:\/\/muzykabeztajemnic.info.pl\/index.php?rest_route=\/wp\/v2\/posts\/8725\/revisions"}],"wp:featuredmedia":[{"embeddable":true,"href":"http:\/\/muzykabeztajemnic.info.pl\/index.php?rest_route=\/wp\/v2\/media\/8726"}],"wp:attachment":[{"href":"http:\/\/muzykabeztajemnic.info.pl\/index.php?rest_route=%2Fwp%2Fv2%2Fmedia&parent=8725"}],"wp:term":[{"taxonomy":"category","embeddable":true,"href":"http:\/\/muzykabeztajemnic.info.pl\/index.php?rest_route=%2Fwp%2Fv2%2Fcategories&post=8725"},{"taxonomy":"post_tag","embeddable":true,"href":"http:\/\/muzykabeztajemnic.info.pl\/index.php?rest_route=%2Fwp%2Fv2%2Ftags&post=8725"}],"curies":[{"name":"wp","href":"https:\/\/api.w.org\/{rel}","templated":true}]}}