{"id":817,"date":"2015-06-24T11:28:59","date_gmt":"2015-06-24T11:28:59","guid":{"rendered":"http:\/\/muzykabeztajemnic.info.pl\/?p=817"},"modified":"2015-06-24T11:28:59","modified_gmt":"2015-06-24T11:28:59","slug":"singiel-i-teledysk-damian-syjonfam-zapowiadajacy-nowy-album","status":"publish","type":"post","link":"http:\/\/muzykabeztajemnic.info.pl\/?p=817","title":{"rendered":"Singiel i teledysk Damian SyjonFam zapowiadaj\u0105cy nowy album"},"content":{"rendered":"<div id=\"attachment_818\" style=\"width: 409px\" class=\"wp-caption alignnone\"><a href=\"http:\/\/muzykabeztajemnic.info.pl\/wp-content\/uploads\/2015\/06\/Damian_SyjonFam_fot_Piotr_Dro\u00bcdzik.jpg\"><img loading=\"lazy\" decoding=\"async\" aria-describedby=\"caption-attachment-818\" class=\"size-large wp-image-818\" src=\"http:\/\/muzykabeztajemnic.info.pl\/wp-content\/uploads\/2015\/06\/Damian_SyjonFam_fot_Piotr_Dro\u00bcdzik-399x600.jpg\" alt=\"Damian SyjonFam fot Piotr Dro\u017adzik\" width=\"399\" height=\"600\" srcset=\"http:\/\/muzykabeztajemnic.info.pl\/wp-content\/uploads\/2015\/06\/Damian_SyjonFam_fot_Piotr_Dro\u00bcdzik-399x600.jpg 399w, http:\/\/muzykabeztajemnic.info.pl\/wp-content\/uploads\/2015\/06\/Damian_SyjonFam_fot_Piotr_Dro\u00bcdzik-200x300.jpg 200w, http:\/\/muzykabeztajemnic.info.pl\/wp-content\/uploads\/2015\/06\/Damian_SyjonFam_fot_Piotr_Dro\u00bcdzik.jpg 639w\" sizes=\"auto, (max-width: 399px) 100vw, 399px\" \/><\/a><p id=\"caption-attachment-818\" class=\"wp-caption-text\">Damian SyjonFam fot Piotr Dro\u017adzik<\/p><\/div>\n<p>&nbsp;<\/p>\n<p><b>&#8222;Ekonomiczna wojna&#8221; to pierwszy singiel zapowiadaj\u0105cy nowy album<\/b><b>\u00a0Damiana SyjonFam\u00a0 &#8222;To co by\u0142o, to b\u0119dzie&#8221;<\/b>, <strong>kt\u00f3rego premiera przewidziana jest na luty 2016.<\/strong><br \/>\nPremiera teledysku na kanale LouRockedTv:<\/p>\n<p><iframe loading=\"lazy\" title=\"Damian Syjonfam - Ekonomiczna wojna (official video)\" width=\"800\" height=\"450\" src=\"https:\/\/www.youtube.com\/embed\/DKRcfXPqIdQ?feature=oembed\" frameborder=\"0\" allow=\"accelerometer; autoplay; clipboard-write; encrypted-media; gyroscope; picture-in-picture; web-share\" referrerpolicy=\"strict-origin-when-cross-origin\" allowfullscreen><\/iframe><\/p>\n<p>Muzyka: Watzek Wawrzyniak<br \/>\nS\u0142owa: Damian SyjonFam<\/p>\n<p>Scenariusz i re\u017cyseria: Magdalena Dziewulska-Skoczylas<\/p>\n<p><i>W lutym 2016 uka\u017ce si\u0119 m\u00f3j najnowszy album pt. \u201eTo co by\u0142o, to b\u0119dzie\u201d.<\/i><\/p>\n<p><i>Tytu\u0142owe s\u0142owa\u00a0<\/i><i>m\u00f3wi\u0105 o tym<\/i><i>, \u017ce przesz\u0142o\u015b\u0107 jest przysz\u0142o\u015bci\u0105. Ko\u0142o si\u0119 zamyka i wracamy powoli do punktu wyj\u015bcia. Post\u0119p technologiczny zamiast rozwija\u0107 ludzi, ogranicza ich coraz bardziej. Odbiera kontakt z natur\u0105, z planet\u0105, kt\u00f3ra go \u017cywi i utrzymuje. Czas, w kt\u00f3rym te przemiany nast\u0119puj\u0105 jest coraz kr\u00f3tszy, a system jest zdominowany przez finansowe tasiemce, kt\u00f3re chc\u0105 coraz wi\u0119cej. Dlatego pracujemy wi\u0119cej, szybciej, tworz\u0105c nisk\u0105 jako\u015b\u0107. To wszystko staje si\u0119 nietrwa\u0142e i ma kr\u00f3tk\u0105 \u017cywotno\u015b\u0107.\u00a0<\/i><i>W\u0142a\u015bnie dlatego<\/i><i>\u00a0uwa\u017cam, \u017ce wszyscy ostatecznie powr\u00f3cimy mentalnie do miejsca, w kt\u00f3rym \u017cyli nasi bardzo dalecy przodkowie, kt\u00f3rzy rozumieli najprostsze i najwa\u017cniejsze warto\u015bci. Ci sami, kt\u00f3rzy rozumieli j\u0119zyk natury, z kt\u00f3r\u0105 \u017cyli w symbiozie.<\/i><\/p>\n<p>&nbsp;<\/p>\n<p><i>Singiel promuj\u0105cy ten album to \u201eEkonomiczna wojna\u201d<\/i><i>.<\/i><i>\u00a0Tekst\u00a0<\/i><i>ukazuje prawdziw\u0105 przyczyn\u0119 konflikt\u00f3w, kt\u00f3re nieprzerwanie od wiek\u00f3w\u00a0<\/i><i>trawi\u0105<\/i><i>\u00a0\u015bwiat.\u00a0<\/i><i>Ten utw\u00f3r wskazuje te\u017c drog\u0119<\/i><i>\u00a0do ich rozwi\u0105zania&#8230;<\/i><\/p>\n<p>&nbsp;<\/p>\n<p><i>Teledysk pokazuje, \u017ce ta wojna trwa od zarania dziej\u00f3w. Ka\u017cda wojna na \u015bwiecie, to wojna ekonomiczna. Gdzie ludzie w spos\u00f3b odpowiedni dla danej epoki s\u0105 poni\u017cani i t\u0142amszeni przez system, kt\u00f3ry nam zabiera zamiast dawa\u0107.\u00a0<\/i><b>Damian SyjonFam<\/b><\/p>\n","protected":false},"excerpt":{"rendered":"<p>&nbsp; &#8222;Ekonomiczna wojna&#8221; to pierwszy singiel zapowiadaj\u0105cy nowy album\u00a0Damiana SyjonFam\u00a0 &#8222;To co by\u0142o, to b\u0119dzie&#8221;, kt\u00f3rego premiera przewidziana jest na luty 2016. Premiera teledysku na kanale LouRockedTv: Muzyka: Watzek Wawrzyniak S\u0142owa: Damian SyjonFam Scenariusz i re\u017cyseria: Magdalena Dziewulska-Skoczylas W lutym 2016 uka\u017ce si\u0119 m\u00f3j najnowszy album pt. \u201eTo co by\u0142o, to b\u0119dzie\u201d. Tytu\u0142owe s\u0142owa\u00a0m\u00f3wi\u0105 o [&hellip;]<\/p>\n","protected":false},"author":1,"featured_media":818,"comment_status":"closed","ping_status":"open","sticky":false,"template":"","format":"standard","meta":{"jetpack_post_was_ever_published":false,"_jetpack_newsletter_access":"","_jetpack_dont_email_post_to_subs":false,"_jetpack_newsletter_tier_id":0,"_jetpack_memberships_contains_paywalled_content":false,"_jetpack_memberships_contains_paid_content":false,"footnotes":"","jetpack_publicize_message":"","jetpack_publicize_feature_enabled":true,"jetpack_social_post_already_shared":true,"jetpack_social_options":{"image_generator_settings":{"template":"highway","default_image_id":0,"enabled":false},"version":2}},"categories":[2,6],"tags":[],"class_list":["post-817","post","type-post","status-publish","format-standard","has-post-thumbnail","hentry","category-albumy","category-klipy"],"jetpack_publicize_connections":[],"jetpack_featured_media_url":"http:\/\/muzykabeztajemnic.info.pl\/wp-content\/uploads\/2015\/06\/Damian_SyjonFam_fot_Piotr_Dro\u00bcdzik.jpg","jetpack_sharing_enabled":true,"jetpack_shortlink":"https:\/\/wp.me\/p67auQ-db","_links":{"self":[{"href":"http:\/\/muzykabeztajemnic.info.pl\/index.php?rest_route=\/wp\/v2\/posts\/817","targetHints":{"allow":["GET"]}}],"collection":[{"href":"http:\/\/muzykabeztajemnic.info.pl\/index.php?rest_route=\/wp\/v2\/posts"}],"about":[{"href":"http:\/\/muzykabeztajemnic.info.pl\/index.php?rest_route=\/wp\/v2\/types\/post"}],"author":[{"embeddable":true,"href":"http:\/\/muzykabeztajemnic.info.pl\/index.php?rest_route=\/wp\/v2\/users\/1"}],"replies":[{"embeddable":true,"href":"http:\/\/muzykabeztajemnic.info.pl\/index.php?rest_route=%2Fwp%2Fv2%2Fcomments&post=817"}],"version-history":[{"count":0,"href":"http:\/\/muzykabeztajemnic.info.pl\/index.php?rest_route=\/wp\/v2\/posts\/817\/revisions"}],"wp:featuredmedia":[{"embeddable":true,"href":"http:\/\/muzykabeztajemnic.info.pl\/index.php?rest_route=\/wp\/v2\/media\/818"}],"wp:attachment":[{"href":"http:\/\/muzykabeztajemnic.info.pl\/index.php?rest_route=%2Fwp%2Fv2%2Fmedia&parent=817"}],"wp:term":[{"taxonomy":"category","embeddable":true,"href":"http:\/\/muzykabeztajemnic.info.pl\/index.php?rest_route=%2Fwp%2Fv2%2Fcategories&post=817"},{"taxonomy":"post_tag","embeddable":true,"href":"http:\/\/muzykabeztajemnic.info.pl\/index.php?rest_route=%2Fwp%2Fv2%2Ftags&post=817"}],"curies":[{"name":"wp","href":"https:\/\/api.w.org\/{rel}","templated":true}]}}