{"id":80,"date":"2015-04-21T13:34:39","date_gmt":"2015-04-21T13:34:39","guid":{"rendered":"http:\/\/serwer1428786.home.pl\/autoinstalator\/wordpress\/?p=80"},"modified":"2015-04-21T13:34:39","modified_gmt":"2015-04-21T13:34:39","slug":"ino-rock-festival-2015-viii-edycja-29-sierpnia-2015-inowroclaw-teatr-letni-ujawniamy-pelny-zestaw-wykonawcow","status":"publish","type":"post","link":"http:\/\/muzykabeztajemnic.info.pl\/?p=80","title":{"rendered":"INO-ROCK FESTIVAL 2015 &#8211; VIII EDYCJA \/\/ 29 sierpnia 2015 Inowroc\u0142aw, Teatr Letni \/\/ UJAWNIAMY PE\u0141NY ZESTAW WYKONAWC\u00d3W!"},"content":{"rendered":"<div><span style=\"font-family: Calibri;\"><a href=\"http:\/\/serwer1428786.home.pl\/autoinstalator\/wordpress\/wp-content\/uploads\/2015\/04\/580x120.jpg\"><img loading=\"lazy\" decoding=\"async\" class=\"alignnone size-full wp-image-81\" src=\"http:\/\/serwer1428786.home.pl\/autoinstalator\/wordpress\/wp-content\/uploads\/2015\/04\/580x120.jpg\" alt=\"580x120\" width=\"580\" height=\"120\" srcset=\"http:\/\/muzykabeztajemnic.info.pl\/wp-content\/uploads\/2015\/04\/580x120.jpg 580w, http:\/\/muzykabeztajemnic.info.pl\/wp-content\/uploads\/2015\/04\/580x120-300x62.jpg 300w\" sizes=\"auto, (max-width: 580px) 100vw, 580px\" \/><\/a><\/span><\/div>\n<div><span style=\"font-family: Calibri;\">Wydawnictwo Rock-Serwis Piotr Kosi\u0144ski\u00a0z nieukrywan\u0105 przyjemno\u015bci\u0105 ma zaszczyt zaprosi\u0107 na \u00f3sm\u0105 ju\u017c edycj\u0119\u00a0najsympatyczniejszego letniego festiwalu w Polsce &#8211;\u00a0<\/span><\/div>\n<div>\n<div><span style=\"font-family: Calibri;\">\u00a0<\/span><\/div>\n<div><span style=\"font-family: Calibri;\"><strong>festiwalu INO-ROCK<\/strong>, w samym sercu Parku Solankowego w Inowroc\u0142awiu.<\/span><\/div>\n<div><span style=\"font-family: Calibri;\">\u00a0<\/span><\/div>\n<div><\/div>\n<div><span style=\"font-family: Calibri;\">\u00a0<\/span><\/div>\n<div><span style=\"font-family: Calibri;\">W tym roku wyst\u0105pi\u0105:<\/span><\/div>\n<div><\/div>\n<div>\n<div><span style=\"font-size: large;\"><span style=\"font-family: Calibri;\"><strong><span style=\"font-size: x-large;\"><span style=\"color: #ea161e;\">FISH<\/span>\u00a0\u00a0<\/span><\/strong>\u00a0(zaprezentuje m.in. w ca\u0142o\u015bci muzyk\u0119 z albumu \u00a0<strong>Misplaced Childhood<\/strong>\u00a0 w 30. rocznic\u0119 wydania p\u0142yty),\u00a0<\/span><\/span><\/div>\n<div><\/div>\n<div><span style=\"font-size: large;\"><span style=\"font-family: Calibri;\"><strong><span style=\"color: #ea161e; font-size: x-large;\">TIM BOWNESS<\/span><\/strong>\u00a0(czyli g\u0142os\u00a0<strong>No-Man<\/strong>) ze swoim zespo\u0142em (o sensacyjnym sk\u0142adzie),\u00a0<\/span><\/span><\/div>\n<div><\/div>\n<div><span style=\"font-size: large;\"><span style=\"font-family: Calibri;\"><span style=\"font-size: x-large;\"><strong><span style=\"color: #ea161e;\">MOTORPSYCHO<\/span><\/strong>\u00a0<\/span>(kultowa psychodeliczna formacja z Norwegii istniej\u0105ca ju\u017c ponad \u0107wier\u0107 wieku &#8211; w Polsce\u00a0wyst\u0105pi\u00a0po raz pierwszy!)\u00a0<\/span><\/span><\/div>\n<div><\/div>\n<div><span style=\"font-family: Calibri; font-size: large;\">oraz polscy reprezentanci &#8211; krakowskie\u00a0<strong><span style=\"color: #ea161e; font-size: x-large;\">Millenium<\/span><\/strong>\u00a0i gdy\u0144skie\u00a0<span style=\"color: #ea161e;\"><strong><span style=\"font-size: x-large;\">State Urge<\/span><\/strong>.<\/span><\/span><\/div>\n<div><span style=\"font-family: Calibri;\">\u00a0<\/span><\/div>\n<div><\/div>\n<\/div>\n<div><span style=\"font-family: Calibri;\">\u00a0<\/span><\/div>\n<div>\n<div>\n<div id=\"x29e33308355b49e5b6c0dd740fc65359\">\n<div id=\"9cd66c9b413946e5b7f2e41c687b4040\">\n<div><span style=\"font-family: Calibri; font-size: x-large;\"><strong>29 sierpnia 2015\u00a0\u00a0\u00a0\u00a0 \u00a0 Teatr Letni\u00a0\u00a0\u00a0\u00a0\u00a0\u00a0 \u00a0INOWROC\u0141AW\u00a0\u00a0\u00a0\u00a0 start &#8211; godz. 16:30<\/strong><\/span><\/div>\n<div><span style=\"font-family: Calibri; font-size: large;\">\u00a0<\/span><\/div>\n<div><\/div>\n<div><span style=\"font-family: Calibri; font-size: large;\">Ceny bilet\u00f3w: 149,00z\u0142 (do 31.07.2015) \/\/ 159,00z\u0142 (od 1.08.2015)<br \/>\n<\/span><\/div>\n<div><span style=\"font-family: Calibri; font-size: large;\">Sprzeda\u017c bilet\u00f3w: bilety b\u0119d\u0105 dost\u0119pne na\u00a0<\/span><a title=\"Ten zewn\u0119trzny odno\u015bnik otworzy si\u0119 w nowym oknie\" href=\"http:\/\/www.rockserwis.pl\/\" target=\"_blank\"><span style=\"font-family: Calibri; font-size: large;\">www.rockserwis.pl<\/span><\/a><span style=\"font-family: Calibri; font-size: large;\">\u00a0(bilety kolekcjonerskie) oraz w salonach EMPiK, Media Markt i Saturn, punktach sprzeda\u017cy Ticketpro (<\/span><a title=\"Ten zewn\u0119trzny odno\u015bnik otworzy si\u0119 w nowym oknie\" href=\"http:\/\/www.ticketpro.pl\/\" target=\"_blank\"><span style=\"font-family: Calibri; font-size: large;\">www.ticketpro.pl<\/span><\/a><span style=\"font-family: Calibri; font-size: large;\">) i Eventim (<\/span><a title=\"Ten zewn\u0119trzny odno\u015bnik otworzy si\u0119 w nowym oknie\" href=\"http:\/\/www.eventim.pl\/\" target=\"_blank\"><span style=\"font-family: Calibri; font-size: large;\">www.eventim.pl<\/span><\/a><span style=\"font-family: Calibri; font-size: large;\">) na terenie ca\u0142ego kraju. W Inowroc\u0142awiu &#8211; w sklepie muzycznym Forte oraz w Kujawskim Centrum Kultury.<\/span><\/div>\n<div><\/div>\n<\/div>\n<\/div>\n<\/div>\n<div><\/div>\n<div><\/div>\n<\/div>\n<div><span style=\"font-family: Calibri;\">\u00a0<\/span><\/div>\n<div><span style=\"font-family: Calibri;\">Ino-Rock Festival to cykliczna impreza, kt\u00f3ra po raz pierwszy odby\u0142a si\u0119 w 2008 roku z inicjatywy Kujawskiego Centrum Kultury i muzyk\u00f3w z grupy Quidam, przy znacz\u0105cym wsparciu (i poparciu) Prezydenta Miasta Inowroc\u0142awia. Od 2009 wsp\u00f3\u0142organizatorem festiwalu jest Wydawnictwo &#8222;Rock-Serwis&#8221;. Koncerty festiwalowe odbywaj\u0105 si\u0119 w Teatrze Letnim w samym sercu Parku Solankowego. Do udzia\u0142u w festiwalu zapraszani s\u0105 wykonawcy niekoniecznie zbie\u017cni stylistycznie, jednak trafiaj\u0105cy swoj\u0105 tw\u00f3rczo\u015bci\u0105 do wra\u017cliwych s\u0142uchaczy o otwartych umys\u0142ach. Obok uznanych gwiazd pojawiaj\u0105 si\u0119 debiutanci i arty\u015bci niszowi.\u00a0<\/span><\/div>\n<div><\/div>\n<div><span style=\"font-family: Calibri;\">Podczas dotychczasowych sze\u015bciu edycji festiwalu, publiczno\u015b\u0107 mia\u0142a okazj\u0119 podziwia\u0107 w akcji nast\u0119puj\u0105cych wykonawc\u00f3w: Steve Hackett Band, Hawkwind, Focus, Anathema, Brendan Perry, Riverside, IQ,Pain Of Salvation, Mostly Autumn, Anglagard, Ozric Tentacles, Nino Katamadze &amp; Insight, Nosound, Airbag, Gazpacho, Haken, The Pineapple Thief, Soen, Wolf People, Quidam, Indukti, Lizard, Tune, Believe, Osada Vida, After, Votum, Soma White, Lebowski i hipiersoniK.\u00a0\u00a0<\/span><\/div>\n<div><\/div>\n<div><span style=\"font-family: Calibri;\">W tym roku festiwal odb\u0119dzie si\u0119 29.08.2015.\u00a0\u00a0<\/span><\/div>\n<div><\/div>\n<div><span style=\"font-family: Calibri;\">\u00a0<\/span><\/div>\n<\/div>\n<div><span style=\"font-family: Calibri;\">Organizator festiwalu:\u00a0Wydawnictwo Rock-Serwis Piotr Kosi\u0144ski \/\/\u00a0<\/span><a title=\"Ten zewn\u0119trzny odno\u015bnik otworzy si\u0119 w nowym oknie\" href=\"http:\/\/www.rockserwis.pl\/\" target=\"_blank\"><span style=\"font-family: Calibri;\">www.rockserwis.pl<\/span><\/a><\/div>\n","protected":false},"excerpt":{"rendered":"<p>Wydawnictwo Rock-Serwis Piotr Kosi\u0144ski\u00a0z nieukrywan\u0105 przyjemno\u015bci\u0105 ma zaszczyt zaprosi\u0107 na \u00f3sm\u0105 ju\u017c edycj\u0119\u00a0najsympatyczniejszego letniego festiwalu w Polsce &#8211;\u00a0 \u00a0 festiwalu INO-ROCK, w samym sercu Parku Solankowego w Inowroc\u0142awiu. \u00a0 \u00a0 W tym roku wyst\u0105pi\u0105: FISH\u00a0\u00a0\u00a0(zaprezentuje m.in. w ca\u0142o\u015bci muzyk\u0119 z albumu \u00a0Misplaced Childhood\u00a0 w 30. rocznic\u0119 wydania p\u0142yty),\u00a0 TIM BOWNESS\u00a0(czyli g\u0142os\u00a0No-Man) ze swoim zespo\u0142em (o [&hellip;]<\/p>\n","protected":false},"author":1,"featured_media":81,"comment_status":"open","ping_status":"open","sticky":false,"template":"","format":"standard","meta":{"jetpack_post_was_ever_published":false,"_jetpack_newsletter_access":"","_jetpack_dont_email_post_to_subs":false,"_jetpack_newsletter_tier_id":0,"_jetpack_memberships_contains_paywalled_content":false,"_jetpack_memberships_contains_paid_content":false,"footnotes":"","jetpack_publicize_message":"","jetpack_publicize_feature_enabled":true,"jetpack_social_post_already_shared":false,"jetpack_social_options":{"image_generator_settings":{"template":"highway","default_image_id":0,"enabled":false},"version":2}},"categories":[1],"tags":[],"class_list":["post-80","post","type-post","status-publish","format-standard","has-post-thumbnail","hentry","category-uncategorized"],"jetpack_publicize_connections":[],"jetpack_featured_media_url":"http:\/\/muzykabeztajemnic.info.pl\/wp-content\/uploads\/2015\/04\/580x120.jpg","jetpack_sharing_enabled":true,"jetpack_shortlink":"https:\/\/wp.me\/p67auQ-1i","_links":{"self":[{"href":"http:\/\/muzykabeztajemnic.info.pl\/index.php?rest_route=\/wp\/v2\/posts\/80","targetHints":{"allow":["GET"]}}],"collection":[{"href":"http:\/\/muzykabeztajemnic.info.pl\/index.php?rest_route=\/wp\/v2\/posts"}],"about":[{"href":"http:\/\/muzykabeztajemnic.info.pl\/index.php?rest_route=\/wp\/v2\/types\/post"}],"author":[{"embeddable":true,"href":"http:\/\/muzykabeztajemnic.info.pl\/index.php?rest_route=\/wp\/v2\/users\/1"}],"replies":[{"embeddable":true,"href":"http:\/\/muzykabeztajemnic.info.pl\/index.php?rest_route=%2Fwp%2Fv2%2Fcomments&post=80"}],"version-history":[{"count":0,"href":"http:\/\/muzykabeztajemnic.info.pl\/index.php?rest_route=\/wp\/v2\/posts\/80\/revisions"}],"wp:featuredmedia":[{"embeddable":true,"href":"http:\/\/muzykabeztajemnic.info.pl\/index.php?rest_route=\/wp\/v2\/media\/81"}],"wp:attachment":[{"href":"http:\/\/muzykabeztajemnic.info.pl\/index.php?rest_route=%2Fwp%2Fv2%2Fmedia&parent=80"}],"wp:term":[{"taxonomy":"category","embeddable":true,"href":"http:\/\/muzykabeztajemnic.info.pl\/index.php?rest_route=%2Fwp%2Fv2%2Fcategories&post=80"},{"taxonomy":"post_tag","embeddable":true,"href":"http:\/\/muzykabeztajemnic.info.pl\/index.php?rest_route=%2Fwp%2Fv2%2Ftags&post=80"}],"curies":[{"name":"wp","href":"https:\/\/api.w.org\/{rel}","templated":true}]}}