{"id":7801,"date":"2016-12-30T18:14:00","date_gmt":"2016-12-30T18:14:00","guid":{"rendered":"https:\/\/muzykabeztajemnic.info.pl\/?p=7801"},"modified":"2016-12-30T18:14:00","modified_gmt":"2016-12-30T18:14:00","slug":"pogodno-sokisci-chca-milosci-starym-klasztorze","status":"publish","type":"post","link":"http:\/\/muzykabeztajemnic.info.pl\/?p=7801","title":{"rendered":"POGODNO &#8211; \u201eSoki\u015bci chc\u0105 mi\u0142o\u015bci\u201d w Starym Klasztorze!"},"content":{"rendered":"<p align=\"CENTER\"><span style=\"color: #000000;\">Zesp\u00f3\u0142 Pogodno nagra\u0142 now\u0105 p\u0142yt\u0119 i zaprasza wroc\u0142awsk\u0105 publiczno\u015b\u0107 na koncert!<\/span><\/p>\n<p align=\"CENTER\"><span style=\"color: #000000;\">27 stycznia w Sali Gotyckiej w Starym Klasztorze b\u0119dzie mo\u017cna us\u0142ysze\u0107 premierowy materia\u0142 z nowej p\u0142yty pt. \u201eSoki\u015bci chc\u0105 mi\u0142o\u015bci\u201d oraz kilka starszych utwor\u00f3w w zupe\u0142nie nowych aran\u017cacjach.<\/span><\/p>\n<p align=\"CENTER\"><span style=\"color: #000000;\">W tym roku mija 15 lat od ukazania si\u0119 singla \u201eOrkiestra\u201d , jednego z najwi\u0119kszych przeboj\u00f3w POGODNO, zespo\u0142u kt\u00f3ry odrodzi\u0142 si\u0119 w\u0142a\u015bnie jak Feniks z popio\u0142\u00f3w w swoim najsilniejszym sk\u0142adzie:<\/span><\/p>\n<p align=\"CENTER\"><span style=\"color: #000000;\">Jacek Szymkiewicz, Micha\u0142 Pfeif, Marcin Macuk i Jaros\u0142aw Koz\u0142owski &#8211;\u00a0 przez wielu uznawanym za najlepszy koncertowy zesp\u00f3\u0142 w kraju.<\/span><\/p>\n<p align=\"CENTER\"><span style=\"color: #000000;\">W tak zwanym mi\u0119dzyczasie cz\u0142onkowie Pogodno zajmowali si\u0119 pisaniem i produkowaniem\u00a0piosenek dla innych wykonawc\u00f3w (m.in.\u00a0Nosowska, Brodka, Natalia Nykiel, Marek Dyjak),<\/span><\/p>\n<p align=\"CENTER\"><span style=\"color: #000000;\">graniem w \u00a0formacjach Hey, BiFF oraz Zbigniew Wodecki &amp; Mitch &amp; Mitch.<\/span><\/p>\n<p align=\"CENTER\"><span style=\"color: #000000;\">27.01.17 godz.20.00 Sala Gotycka w Starym Klasztorze, ul. Purkyniego 1<\/span><\/p>\n<p align=\"CENTER\"><span style=\"color: #000000;\">POGODNO \u201eSoki\u015bci chc\u0105 mi\u0142o\u015bci\u201d<\/span><\/p>\n<p align=\"CENTER\"><span style=\"color: #000000;\">bilety: 35 z\u0142 \u2013 100 szt. wy\u0142\u0105cznie rezerwacje: <a href=\"mailto:bilety@o2.pl\">bilety@o2.pl<\/a>, 40 z\u0142 \u2013 przedsprzeda\u017c, 45 z\u0142 \u2013 w dniu koncertu<\/span><\/p>\n<p align=\"CENTER\"><span style=\"color: #000000;\">miejsca siedz\u0105ce ( balkon) \u2013 50 z\u0142<\/span><\/p>\n<p align=\"CENTER\"><span style=\"color: #000000;\">Bilety dost\u0119pne w sieci salon\u00f3w Empik, Saturn i MediaMarkt w ca\u0142ej Polsce<\/span><\/p>\n<p align=\"CENTER\"><span style=\"color: #000000;\">oraz w serwisach: <a href=\"http:\/\/www.biletin.pl\">www.biletin.pl<\/a>, <a href=\"http:\/\/www.ticketpro.pl\">www.ticketpro.pl<\/a>, <a href=\"http:\/\/www.biletyna.pl\">www.biletyna.pl<\/a><\/span><\/p>\n<p align=\"CENTER\"><span style=\"color: #000000;\">rezerwacje: <a href=\"mailto:bilety@o2.pl\">bilety@o2.pl<\/a><\/span><\/p>\n","protected":false},"excerpt":{"rendered":"<p>Zesp\u00f3\u0142 Pogodno nagra\u0142 now\u0105 p\u0142yt\u0119 i zaprasza wroc\u0142awsk\u0105 publiczno\u015b\u0107 na koncert! 27 stycznia w Sali Gotyckiej w Starym Klasztorze b\u0119dzie mo\u017cna us\u0142ysze\u0107 premierowy materia\u0142 z nowej p\u0142yty pt. \u201eSoki\u015bci chc\u0105 mi\u0142o\u015bci\u201d oraz kilka starszych utwor\u00f3w w zupe\u0142nie nowych aran\u017cacjach. W tym roku mija 15 lat od ukazania si\u0119 singla \u201eOrkiestra\u201d , jednego z najwi\u0119kszych przeboj\u00f3w [&hellip;]<\/p>\n","protected":false},"author":1,"featured_media":0,"comment_status":"closed","ping_status":"open","sticky":false,"template":"","format":"standard","meta":{"jetpack_post_was_ever_published":false,"_jetpack_newsletter_access":"","_jetpack_dont_email_post_to_subs":false,"_jetpack_newsletter_tier_id":0,"_jetpack_memberships_contains_paywalled_content":false,"_jetpack_memberships_contains_paid_content":false,"footnotes":"","jetpack_publicize_message":"","jetpack_publicize_feature_enabled":true,"jetpack_social_post_already_shared":true,"jetpack_social_options":{"image_generator_settings":{"template":"highway","default_image_id":0,"enabled":false},"version":2}},"categories":[4],"tags":[],"class_list":["post-7801","post","type-post","status-publish","format-standard","hentry","category-koncerty"],"jetpack_publicize_connections":[],"jetpack_featured_media_url":"","jetpack_sharing_enabled":true,"jetpack_shortlink":"https:\/\/wp.me\/p67auQ-21P","_links":{"self":[{"href":"http:\/\/muzykabeztajemnic.info.pl\/index.php?rest_route=\/wp\/v2\/posts\/7801","targetHints":{"allow":["GET"]}}],"collection":[{"href":"http:\/\/muzykabeztajemnic.info.pl\/index.php?rest_route=\/wp\/v2\/posts"}],"about":[{"href":"http:\/\/muzykabeztajemnic.info.pl\/index.php?rest_route=\/wp\/v2\/types\/post"}],"author":[{"embeddable":true,"href":"http:\/\/muzykabeztajemnic.info.pl\/index.php?rest_route=\/wp\/v2\/users\/1"}],"replies":[{"embeddable":true,"href":"http:\/\/muzykabeztajemnic.info.pl\/index.php?rest_route=%2Fwp%2Fv2%2Fcomments&post=7801"}],"version-history":[{"count":0,"href":"http:\/\/muzykabeztajemnic.info.pl\/index.php?rest_route=\/wp\/v2\/posts\/7801\/revisions"}],"wp:attachment":[{"href":"http:\/\/muzykabeztajemnic.info.pl\/index.php?rest_route=%2Fwp%2Fv2%2Fmedia&parent=7801"}],"wp:term":[{"taxonomy":"category","embeddable":true,"href":"http:\/\/muzykabeztajemnic.info.pl\/index.php?rest_route=%2Fwp%2Fv2%2Fcategories&post=7801"},{"taxonomy":"post_tag","embeddable":true,"href":"http:\/\/muzykabeztajemnic.info.pl\/index.php?rest_route=%2Fwp%2Fv2%2Ftags&post=7801"}],"curies":[{"name":"wp","href":"https:\/\/api.w.org\/{rel}","templated":true}]}}