{"id":780,"date":"2015-06-16T09:30:43","date_gmt":"2015-06-16T09:30:43","guid":{"rendered":"http:\/\/muzykabeztajemnic.info.pl\/?p=780"},"modified":"2015-06-16T09:30:43","modified_gmt":"2015-06-16T09:30:43","slug":"florence-the-machine-12-grudnia-w-lodzkiej-atlas-arenie","status":"publish","type":"post","link":"http:\/\/muzykabeztajemnic.info.pl\/?p=780","title":{"rendered":"Florence + The Machine 12 grudnia w \u0142\u00f3dzkiej Atlas Arenie!"},"content":{"rendered":"<p><b><a href=\"http:\/\/muzykabeztajemnic.info.pl\/wp-content\/uploads\/2015\/06\/Florence.jpg\"><img loading=\"lazy\" decoding=\"async\" class=\"alignnone size-large wp-image-781\" src=\"http:\/\/muzykabeztajemnic.info.pl\/wp-content\/uploads\/2015\/06\/Florence-600x408.jpg\" alt=\"Florence\" width=\"600\" height=\"408\" srcset=\"http:\/\/muzykabeztajemnic.info.pl\/wp-content\/uploads\/2015\/06\/Florence-600x408.jpg 600w, http:\/\/muzykabeztajemnic.info.pl\/wp-content\/uploads\/2015\/06\/Florence-300x204.jpg 300w\" sizes=\"auto, (max-width: 600px) 100vw, 600px\" \/><\/a><\/b><\/p>\n<p><b>Agencja Go Ahead z przyjemno\u015bci\u0105 zaprasza na koncert Florence + The Machine! Florence Welch z zespo\u0142em zobaczy\u0107 b\u0119dzie mo\u017cna 12 grudnia w \u0142\u00f3dzkiej Atlas Arenie.<\/b><\/p>\n<p>Gwiazd\u0105 pop sta\u0142a si\u0119 ju\u017c po premierze pierwszego albumu. \u201eLungs\u201d ukaza\u0142o si\u0119 na rynku w 2009 roku i dzi\u0119ki singlom takim jak \u201eDog Days Are Over\u201d, \u201eRabbit Heart (Raise It Up)\u201d czy \u201eYou\u2019ve Got The Love\u201d p\u0142yta bardzo d\u0142ugo utrzymywa\u0142a si\u0119 w zestawieniach najlepiej sprzedaj\u0105cych si\u0119 kr\u0105\u017ck\u00f3w na ca\u0142ym \u015bwiecie. Debiutuj\u0105ca Florence zgarn\u0119\u0142a wtedy te\u017c m.in. nagrod\u0119 Critic\u2019s Choice na Brit Awards czy Best UK and Ireland New Act na MTV Europe Music Awards, zaj\u0119\u0142a te\u017c trzecie miejsce w presti\u017cowym plebiscycie BBC Sound of 2009.<br \/>\nOczekiwania zwi\u0105zane z drug\u0105 p\u0142yt\u0105 Florence + The Machine by\u0142y ogromne, ale zar\u00f3wno krytyka jak i publiczno\u015b\u0107 przyj\u0119\u0142y j\u0105 bardzo dobrze. \u201eCeremonials\u201d ukaza\u0142a si\u0119 w 2011 roku, promowana przez single \u201eWhat the Water Gave Me\u201d czy \u201eShake It Out\u201d. Wydawnictwo poci\u0105gn\u0119\u0142o za sob\u0105 intensywn\u0105 promocj\u0119 \u2013 Florence koncertowa\u0142a na ca\u0142ym \u015bwiecie, przez ponad dwa lata.<\/p>\n<p>To w\u0142a\u015bnie bardzo intensywna trasa koncertowa sprowokowa\u0142a Florence Welch do wycofania si\u0119 z show biznesu i skupienia na \u017cyciu prywatnym. W rezultacie piosenki, kt\u00f3re stworzy\u0142a na nowy album s\u0105 znacznie bardziej osadzone w rzeczywisto\u015bci, ni\u017c na poprzednich kr\u0105\u017ckach. \u201e\u201dCeremonials\u201d w du\u017cej mierze koncentrowa\u0142o si\u0119 na tematach zwi\u0105zanych ze \u015bmierci\u0105 i wod\u0105, natomiast ten album opowiada o uczeniu si\u0119 jak \u017cy\u0107 i jak kocha\u0107 w realnym \u015bwiecie raczej ni\u017c o uciekaniu od niego. &#8222;To dosy\u0107 przera\u017caj\u0105ce, bo w ten spos\u00f3b za niczym si\u0119 nie chowam, ale czu\u0142am, \u017ce tak ma by\u0107&#8221; &#8211; m\u00f3wi o \u201eHow Big, How Blue, How Beautiful\u201d Florence.<br \/>\nP\u0142yta ukaza\u0142a si\u0119 na pocz\u0105tku czerwca i sk\u0142ada si\u0119 na ni\u0105 11 utwor\u00f3w (a w wersji deluxe 16!), kt\u00f3re powsta\u0142y dzi\u0119ki wsp\u00f3\u0142pracy m.in. z Paulem Epworthem, doskonale znanym z poprzednich kompozycji Florence i Markusem Dravsem, odpowiedzialnym za brzmienie album\u00f3w Arcade Fire czy Bj\u00f6rk. \u201eMarcus pracowa\u0142 z Bjork przy \u201eHomogenic\u201d, kt\u00f3ra jest dla mnie bardzo wa\u017cn\u0105 p\u0142yt\u0105. Czu\u0142am, \u017ce znale\u017ali\u015bmy r\u00f3wnowag\u0119 pomi\u0119dzy \u017cywym graniem, a elektronik\u0105 \u0142\u0105cz\u0105c te dwa \u015bwiaty. Chcia\u0142am stworzy\u0107 pot\u0119\u017cne brzmienie, kt\u00f3re by\u0142oby jednocze\u015bnie delikatne\u201d &#8211; opowiada o wsp\u00f3\u0142pracy z Dravsem Florence.<\/p>\n<p>W zwi\u0105zku z premier\u0105 albumu \u201eHow Big, How Blue, How Beautiful\u201d Florence + The Machine rozpoczynaj\u0105 kolejne \u015bwiatowe tournee. Na trasie na szcz\u0119\u015bcie nie zabraknie Polski!<\/p>\n<p><b>Wej\u015bci\u00f3wki na koncert w \u0141odzi dost\u0119pne b\u0119d\u0105 od 19 czerwca na stronach\u00a0<a class=\"moz-txt-link-abbreviated\" title=\"Ten zewn\u0119trzny odno\u015bnik otworzy si\u0119 w nowym oknie\" href=\"http:\/\/www.go-ahead.pl\/\" target=\"_blank\">www.go-ahead.pl<\/a>,\u00a0<a class=\"moz-txt-link-abbreviated\" title=\"Ten zewn\u0119trzny odno\u015bnik otworzy si\u0119 w nowym oknie\" href=\"http:\/\/www.biletomat.pl\/\" target=\"_blank\">www.biletomat.pl<\/a>,\u00a0<a class=\"moz-txt-link-abbreviated\" title=\"Ten zewn\u0119trzny odno\u015bnik otworzy si\u0119 w nowym oknie\" href=\"http:\/\/www.eventim.pl\/\" target=\"_blank\">www.eventim.pl<\/a>,\u00a0<a class=\"moz-txt-link-abbreviated\" title=\"Ten zewn\u0119trzny odno\u015bnik otworzy si\u0119 w nowym oknie\" href=\"http:\/\/www.ebilet.pl\/\" target=\"_blank\">www.ebilet.pl<\/a>,\u00a0<a class=\"moz-txt-link-abbreviated\" title=\"Ten zewn\u0119trzny odno\u015bnik otworzy si\u0119 w nowym oknie\" href=\"http:\/\/www.ticketpro.pl\/\" target=\"_blank\">www.ticketpro.pl<\/a>oraz w sklepach sieci Empik, Media Markt i Saturn.<\/b><\/p>\n<p><b>Zapraszamy!<\/b><\/p>\n","protected":false},"excerpt":{"rendered":"<p>Agencja Go Ahead z przyjemno\u015bci\u0105 zaprasza na koncert Florence + The Machine! Florence Welch z zespo\u0142em zobaczy\u0107 b\u0119dzie mo\u017cna 12 grudnia w \u0142\u00f3dzkiej Atlas Arenie. Gwiazd\u0105 pop sta\u0142a si\u0119 ju\u017c po premierze pierwszego albumu. \u201eLungs\u201d ukaza\u0142o si\u0119 na rynku w 2009 roku i dzi\u0119ki singlom takim jak \u201eDog Days Are Over\u201d, \u201eRabbit Heart (Raise It [&hellip;]<\/p>\n","protected":false},"author":1,"featured_media":781,"comment_status":"closed","ping_status":"open","sticky":false,"template":"","format":"standard","meta":{"jetpack_post_was_ever_published":false,"_jetpack_newsletter_access":"","_jetpack_dont_email_post_to_subs":false,"_jetpack_newsletter_tier_id":0,"_jetpack_memberships_contains_paywalled_content":false,"_jetpack_memberships_contains_paid_content":false,"footnotes":"","jetpack_publicize_message":"","jetpack_publicize_feature_enabled":true,"jetpack_social_post_already_shared":true,"jetpack_social_options":{"image_generator_settings":{"template":"highway","default_image_id":0,"enabled":false},"version":2}},"categories":[4],"tags":[],"class_list":["post-780","post","type-post","status-publish","format-standard","has-post-thumbnail","hentry","category-koncerty"],"jetpack_publicize_connections":[],"jetpack_featured_media_url":"http:\/\/muzykabeztajemnic.info.pl\/wp-content\/uploads\/2015\/06\/Florence.jpg","jetpack_sharing_enabled":true,"jetpack_shortlink":"https:\/\/wp.me\/p67auQ-cA","_links":{"self":[{"href":"http:\/\/muzykabeztajemnic.info.pl\/index.php?rest_route=\/wp\/v2\/posts\/780","targetHints":{"allow":["GET"]}}],"collection":[{"href":"http:\/\/muzykabeztajemnic.info.pl\/index.php?rest_route=\/wp\/v2\/posts"}],"about":[{"href":"http:\/\/muzykabeztajemnic.info.pl\/index.php?rest_route=\/wp\/v2\/types\/post"}],"author":[{"embeddable":true,"href":"http:\/\/muzykabeztajemnic.info.pl\/index.php?rest_route=\/wp\/v2\/users\/1"}],"replies":[{"embeddable":true,"href":"http:\/\/muzykabeztajemnic.info.pl\/index.php?rest_route=%2Fwp%2Fv2%2Fcomments&post=780"}],"version-history":[{"count":0,"href":"http:\/\/muzykabeztajemnic.info.pl\/index.php?rest_route=\/wp\/v2\/posts\/780\/revisions"}],"wp:featuredmedia":[{"embeddable":true,"href":"http:\/\/muzykabeztajemnic.info.pl\/index.php?rest_route=\/wp\/v2\/media\/781"}],"wp:attachment":[{"href":"http:\/\/muzykabeztajemnic.info.pl\/index.php?rest_route=%2Fwp%2Fv2%2Fmedia&parent=780"}],"wp:term":[{"taxonomy":"category","embeddable":true,"href":"http:\/\/muzykabeztajemnic.info.pl\/index.php?rest_route=%2Fwp%2Fv2%2Fcategories&post=780"},{"taxonomy":"post_tag","embeddable":true,"href":"http:\/\/muzykabeztajemnic.info.pl\/index.php?rest_route=%2Fwp%2Fv2%2Ftags&post=780"}],"curies":[{"name":"wp","href":"https:\/\/api.w.org\/{rel}","templated":true}]}}