{"id":7798,"date":"2016-12-30T18:13:12","date_gmt":"2016-12-30T18:13:12","guid":{"rendered":"https:\/\/muzykabeztajemnic.info.pl\/?p=7798"},"modified":"2016-12-30T18:13:12","modified_gmt":"2016-12-30T18:13:12","slug":"pawel-domagala-zaspiewa-starym-klasztorze","status":"publish","type":"post","link":"http:\/\/muzykabeztajemnic.info.pl\/?p=7798","title":{"rendered":"PAWE\u0141 DOMAGA\u0141A za\u015bpiewa w Starym Klasztorze!"},"content":{"rendered":"<p align=\"CENTER\"><span style=\"color: #000000;\"><span style=\"font-family: 'Times New Roman', serif;\"><span style=\"font-size: medium;\"><span lang=\"en-US\">Znany z telewizyjnych ekran\u00f3w aktor, Pawe\u0142 Domaga\u0142a przyje\u017cd\u017ca do Wroc\u0142awia, aby promowa\u0107 swoj\u0105 debiutancka p\u0142yt\u0119 \u201eOpowiem Ci o mnie\u201d.<\/span><\/span><\/span><\/span><\/p>\n<p align=\"CENTER\"><span style=\"color: #000000;\"><span style=\"font-family: 'Times New Roman', serif;\"><span style=\"font-size: medium;\"><span lang=\"en-US\">Koncert odb\u0119dzie si\u0119 16 marca w Sali Gotyckiej w Starym Klasztorze przy ul. Purkyniego 1.<\/span><\/span><\/span><\/span><\/p>\n<p align=\"CENTER\"><span style=\"color: #000000;\"><span style=\"font-family: 'Times New Roman', serif;\"><span style=\"font-size: medium;\"><span lang=\"en-US\">Pawe\u0142 Domaga\u0142a to jeden z najbardziej rozpoznawanych aktor\u00f3w m\u0142odego pokolenia. <\/span><\/span><\/span><\/span><\/p>\n<p align=\"CENTER\"><span style=\"color: #000000;\"><span style=\"font-family: 'Times New Roman', serif;\"><span style=\"font-size: medium;\"><span lang=\"en-US\">W\u00a0jego dorobku znajduje si\u0119 wiele r\u00f3l teatralnych, serialowych, a tak\u017ce filmowych. <\/span><\/span><\/span><\/span><\/p>\n<p align=\"CENTER\"><span style=\"color: #000000;\"><span style=\"font-family: 'Times New Roman', serif;\"><span style=\"font-size: medium;\"><span lang=\"en-US\">Nie ka\u017cdy jednak wie, \u017ce drug\u0105 najwi\u0119ksz\u0105 pasj\u0105 Paw\u0142a opr\u00f3cz aktorstwa jest muzyka. Pisze i wykonuje swoje piosenki od wielu lat, spe\u0142niaj\u0105c si\u0119 w artystycznie r\u00f3wnie\u017c na\u00a0tym polu.<\/span><\/span><\/span><\/span><\/p>\n<p align=\"CENTER\"><span style=\"color: #000000;\">\u201e<span style=\"font-family: 'Times New Roman', serif;\"><span style=\"font-size: medium;\"><span lang=\"en-US\">Opowiem Ci o mnie\u201d to d\u0142ugo wyczekiwany debiutancki album Paw\u0142a Domaga\u0142y. Album, wed\u0142ug zapowiedzi, b\u0119dzie bardzo intymny, osobisty, niepozbawiony jednak \u015bwiez<\/span><\/span><\/span><\/span><\/p>\n<p align=\"CENTER\"><span style=\"color: #000000;\"><span style=\"font-family: 'Times New Roman', serif;\"><span style=\"font-size: medium;\"><span lang=\"en-US\">ych popowych melodii. O brzmienie i aranz<\/span><\/span><\/span><\/span><\/p>\n<p align=\"CENTER\"><span style=\"color: #000000;\"><span style=\"font-family: 'Times New Roman', serif;\"><span style=\"font-size: medium;\"><span lang=\"en-US\">acje zadba\u0142 \u0141ukasz Borowiecki, jest on r\u00f3wniez<\/span><\/span><\/span><\/span><\/p>\n<p align=\"CENTER\"><span style=\"color: #000000;\"> <span style=\"font-family: 'Times New Roman', serif;\"><span style=\"font-size: medium;\"><span lang=\"en-US\">wsp\u00f3\u0142autorem muzyki. <\/span><\/span><\/span><\/span><\/p>\n<p align=\"CENTER\"><span style=\"color: #000000;\"><span style=\"font-family: 'Times New Roman', serif;\"><span style=\"font-size: medium;\"><span lang=\"en-US\">Teksty piosenek Paw\u0142a s\u0105 bardzo osobiste, ale jednocze\u015bnie proste w przekazie &#8211; opr\u00f3cz mi\u0142o\u015bci Domaga\u0142a porusza r\u00f3wniez<\/span><\/span><\/span><\/span><\/p>\n<p align=\"CENTER\"><span style=\"color: #000000;\"> <span style=\"font-family: 'Times New Roman', serif;\"><span style=\"font-size: medium;\"><span lang=\"en-US\">takie tematy jak wiara, przebaczenie, spok\u00f3j wewn\u0119trzny. <\/span><\/span><\/span><\/span><\/p>\n<p align=\"CENTER\"><span style=\"color: #000000;\"><span style=\"font-family: 'Times New Roman', serif;\"><span style=\"font-size: medium;\"><span lang=\"en-US\">Je\u015bli chodzi o brzmienie i charakter muzyki \u2013 wbrew temu, co mo\u017cna by zak\u0142ada\u0107 \u2013 nie jest to piosenka aktorska. Wi\u0119cej mo\u017cna tu odnale\u017a\u0107 d\u017awi\u0119k\u00f3w pokrewnych tw\u00f3rczo\u015bci Johna Mayera, Dave Matthews Band czy Mamford and Sons. <\/span><\/span><\/span><\/span><\/p>\n<p align=\"CENTER\"><span style=\"color: #000000;\"><span style=\"font-family: 'Times New Roman', serif;\"><span style=\"font-size: medium;\"><span lang=\"en-US\">Publiczno\u015b\u0107 mia\u0142a okazj\u0119 ju\u017c zapozna\u0107 si\u0119 z pierwszym teledyskiem i singlem z p\u0142yty \u2013 <\/span><\/span><\/span><\/span><\/p>\n<p align=\"CENTER\"><span style=\"color: #000000;\">\u201c<span style=\"font-family: 'Times New Roman', serif;\"><span style=\"font-size: medium;\"><span lang=\"en-US\">Jestem tego wart\u201d<\/span><\/span><\/span><\/span><\/p>\n<p><iframe loading=\"lazy\" title=\"PAWE\u0141 DOMAGA\u0141A - Jestem tego wart (Official video)\" width=\"800\" height=\"450\" src=\"https:\/\/www.youtube.com\/embed\/KpRIEQuFv98?feature=oembed\" frameborder=\"0\" allow=\"accelerometer; autoplay; clipboard-write; encrypted-media; gyroscope; picture-in-picture; web-share\" referrerpolicy=\"strict-origin-when-cross-origin\" allowfullscreen><\/iframe><\/p>\n<p align=\"CENTER\"><span style=\"color: #000000;\"><span style=\"font-family: 'Times New Roman', serif;\"><span style=\"font-size: medium;\"><span lang=\"en-US\">Obecnie do sieci trafi\u0142 drugi singiel Paw\u0142a Domaga\u0142y \u2013 \u201cGdyby\u015b by\u0142a\u201d<\/span><\/span><\/span><\/span><\/p>\n<p><iframe loading=\"lazy\" title=\"PAWE\u0141 DOMAGA\u0141A - Gdyby\u015b by\u0142a (Official music)\" width=\"800\" height=\"450\" src=\"https:\/\/www.youtube.com\/embed\/bR2tTmemPRM?feature=oembed\" frameborder=\"0\" allow=\"accelerometer; autoplay; clipboard-write; encrypted-media; gyroscope; picture-in-picture; web-share\" referrerpolicy=\"strict-origin-when-cross-origin\" allowfullscreen><\/iframe><\/p>\n<p align=\"CENTER\"><span style=\"color: #000000;\"><span style=\"font-family: 'Times New Roman', serif;\"><span style=\"font-size: medium;\"><span lang=\"en-US\">P\u0142yta ukaza\u0142a si\u0119 na rynku 18 listopada 2016 r. i ju\u017c w pierwszym tygodniu znalaz\u0142a si\u0119 w czo\u0142\u00f3wce najlepiej sprzedaj\u0105cych si\u0119 p\u0142yt.<\/span><\/span><\/span><\/span><\/p>\n<p align=\"CENTER\"><span style=\"color: #000000;\"><span style=\"font-family: 'Times New Roman', serif;\"><span style=\"font-size: medium;\">16.03.17 godz.20.00 Sala Gotycka w Starym Klasztorze, ul. Purkyniego 1<\/span><\/span><\/span><\/p>\n<p align=\"CENTER\"><span style=\"color: #000000;\"><span style=\"font-family: 'Times New Roman', serif;\"><span style=\"font-size: medium;\">PAWE\u0141 DOMAGA\u0141A<\/span><\/span><\/span><\/p>\n<p align=\"CENTER\"><span style=\"color: #000000;\"><span style=\"font-family: 'Times New Roman', serif;\"><span style=\"font-size: medium;\">bilety: 70 z\u0142 \u2013 I miejsca, 55 z\u0142 \u2013 II miejsca, 40 z\u0142 &#8211; wej\u015bci\u00f3wki (studenci i uczniowie)<\/span><\/span><\/span><\/p>\n<p align=\"CENTER\"><span style=\"color: #000000;\"><span style=\"font-family: 'Times New Roman', serif;\"><span style=\"font-size: medium;\">Bilety dost\u0119pne w sieci salon\u00f3w Empik, Saturn i MediaMarkt w ca\u0142ej Polsce<\/span><\/span><\/span><\/p>\n<p align=\"CENTER\"><span style=\"color: #000000;\"><span style=\"font-family: 'Times New Roman', serif;\"><span style=\"font-size: medium;\">oraz w serwisach: <a href=\"http:\/\/www.biletin.pl\">www.biletin.pl<\/a>, <a href=\"http:\/\/www.ticketpro.pl\">www.ticketpro.pl<\/a>, <a href=\"http:\/\/www.biletyna.pl\">www.biletyna.pl<\/a><\/span><\/span><\/span><\/p>\n<p align=\"CENTER\"><span style=\"color: #000000;\"><span style=\"font-family: 'Times New Roman', serif;\"><span style=\"font-size: medium;\">rezerwacje: <a href=\"mailto:bilety@o2.pl\">bilety@o2.pl<\/a><\/span><\/span><\/span><\/p>\n","protected":false},"excerpt":{"rendered":"<p>Znany z telewizyjnych ekran\u00f3w aktor, Pawe\u0142 Domaga\u0142a przyje\u017cd\u017ca do Wroc\u0142awia, aby promowa\u0107 swoj\u0105 debiutancka p\u0142yt\u0119 \u201eOpowiem Ci o mnie\u201d. Koncert odb\u0119dzie si\u0119 16 marca w Sali Gotyckiej w Starym Klasztorze przy ul. Purkyniego 1. Pawe\u0142 Domaga\u0142a to jeden z najbardziej rozpoznawanych aktor\u00f3w m\u0142odego pokolenia. W\u00a0jego dorobku znajduje si\u0119 wiele r\u00f3l teatralnych, serialowych, a tak\u017ce filmowych. [&hellip;]<\/p>\n","protected":false},"author":1,"featured_media":0,"comment_status":"closed","ping_status":"open","sticky":false,"template":"","format":"standard","meta":{"jetpack_post_was_ever_published":false,"_jetpack_newsletter_access":"","_jetpack_dont_email_post_to_subs":false,"_jetpack_newsletter_tier_id":0,"_jetpack_memberships_contains_paywalled_content":false,"_jetpack_memberships_contains_paid_content":false,"footnotes":"","jetpack_publicize_message":"","jetpack_publicize_feature_enabled":true,"jetpack_social_post_already_shared":true,"jetpack_social_options":{"image_generator_settings":{"template":"highway","default_image_id":0,"enabled":false},"version":2}},"categories":[4],"tags":[],"class_list":["post-7798","post","type-post","status-publish","format-standard","hentry","category-koncerty"],"jetpack_publicize_connections":[],"jetpack_featured_media_url":"","jetpack_sharing_enabled":true,"jetpack_shortlink":"https:\/\/wp.me\/p67auQ-21M","_links":{"self":[{"href":"http:\/\/muzykabeztajemnic.info.pl\/index.php?rest_route=\/wp\/v2\/posts\/7798","targetHints":{"allow":["GET"]}}],"collection":[{"href":"http:\/\/muzykabeztajemnic.info.pl\/index.php?rest_route=\/wp\/v2\/posts"}],"about":[{"href":"http:\/\/muzykabeztajemnic.info.pl\/index.php?rest_route=\/wp\/v2\/types\/post"}],"author":[{"embeddable":true,"href":"http:\/\/muzykabeztajemnic.info.pl\/index.php?rest_route=\/wp\/v2\/users\/1"}],"replies":[{"embeddable":true,"href":"http:\/\/muzykabeztajemnic.info.pl\/index.php?rest_route=%2Fwp%2Fv2%2Fcomments&post=7798"}],"version-history":[{"count":0,"href":"http:\/\/muzykabeztajemnic.info.pl\/index.php?rest_route=\/wp\/v2\/posts\/7798\/revisions"}],"wp:attachment":[{"href":"http:\/\/muzykabeztajemnic.info.pl\/index.php?rest_route=%2Fwp%2Fv2%2Fmedia&parent=7798"}],"wp:term":[{"taxonomy":"category","embeddable":true,"href":"http:\/\/muzykabeztajemnic.info.pl\/index.php?rest_route=%2Fwp%2Fv2%2Fcategories&post=7798"},{"taxonomy":"post_tag","embeddable":true,"href":"http:\/\/muzykabeztajemnic.info.pl\/index.php?rest_route=%2Fwp%2Fv2%2Ftags&post=7798"}],"curies":[{"name":"wp","href":"https:\/\/api.w.org\/{rel}","templated":true}]}}