{"id":7796,"date":"2016-12-30T18:12:18","date_gmt":"2016-12-30T18:12:18","guid":{"rendered":"https:\/\/muzykabeztajemnic.info.pl\/?p=7796"},"modified":"2016-12-30T18:12:18","modified_gmt":"2016-12-30T18:12:18","slug":"rogucki-solo-starym-klasztorze","status":"publish","type":"post","link":"http:\/\/muzykabeztajemnic.info.pl\/?p=7796","title":{"rendered":"Rogucki Solo w Starym Klasztorze!"},"content":{"rendered":"<p align=\"CENTER\"><span style=\"color: #000000;\">wROCKfest.pl zaprasza 9 lutego do Sali Gotyckiej w Starym Klasztorze na koncert \u201eRogucki Solo&#8221;.<\/span><\/p>\n<p align=\"CENTER\"><span style=\"color: #000000;\">Piotr Rogucki, fanom muzyki znany jako wokalista rockowej formacji COMA i wykonawca solowy, w swoich scenicznych wcieleniach \u0142\u0105czy elementy poezji, rocka i teatru. <\/span><\/p>\n<p align=\"CENTER\"><span style=\"color: #000000;\">Zdobywca wielu nagr\u00f3d na festiwalach piosenki artystycznej min; 2 nagroda na Festiwalu Piosenki Studenckiej w Krakowie 2002, Grand Prix Festiwalu Piosenki Aktorskiej Wroc\u0142aw 2004, Grand Prix Festiwalu Spotkania Zamkowe w Olsztynie 2004 i wiele innych.<\/span><\/p>\n<p align=\"CENTER\"><span style=\"color: #000000;\">Zdobywca Fryderyk\u00f3w za najlepszy album rockowy w latach 2004, 2006, 2009, 2011,Fryderyk za wokalist\u0119 roku 2011, laureat nagrody imienia Grzegorza Ciechowskiego. <\/span><\/p>\n<p align=\"CENTER\"><span style=\"color: #000000;\">By\u0142 jurorem w trzech edycjach programu Must Be The Music w telewizji Polsat.<\/span><\/p>\n<p align=\"CENTER\"><span style=\"color: #000000;\">\u201eRogucki Solo&#8221; &#8211; 9 lutego w Starym Klasztorze zaprezentuje zbi\u00f3r utwor\u00f3w ze wszystkich swoich solowych album\u00f3w.<\/span><\/p>\n<p align=\"CENTER\"><span style=\"color: #000000;\">9.02.17 godz.20.00 Sala Gotycka w Starym Klasztorze, ul. Purkyniego 1<\/span><\/p>\n<p align=\"CENTER\"><span style=\"color: #000000;\">ROGUCKI Solo<\/span><\/p>\n<p align=\"CENTER\"><span style=\"color: #000000;\">bilety: 39 z\u0142 \u2013 100 szt. wy\u0142\u0105cznie rezerwacje: <a href=\"mailto:bilety@o2.pl\">bilety@o2.pl<\/a>, 45 z\u0142 \u2013 przedsprzeda\u017c, 50 z\u0142 \u2013 w dniu koncertu<\/span><\/p>\n<p align=\"CENTER\"><span style=\"color: #000000;\">miejsca siedz\u0105ce ( balkon) \u2013 60 z\u0142<\/span><\/p>\n<p align=\"CENTER\"><span style=\"color: #000000;\">Bilety dost\u0119pne w sieci salon\u00f3w Empik, Saturn i MediaMarkt w ca\u0142ej Polsce<\/span><\/p>\n<p align=\"CENTER\"><span style=\"color: #000000;\">oraz w serwisach: <a href=\"http:\/\/www.biletin.pl\">www.biletin.pl<\/a>, <a href=\"http:\/\/www.ticketpro.pl\">www.ticketpro.pl<\/a>, <a href=\"http:\/\/www.biletyna.pl\">www.biletyna.pl<\/a><\/span><\/p>\n<p align=\"CENTER\"><span style=\"color: #000000;\">rezerwacje: <a href=\"mailto:bilety@o2.pl\">bilety@o2.pl<\/a><\/span><\/p>\n","protected":false},"excerpt":{"rendered":"<p>wROCKfest.pl zaprasza 9 lutego do Sali Gotyckiej w Starym Klasztorze na koncert \u201eRogucki Solo&#8221;. Piotr Rogucki, fanom muzyki znany jako wokalista rockowej formacji COMA i wykonawca solowy, w swoich scenicznych wcieleniach \u0142\u0105czy elementy poezji, rocka i teatru. Zdobywca wielu nagr\u00f3d na festiwalach piosenki artystycznej min; 2 nagroda na Festiwalu Piosenki Studenckiej w Krakowie 2002, Grand [&hellip;]<\/p>\n","protected":false},"author":1,"featured_media":0,"comment_status":"closed","ping_status":"open","sticky":false,"template":"","format":"standard","meta":{"jetpack_post_was_ever_published":false,"_jetpack_newsletter_access":"","_jetpack_dont_email_post_to_subs":false,"_jetpack_newsletter_tier_id":0,"_jetpack_memberships_contains_paywalled_content":false,"_jetpack_memberships_contains_paid_content":false,"footnotes":"","jetpack_publicize_message":"","jetpack_publicize_feature_enabled":true,"jetpack_social_post_already_shared":true,"jetpack_social_options":{"image_generator_settings":{"template":"highway","default_image_id":0,"enabled":false},"version":2}},"categories":[4],"tags":[],"class_list":["post-7796","post","type-post","status-publish","format-standard","hentry","category-koncerty"],"jetpack_publicize_connections":[],"jetpack_featured_media_url":"","jetpack_sharing_enabled":true,"jetpack_shortlink":"https:\/\/wp.me\/p67auQ-21K","_links":{"self":[{"href":"http:\/\/muzykabeztajemnic.info.pl\/index.php?rest_route=\/wp\/v2\/posts\/7796","targetHints":{"allow":["GET"]}}],"collection":[{"href":"http:\/\/muzykabeztajemnic.info.pl\/index.php?rest_route=\/wp\/v2\/posts"}],"about":[{"href":"http:\/\/muzykabeztajemnic.info.pl\/index.php?rest_route=\/wp\/v2\/types\/post"}],"author":[{"embeddable":true,"href":"http:\/\/muzykabeztajemnic.info.pl\/index.php?rest_route=\/wp\/v2\/users\/1"}],"replies":[{"embeddable":true,"href":"http:\/\/muzykabeztajemnic.info.pl\/index.php?rest_route=%2Fwp%2Fv2%2Fcomments&post=7796"}],"version-history":[{"count":0,"href":"http:\/\/muzykabeztajemnic.info.pl\/index.php?rest_route=\/wp\/v2\/posts\/7796\/revisions"}],"wp:attachment":[{"href":"http:\/\/muzykabeztajemnic.info.pl\/index.php?rest_route=%2Fwp%2Fv2%2Fmedia&parent=7796"}],"wp:term":[{"taxonomy":"category","embeddable":true,"href":"http:\/\/muzykabeztajemnic.info.pl\/index.php?rest_route=%2Fwp%2Fv2%2Fcategories&post=7796"},{"taxonomy":"post_tag","embeddable":true,"href":"http:\/\/muzykabeztajemnic.info.pl\/index.php?rest_route=%2Fwp%2Fv2%2Ftags&post=7796"}],"curies":[{"name":"wp","href":"https:\/\/api.w.org\/{rel}","templated":true}]}}