{"id":777,"date":"2015-06-16T09:27:30","date_gmt":"2015-06-16T09:27:30","guid":{"rendered":"http:\/\/muzykabeztajemnic.info.pl\/?p=777"},"modified":"2015-06-16T09:27:30","modified_gmt":"2015-06-16T09:27:30","slug":"adam-lambert-z-nowa-plyta-the-original-high-czy-wyslucha-prosb-polskich-fanow","status":"publish","type":"post","link":"http:\/\/muzykabeztajemnic.info.pl\/?p=777","title":{"rendered":"Adam Lambert z now\u0105 p\u0142yta The Original High. Czy wys\u0142ucha pr\u00f3\u015bb polskich fan\u00f3w?"},"content":{"rendered":"<p><a href=\"http:\/\/muzykabeztajemnic.info.pl\/wp-content\/uploads\/2015\/06\/Adam_Lambert_ORiginal_High_Album_Cover.jpg\"><img loading=\"lazy\" decoding=\"async\" class=\"alignnone size-large wp-image-778\" src=\"http:\/\/muzykabeztajemnic.info.pl\/wp-content\/uploads\/2015\/06\/Adam_Lambert_ORiginal_High_Album_Cover-600x600.jpg\" alt=\"Adam_Lambert_ORiginal_High_Album_Cover\" width=\"600\" height=\"600\" srcset=\"http:\/\/muzykabeztajemnic.info.pl\/wp-content\/uploads\/2015\/06\/Adam_Lambert_ORiginal_High_Album_Cover-600x600.jpg 600w, http:\/\/muzykabeztajemnic.info.pl\/wp-content\/uploads\/2015\/06\/Adam_Lambert_ORiginal_High_Album_Cover-150x150.jpg 150w, http:\/\/muzykabeztajemnic.info.pl\/wp-content\/uploads\/2015\/06\/Adam_Lambert_ORiginal_High_Album_Cover-300x300.jpg 300w, http:\/\/muzykabeztajemnic.info.pl\/wp-content\/uploads\/2015\/06\/Adam_Lambert_ORiginal_High_Album_Cover.jpg 1500w\" sizes=\"auto, (max-width: 600px) 100vw, 600px\" \/><\/a><\/p>\n<p>Prawie 5 milion\u00f3w wy\u015bwietle\u0144 singla \u201eGhost Town\u201d w serwisie YouTube, fani liczeni w milionach na Facebooku i g\u0142o\u015bne apele polskich s\u0142uchaczy o jego ponowny przyjazd do Polski. Ze swoim trzecim albumem Adam Lambert uzyska\u0142 status popowej gwiazdy, na kt\u00f3ry pracowa\u0142 ci\u0119\u017cko przez wiele lat. Wydawnictwo \u201eThe Original High\u201d w poniedzia\u0142ek, 15 czerwca, ukaza\u0142o si\u0119 r\u00f3wnie\u017c w Polsce.<\/p>\n<p>&nbsp;<\/p>\n<p>Adam Lambert to nie tylko niezwykle charyzmatyczna osobowo\u015b\u0107, ale r\u00f3wnie\u017c talent do pisania przebojowych kawa\u0142k\u00f3w. Zainteresowanie \u201eThe Original High\u201d zdoby\u0142 za spraw\u0105 singla \u201eGhost Town\u201d. Piosenka podbi\u0142a \u015bwiatowe rozg\u0142o\u015bnie radiowe i zyska\u0142a sympati\u0119 r\u00f3wnie\u017c polskich s\u0142uchaczy. Od tygodni kawa\u0142ek niezmiennie znajduje si\u0119 w\u015br\u00f3d utwor\u00f3w najch\u0119tniej granych przez stacje radiowe. Do \u201eGhost Town\u201d powsta\u0142 wideoklip, kt\u00f3ry wyre\u017cyserowa\u0142 Hype Williams (m.in. Kanye West, Will Smith, Busta Rhymes). Obraz mo\u017cna obejrze\u0107 pod tym adresem:<\/p>\n<p>&nbsp;<\/p>\n<p><iframe loading=\"lazy\" title=\"Adam Lambert - &quot;Ghost Town&quot; [Official Music Video]\" width=\"800\" height=\"450\" src=\"https:\/\/www.youtube.com\/embed\/Ix8ocFEMa1o?feature=oembed\" frameborder=\"0\" allow=\"accelerometer; autoplay; clipboard-write; encrypted-media; gyroscope; picture-in-picture; web-share\" referrerpolicy=\"strict-origin-when-cross-origin\" allowfullscreen><\/iframe><\/p>\n<p>&nbsp;<\/p>\n<p>Kilkana\u015bcie piosenek na p\u0142yt\u0119 Adam nagrywa\u0142 w Sztokholmie i w Los Angeles. Role producent\u00f3w powierzy\u0142 nie byle komu, bo Maksowi Martinowi i Shellbackowi (czyli Karlowi Johanowi Schusterowi). Panowie ci maj\u0105 na koncie wsp\u00f3\u0142prac\u0119 z takimi gigantami popu jak Katy Perry, Maroon 5, Pink, Britney Spears i Kelly Clarkson.<\/p>\n<p>&nbsp;<\/p>\n<p>Adam zaprosi\u0142 do nagra\u0144 go\u015bci. W piosence &#8222;Rumors&#8221; s\u0142ycha\u0107 szwedzk\u0105 wokalistk\u0119 i kompozytork\u0119 Tove Lo (Ebba Tove Elsa Nilsson). Z kolei w &#8222;Lucy&#8221; pojawia si\u0119 doskonale znany Lambertowi Brian May z Queen.<\/p>\n<p>&nbsp;<\/p>\n<p>&nbsp;<\/p>\n<p><iframe loading=\"lazy\" title=\"Adam Lambert - &quot;Ghost Town&quot; [Official Music Video]\" width=\"800\" height=\"450\" src=\"https:\/\/www.youtube.com\/embed\/Ix8ocFEMa1o?feature=oembed\" frameborder=\"0\" allow=\"accelerometer; autoplay; clipboard-write; encrypted-media; gyroscope; picture-in-picture; web-share\" referrerpolicy=\"strict-origin-when-cross-origin\" allowfullscreen><\/iframe><\/p>\n<p>&nbsp;<\/p>\n<p>Adama Lamberta mieli\u015bmy okazj\u0119 go\u015bci\u0107 w Polsce podczas jego koncertu z zespo\u0142em Queen. Fani licz\u0105 jednak, \u017ce wokalista odwiedzi nasz kraj ze swoj\u0105 solow\u0105 p\u0142yt\u0105. W tym celu zorganizowali akcj\u0119, w kt\u00f3rej zapraszaj\u0105 piosenkarza do Polski. Wi\u0119cej znajdziecie tutaj:<\/p>\n<p><a href=\"https:\/\/www.facebook.com\/pages\/AdamLamberteu\/163078160410792\">https:\/\/www.facebook.com\/pages\/AdamLamberteu\/163078160410792<\/a><\/p>\n<p>&nbsp;<\/p>\n<p>Tracklista p\u0142yty &#8222;The Original High&#8221;<\/p>\n<p>&nbsp;<\/p>\n<ol>\n<li>Ghost Town<\/li>\n<li>The Original High<\/li>\n<li>Another Lonely Night<\/li>\n<li>Underground<\/li>\n<li>There I Said It<\/li>\n<li>Rumors (featuring Tove Lo)<\/li>\n<li>Evil in the Night<\/li>\n<li>Lucy (featuring Brian May)<\/li>\n<li>Things I Didn&#8217;t Say<\/li>\n<li>The Light<\/li>\n<li>Heavy Fire<\/li>\n<li>After Hours (tylko na edycji deluxe)<\/li>\n<li>Shame (tylko na edycji deluxe)<\/li>\n<li>These Boys (tylko na edycji deluxe)<\/li>\n<\/ol>\n","protected":false},"excerpt":{"rendered":"<p>Prawie 5 milion\u00f3w wy\u015bwietle\u0144 singla \u201eGhost Town\u201d w serwisie YouTube, fani liczeni w milionach na Facebooku i g\u0142o\u015bne apele polskich s\u0142uchaczy o jego ponowny przyjazd do Polski. Ze swoim trzecim albumem Adam Lambert uzyska\u0142 status popowej gwiazdy, na kt\u00f3ry pracowa\u0142 ci\u0119\u017cko przez wiele lat. Wydawnictwo \u201eThe Original High\u201d w poniedzia\u0142ek, 15 czerwca, ukaza\u0142o si\u0119 r\u00f3wnie\u017c [&hellip;]<\/p>\n","protected":false},"author":1,"featured_media":778,"comment_status":"closed","ping_status":"open","sticky":false,"template":"","format":"standard","meta":{"jetpack_post_was_ever_published":false,"_jetpack_newsletter_access":"","_jetpack_dont_email_post_to_subs":false,"_jetpack_newsletter_tier_id":0,"_jetpack_memberships_contains_paywalled_content":false,"_jetpack_memberships_contains_paid_content":false,"footnotes":"","jetpack_publicize_message":"","jetpack_publicize_feature_enabled":true,"jetpack_social_post_already_shared":true,"jetpack_social_options":{"image_generator_settings":{"template":"highway","default_image_id":0,"enabled":false},"version":2}},"categories":[2],"tags":[],"class_list":["post-777","post","type-post","status-publish","format-standard","has-post-thumbnail","hentry","category-albumy"],"jetpack_publicize_connections":[],"jetpack_featured_media_url":"http:\/\/muzykabeztajemnic.info.pl\/wp-content\/uploads\/2015\/06\/Adam_Lambert_ORiginal_High_Album_Cover.jpg","jetpack_sharing_enabled":true,"jetpack_shortlink":"https:\/\/wp.me\/p67auQ-cx","_links":{"self":[{"href":"http:\/\/muzykabeztajemnic.info.pl\/index.php?rest_route=\/wp\/v2\/posts\/777","targetHints":{"allow":["GET"]}}],"collection":[{"href":"http:\/\/muzykabeztajemnic.info.pl\/index.php?rest_route=\/wp\/v2\/posts"}],"about":[{"href":"http:\/\/muzykabeztajemnic.info.pl\/index.php?rest_route=\/wp\/v2\/types\/post"}],"author":[{"embeddable":true,"href":"http:\/\/muzykabeztajemnic.info.pl\/index.php?rest_route=\/wp\/v2\/users\/1"}],"replies":[{"embeddable":true,"href":"http:\/\/muzykabeztajemnic.info.pl\/index.php?rest_route=%2Fwp%2Fv2%2Fcomments&post=777"}],"version-history":[{"count":0,"href":"http:\/\/muzykabeztajemnic.info.pl\/index.php?rest_route=\/wp\/v2\/posts\/777\/revisions"}],"wp:featuredmedia":[{"embeddable":true,"href":"http:\/\/muzykabeztajemnic.info.pl\/index.php?rest_route=\/wp\/v2\/media\/778"}],"wp:attachment":[{"href":"http:\/\/muzykabeztajemnic.info.pl\/index.php?rest_route=%2Fwp%2Fv2%2Fmedia&parent=777"}],"wp:term":[{"taxonomy":"category","embeddable":true,"href":"http:\/\/muzykabeztajemnic.info.pl\/index.php?rest_route=%2Fwp%2Fv2%2Fcategories&post=777"},{"taxonomy":"post_tag","embeddable":true,"href":"http:\/\/muzykabeztajemnic.info.pl\/index.php?rest_route=%2Fwp%2Fv2%2Ftags&post=777"}],"curies":[{"name":"wp","href":"https:\/\/api.w.org\/{rel}","templated":true}]}}