{"id":775,"date":"2015-06-16T09:24:41","date_gmt":"2015-06-16T09:24:41","guid":{"rendered":"http:\/\/muzykabeztajemnic.info.pl\/?p=775"},"modified":"2015-06-16T09:24:41","modified_gmt":"2015-06-16T09:24:41","slug":"perfect-i-dzem-zagraja-na-wrock-for-freedom-2015","status":"publish","type":"post","link":"http:\/\/muzykabeztajemnic.info.pl\/?p=775","title":{"rendered":"PERFECT i D\u017bEM zagraj\u0105 na wROCK for Freedom 2015!"},"content":{"rendered":"<div><span style=\"color: #141823; font-family: helvetica, arial, 'lucida grande', sans-serif;\">Ulubione przez publiczno\u015b\u0107 polskie gwiazdy PERFECT oraz D\u017bEM wyst\u0105pi\u0105 29 sierpnia we Wroc\u0142awiu!<\/span><\/div>\n<div><\/div>\n<div><span style=\"color: #141823; font-family: helvetica, arial, 'lucida grande', sans-serif;\">Tradycyjna ju\u017c impreza wROCK for Freedom organizowana z okazji rocznicy powstania NSZZ Solidarno\u015b\u0107 \u00a0odb\u0119dzie si\u0119 w tym roku wyj\u0105tkowo w innym miejscu.<\/span><\/div>\n<div><span style=\"color: #141823; font-family: helvetica, arial, 'lucida grande', sans-serif;\">Z powodu prac remontowych w zajezdni autobusowej przy ul. Grabiszy\u0144skiej, w kt\u00f3rej przygotowywane jest otwarcie Muzeum Solidarno\u015bci, koncert LEGENDY ROCKA odb\u0119dzie si\u0119 w Hali Stulecia, a imprezy towarzysz\u0105ce na lubianej przez wroc\u0142awian i turyst\u00f3w Pergoli.<\/span><\/div>\n<div><span style=\"color: #141823; font-family: helvetica, arial, 'lucida grande', sans-serif;\">\u00a0<\/span><\/div>\n<div><\/div>\n<div><span style=\"color: #141823; font-family: helvetica, arial, 'lucida grande', sans-serif;\">W sobotnim koncercie w Hali Stulecia wezm\u0105 udzia\u0142 dwie legendy polskiej sceny rockowej, b\u0119d\u0105ce r\u00f3wnolatkami Solidarno\u015bci.\u00a0<\/span><\/div>\n<div><\/div>\n<div><span style=\"color: #141823; font-family: helvetica, arial, 'lucida grande', sans-serif;\">Zesp\u00f3\u0142 Perfect, kt\u00f3rego korzenie nierozerwalnie zwi\u0105zane s\u0105 z ruchem Solidarno\u015bci, \u00a0\u015bwi\u0119tuje w tym roku swoje 35. urodziny, a zesp\u00f3\u0142 D\u017cem swoj\u0105 35. rocznic\u0119 obchodzi\u0142 w roku ubieg\u0142ym.<\/span><\/div>\n<div><\/div>\n<div><span style=\"color: #141823; font-family: helvetica, arial, 'lucida grande', sans-serif;\">Wroc\u0142awski festiwal wROCK for Freedom sta\u0142 si\u0119 jedn\u0105 z najwa\u017cniejszych imprez ko\u0144cz\u0105cych letni sezon koncert\u00f3w w Polsce.\u00a0 Tradycyjna ju\u017c impreza gromadzi co roku tysi\u0105ce fan\u00f3w z wszystkich pokole\u0144 i zawsze gwarantuje \u015bwietn\u0105 zabaw\u0119 przy przebojach legend rocka.<\/span><\/div>\n<div><\/div>\n<div><span style=\"color: #141823; font-family: helvetica, arial, 'lucida grande', sans-serif;\">Na sierpniowym \u00a0koncercie nie zabraknie takich utwor\u00f3w Perfectu jak &#8222;Autobiografia&#8221;, &#8222;Nie p\u0142acz Ewka&#8221;, &#8222;Chcemy by\u0107 sob\u0105&#8221;, &#8222;Niewiele ci mog\u0119 da\u0107&#8221;, &#8222;Ale wko\u0142o jest weso\u0142o&#8221; oraz nowszych jak &#8222;Raz po raz (strasz\u0105 nas)&#8221; albo &#8222;Czy to ja&#8221;.\u00a0<\/span><\/div>\n<div><span style=\"color: #141823; font-family: helvetica, arial, 'lucida grande', sans-serif;\">Ca\u0142a Hala Stulecia za\u015bpiewa r\u00f3wnie\u017c wsp\u00f3lnie najwi\u0119ksze hity D\u017cemu jak: \u201eWhisky\u201d, \u201eWehiku\u0142 Czasu\u201d, \u201eSen O Victorii\u201d,\u201d List Do M.\u201d czy \u201eCzerwony Jak Ceg\u0142a\u201d.<\/span><\/div>\n<div><span style=\"color: #141823; font-family: helvetica, arial, 'lucida grande', sans-serif;\">\u00a0<\/span><\/div>\n<div><span style=\"color: #141823; font-family: helvetica, arial, 'lucida grande', sans-serif;\">Do sprzeda\u017cy trafiaj\u0105 bilety w cenie 40 z\u0142 za miejsce stoj\u0105ce oraz 60 z\u0142 za miejsce siedz\u0105ce.\u00a0<\/span><\/div>\n<div><\/div>\n<div><span style=\"color: #141823; font-family: helvetica, arial, 'lucida grande', sans-serif;\">Dla student\u00f3w i m\u0142odzie\u017cy ucz\u0105cej si\u0119 przewidziane s\u0105 wej\u015bci\u00f3wki \u00a0w cenie 30 z\u0142.\u00a0<\/span><\/div>\n<div><span style=\"color: #141823; font-family: helvetica, arial, 'lucida grande', sans-serif;\">W dniu koncertu ceny wzrosn\u0105 o 10 z\u0142.<\/span><\/div>\n<div><span style=\"color: #141823; font-family: helvetica, arial, 'lucida grande', sans-serif;\">\u00a0<\/span><\/div>\n<div><span style=\"color: #141823; font-family: helvetica, arial, 'lucida grande', sans-serif;\">\u00a0<\/span><\/div>\n<div><span style=\"color: #141823; font-family: helvetica, arial, 'lucida grande', sans-serif;\">29.08.15 godz.17.30 Hala Stulecia, ul. Wystawowa 1<\/span><\/div>\n<div><span style=\"color: #141823; font-family: helvetica, arial, 'lucida grande', sans-serif;\">wROCK for Freedom &#8211; LEGENDY ROCKA \u00a0<\/span><\/div>\n<div><span style=\"color: #141823; font-family: helvetica, arial, 'lucida grande', sans-serif;\">PERFECT<\/span><\/div>\n<div><span style=\"color: #141823; font-family: helvetica, arial, 'lucida grande', sans-serif;\">D\u017bEM<\/span><\/div>\n<div><span style=\"color: #141823; font-family: helvetica, arial, 'lucida grande', sans-serif;\">miejsca stoj\u0105ce (p\u0142yta): 40 z\u0142 &#8211; przedsprzeda\u017c, 50 z\u0142 w dniu koncertu<\/span><\/div>\n<div><span style=\"color: #141823; font-family: helvetica, arial, 'lucida grande', sans-serif;\">miejsca siedz\u0105ce (trybuny): 60 z\u0142 &#8211; przedsprzeda\u017c, 70 z\u0142 w dniu koncertu<\/span><\/div>\n<div><span style=\"color: #141823; font-family: helvetica, arial, 'lucida grande', sans-serif;\">wej\u015bci\u00f3wki (studenci i uczniowie): 30 z\u0142 &#8211; przedsprzeda\u017c, 40 z\u0142 w dniu koncertu<\/span><\/div>\n<div><span style=\"color: #141823; font-family: helvetica, arial, 'lucida grande', sans-serif;\">\u00a0<\/span><\/div>\n<div><span style=\"color: #141823; font-family: helvetica, arial, 'lucida grande', sans-serif;\">Bilety dost\u0119pne w sieci salon\u00f3w Empik i MediaMarkt w ca\u0142ej Polsce<\/span><\/div>\n<div><span style=\"color: #141823; font-family: helvetica, arial, 'lucida grande', sans-serif;\">oraz w serwisach:\u00a0<a title=\"Ten zewn\u0119trzny odno\u015bnik otworzy si\u0119 w nowym oknie\" href=\"http:\/\/www.biletin.pl\/\" target=\"_blank\">www.biletin.pl<\/a>,\u00a0<a title=\"Ten zewn\u0119trzny odno\u015bnik otworzy si\u0119 w nowym oknie\" href=\"http:\/\/www.ticketpro.pl\/\" target=\"_blank\">www.ticketpro.pl<\/a>, \u00a0<a title=\"Ten zewn\u0119trzny odno\u015bnik otworzy si\u0119 w nowym oknie\" href=\"http:\/\/www.ebilet.pl\/\" target=\"_blank\">www.ebilet.pl<\/a>,\u00a0<a title=\"Ten zewn\u0119trzny odno\u015bnik otworzy si\u0119 w nowym oknie\" href=\"http:\/\/www.eventim.pl\/\" target=\"_blank\">www.eventim.pl<\/a>,\u00a0<\/span><\/div>\n<div><span style=\"color: #141823; font-family: helvetica, arial, 'lucida grande', sans-serif;\">rezerwacje:\u00a0<a title=\"Ten zewn\u0119trzny odno\u015bnik otworzy si\u0119 w nowym oknie\" href=\"https:\/\/mklamka.webd.pl:2096\/cpsess3564331104\/3rdparty\/squirrelmail\/src\/compose.php?send_to=bilety@o2.pl\" target=\"_blank\">bilety@o2.pl<\/a>\u00a0\u00a0 \u00a0 \u00a0 \u00a0 \u00a0 \u00a0 \u00a0 \u00a0 \u00a0 \u00a0 \u00a0 \u00a0 \u00a0 \u00a0 \u00a0 \u00a0 \u00a0 \u00a0 \u00a0<\/span><\/div>\n","protected":false},"excerpt":{"rendered":"<p>Ulubione przez publiczno\u015b\u0107 polskie gwiazdy PERFECT oraz D\u017bEM wyst\u0105pi\u0105 29 sierpnia we Wroc\u0142awiu! Tradycyjna ju\u017c impreza wROCK for Freedom organizowana z okazji rocznicy powstania NSZZ Solidarno\u015b\u0107 \u00a0odb\u0119dzie si\u0119 w tym roku wyj\u0105tkowo w innym miejscu. Z powodu prac remontowych w zajezdni autobusowej przy ul. Grabiszy\u0144skiej, w kt\u00f3rej przygotowywane jest otwarcie Muzeum Solidarno\u015bci, koncert LEGENDY ROCKA [&hellip;]<\/p>\n","protected":false},"author":1,"featured_media":0,"comment_status":"closed","ping_status":"open","sticky":false,"template":"","format":"standard","meta":{"jetpack_post_was_ever_published":false,"_jetpack_newsletter_access":"","_jetpack_dont_email_post_to_subs":false,"_jetpack_newsletter_tier_id":0,"_jetpack_memberships_contains_paywalled_content":false,"_jetpack_memberships_contains_paid_content":false,"footnotes":"","jetpack_publicize_message":"","jetpack_publicize_feature_enabled":true,"jetpack_social_post_already_shared":true,"jetpack_social_options":{"image_generator_settings":{"template":"highway","default_image_id":0,"enabled":false},"version":2}},"categories":[4],"tags":[],"class_list":["post-775","post","type-post","status-publish","format-standard","hentry","category-koncerty"],"jetpack_publicize_connections":[],"jetpack_featured_media_url":"","jetpack_sharing_enabled":true,"jetpack_shortlink":"https:\/\/wp.me\/p67auQ-cv","_links":{"self":[{"href":"http:\/\/muzykabeztajemnic.info.pl\/index.php?rest_route=\/wp\/v2\/posts\/775","targetHints":{"allow":["GET"]}}],"collection":[{"href":"http:\/\/muzykabeztajemnic.info.pl\/index.php?rest_route=\/wp\/v2\/posts"}],"about":[{"href":"http:\/\/muzykabeztajemnic.info.pl\/index.php?rest_route=\/wp\/v2\/types\/post"}],"author":[{"embeddable":true,"href":"http:\/\/muzykabeztajemnic.info.pl\/index.php?rest_route=\/wp\/v2\/users\/1"}],"replies":[{"embeddable":true,"href":"http:\/\/muzykabeztajemnic.info.pl\/index.php?rest_route=%2Fwp%2Fv2%2Fcomments&post=775"}],"version-history":[{"count":0,"href":"http:\/\/muzykabeztajemnic.info.pl\/index.php?rest_route=\/wp\/v2\/posts\/775\/revisions"}],"wp:attachment":[{"href":"http:\/\/muzykabeztajemnic.info.pl\/index.php?rest_route=%2Fwp%2Fv2%2Fmedia&parent=775"}],"wp:term":[{"taxonomy":"category","embeddable":true,"href":"http:\/\/muzykabeztajemnic.info.pl\/index.php?rest_route=%2Fwp%2Fv2%2Fcategories&post=775"},{"taxonomy":"post_tag","embeddable":true,"href":"http:\/\/muzykabeztajemnic.info.pl\/index.php?rest_route=%2Fwp%2Fv2%2Ftags&post=775"}],"curies":[{"name":"wp","href":"https:\/\/api.w.org\/{rel}","templated":true}]}}