{"id":769,"date":"2015-06-16T09:21:32","date_gmt":"2015-06-16T09:21:32","guid":{"rendered":"http:\/\/muzykabeztajemnic.info.pl\/?p=769"},"modified":"2015-06-16T09:21:32","modified_gmt":"2015-06-16T09:21:32","slug":"metal-hammer-festival-2015-prog-edition-polscy-fani-dream-theater-sa-niesamowici-2","status":"publish","type":"post","link":"http:\/\/muzykabeztajemnic.info.pl\/?p=769","title":{"rendered":"Metal Hammer Festival 2015 &#8211; Prog Edition: &#8222;Polscy fani Dream Theater s\u0105 niesamowici&#8221;"},"content":{"rendered":"<p><a href=\"http:\/\/muzykabeztajemnic.info.pl\/wp-content\/uploads\/2015\/06\/MHFestival2015_plakat-6.jpg\"><img loading=\"lazy\" decoding=\"async\" class=\"alignnone size-large wp-image-770\" src=\"http:\/\/muzykabeztajemnic.info.pl\/wp-content\/uploads\/2015\/06\/MHFestival2015_plakat-6-432x600.jpg\" alt=\"MHFestival2015_plakat-6\" width=\"432\" height=\"600\" srcset=\"http:\/\/muzykabeztajemnic.info.pl\/wp-content\/uploads\/2015\/06\/MHFestival2015_plakat-6-432x600.jpg 432w, http:\/\/muzykabeztajemnic.info.pl\/wp-content\/uploads\/2015\/06\/MHFestival2015_plakat-6-216x300.jpg 216w, http:\/\/muzykabeztajemnic.info.pl\/wp-content\/uploads\/2015\/06\/MHFestival2015_plakat-6.jpg 1079w\" sizes=\"auto, (max-width: 432px) 100vw, 432px\" \/><\/a><\/p>\n<p>Ju\u017c za nieca\u0142e dwa tygodnie na muzyczn\u0105 scen\u0119 powr\u00f3ci Metal Hammer Festival! Si\u00f3dma edycja festiwalu odb\u0119dzie si\u0119 27 czerwca w katowickim Spodku, w nieco innej ni\u017c zwykle formule.<\/p>\n<p>&nbsp;<\/p>\n<div align=\"justify\">A wszystko za spraw\u0105 szyldu\u00a0\u201eProg Edition\u201d,\u00a0wyra\u017anie wskazuj\u0105cego, \u017ce tym razem mo\u017cemy spodziewa\u0107 si\u0119 sporej dawki najlepszej muzyki z nurtu tzw. rocka i metalu progresywnego. W\u015br\u00f3d og\u0142oszonych Artyst\u00f3w s\u0105\u00a0Dream Theater, Riverside, Evergrey, Tides From Nebula, Collage, Osada Vida, One\u00a0oraz\u00a0Art Of Illusion!<\/div>\n<div align=\"justify\"><\/div>\n<div align=\"justify\"><\/div>\n<div align=\"justify\">Na stronie\u00a0Antyradio.pl\u00a0ukaza\u0142 si\u0119 w\u0142a\u015bnie zapis wywiadu z wokalist\u0105 Dream Theater, Jamesem LaBrie. Muzyk opowiedzia\u0142 o nagrywaniu nowej p\u0142yty, wspomnia\u0142 o czasach, w kt\u00f3rych gra\u0142 na perkusji oraz por\u00f3wna\u0142 metal do muzyki klasycznej. Powiedzia\u0142 tak\u017ce kilka mi\u0142ych s\u0142\u00f3w o polskich fanach:\u00a0\u201eGdy gramy koncert w Polsce, bez wzgl\u0119du na to, w jakim mie\u015bcie si\u0119 odbywa, odczuwamy niewiarygodny entuzjazm. W tym kraju publiczno\u015b\u0107 genialnie z nami wsp\u00f3\u0142pracuje. Wystarczy rzuci\u0107 has\u0142o, a ona \u015bpiewa, wznosi r\u0119ce lub pi\u0119\u015bci w g\u00f3r\u0119 i jest przy tym wszystkim bardzo g\u0142o\u015bna. To najlepszy komplement jaki mo\u017ce dosta\u0107 zesp\u00f3\u0142. Polscy fani s\u0105 niesamowici, bo daj\u0105 nam do zrozumienia, jak bardzo uwielbiaj\u0105 Dream Theater. To jak dobrze znaj\u0105 nasze utwory jest dla mnie osza\u0142amiaj\u0105ce. Nie mo\u017cemy si\u0119 doczeka\u0107 przyjazdu do Was! Do zobaczenia w czerwcu!\u201d<\/div>\n<div align=\"justify\"><\/div>\n<div align=\"justify\"><\/div>\n<div align=\"justify\">Ca\u0142o\u015b\u0107 wywiadu mo\u017cna przeczyta\u0107 (a tak\u017ce ods\u0142ucha\u0107 fragment\u00f3w!) na\u00a0<a title=\"Ten zewn\u0119trzny odno\u015bnik otworzy si\u0119 w nowym oknie\" href=\"http:\/\/www.antyradio.pl\/Newsy\/Wywiady\/James-LaBrie-Polscy-fani-Dream-Theater-sa-niesamowici-2761\" target=\"_blank\">TEJ<\/a>\u00a0stronie.<\/div>\n<div align=\"justify\"><\/div>\n<div align=\"justify\"><\/div>\n<div align=\"justify\">Zespo\u0142u Dream Theater nie trzeba specjalnie przedstawia\u0107 fanom rocka w Polsce. Maj\u0105c na swoim koncie ponad dziesi\u0119\u0107 milion\u00f3w sprzedanych egzemplarzy album\u00f3w i DVD, Dream Theater od dawna nale\u017cy do \u015bcis\u0142ego grona gigant\u00f3w prog\/hard rocka. Wp\u0142ywowy magazyn Rolling Stone zaliczy\u0142 ich do dziesi\u0105tki najlepszych prog-rockowych zespo\u0142\u00f3w wszech czas\u00f3w! Albumy takie jak uhonorowany z\u0142ot\u0105 p\u0142yt\u0105 &#8222;Images &amp; Words&#8221; (z przebojowym singlem &#8222;Pull Me Under&#8221;) przynios\u0142y mu na ca\u0142ym \u015bwiecie zachwyty nad mistrzowskim po\u0142\u0105czeniem melodyjno\u015bci, mocy i wirtuozerskich popis\u00f3w. Nowy, jeszcze niezatytu\u0142owany album Dream Theater zapowiadany jest na jesie\u0144 2015!!<\/div>\n<div align=\"justify\"><\/div>\n<div align=\"justify\"><\/div>\n<div align=\"justify\">\n<div align=\"justify\">Metal Hammer Festival 2015 &#8211; Prog Edition<\/div>\n<div align=\"justify\"><\/div>\n<div align=\"justify\">DREAM THEATER<\/div>\n<div align=\"justify\"><\/div>\n<div align=\"justify\">RIVERSIDE<\/div>\n<div align=\"justify\"><\/div>\n<div align=\"justify\">EVERGREY<\/div>\n<div align=\"justify\"><\/div>\n<div align=\"justify\">COLLAGE<\/div>\n<div align=\"justify\"><\/div>\n<div align=\"justify\">TIDES FROM NEBULA<\/div>\n<div align=\"justify\"><\/div>\n<div align=\"justify\">OSADA VIDA<\/div>\n<div align=\"justify\"><\/div>\n<div align=\"justify\">ONE<\/div>\n<div align=\"justify\"><\/div>\n<div align=\"justify\">ART OF ILLUSION<\/div>\n<div align=\"justify\"><\/div>\n<div align=\"justify\">Sobota, 27 czerwca<\/div>\n<div align=\"justify\"><\/div>\n<div align=\"justify\">Spodek \u2013 Katowice<\/div>\n<div align=\"justify\"><\/div>\n<div align=\"justify\">Otwarcie bram godz.14.00, start godz.15.00<\/div>\n<div align=\"justify\"><\/div>\n<div align=\"justify\">Ceny bilet\u00f3w (przedsprzeda\u017c):<\/div>\n<div align=\"justify\">160 PLN &#8211; p\u0142yta<\/div>\n<div align=\"justify\">185 PLN &#8211; sektor czerwony i niebieski do 10 rz\u0119du<\/div>\n<div align=\"justify\">155 PLN &#8211; sektor niebieski od 11 rz\u0119du<\/div>\n<div align=\"justify\">255 PLN &#8211; sektory H, J<\/div>\n<div align=\"justify\">350 PLN &#8211; lo\u017ca<\/div>\n<div align=\"justify\"><\/div>\n<div align=\"justify\">W dniu koncertu bilety dro\u017csze o 20 PLN.<\/div>\n<div align=\"justify\"><\/div>\n<div align=\"justify\">Miejsca sprzeda\u017cy bilet\u00f3w:<\/div>\n<div align=\"justify\">shop.metalmind.com.pl, ticketpro.pl, eventim.pl, ebilet.pl, biletin.pl, ticketportal.pl<\/div>\n<div align=\"justify\">Dodatkowe informacje o biletach: tel. 32 205 25 00 wew.126<\/div>\n<\/div>\n","protected":false},"excerpt":{"rendered":"<p>Ju\u017c za nieca\u0142e dwa tygodnie na muzyczn\u0105 scen\u0119 powr\u00f3ci Metal Hammer Festival! Si\u00f3dma edycja festiwalu odb\u0119dzie si\u0119 27 czerwca w katowickim Spodku, w nieco innej ni\u017c zwykle formule. &nbsp; A wszystko za spraw\u0105 szyldu\u00a0\u201eProg Edition\u201d,\u00a0wyra\u017anie wskazuj\u0105cego, \u017ce tym razem mo\u017cemy spodziewa\u0107 si\u0119 sporej dawki najlepszej muzyki z nurtu tzw. rocka i metalu progresywnego. W\u015br\u00f3d og\u0142oszonych [&hellip;]<\/p>\n","protected":false},"author":1,"featured_media":0,"comment_status":"closed","ping_status":"open","sticky":false,"template":"","format":"standard","meta":{"jetpack_post_was_ever_published":false,"_jetpack_newsletter_access":"","_jetpack_dont_email_post_to_subs":false,"_jetpack_newsletter_tier_id":0,"_jetpack_memberships_contains_paywalled_content":false,"_jetpack_memberships_contains_paid_content":false,"footnotes":"","jetpack_publicize_message":"","jetpack_publicize_feature_enabled":true,"jetpack_social_post_already_shared":true,"jetpack_social_options":{"image_generator_settings":{"template":"highway","default_image_id":0,"enabled":false},"version":2}},"categories":[4],"tags":[],"class_list":["post-769","post","type-post","status-publish","format-standard","hentry","category-koncerty"],"jetpack_publicize_connections":[],"jetpack_featured_media_url":"","jetpack_sharing_enabled":true,"jetpack_shortlink":"https:\/\/wp.me\/p67auQ-cp","_links":{"self":[{"href":"http:\/\/muzykabeztajemnic.info.pl\/index.php?rest_route=\/wp\/v2\/posts\/769","targetHints":{"allow":["GET"]}}],"collection":[{"href":"http:\/\/muzykabeztajemnic.info.pl\/index.php?rest_route=\/wp\/v2\/posts"}],"about":[{"href":"http:\/\/muzykabeztajemnic.info.pl\/index.php?rest_route=\/wp\/v2\/types\/post"}],"author":[{"embeddable":true,"href":"http:\/\/muzykabeztajemnic.info.pl\/index.php?rest_route=\/wp\/v2\/users\/1"}],"replies":[{"embeddable":true,"href":"http:\/\/muzykabeztajemnic.info.pl\/index.php?rest_route=%2Fwp%2Fv2%2Fcomments&post=769"}],"version-history":[{"count":0,"href":"http:\/\/muzykabeztajemnic.info.pl\/index.php?rest_route=\/wp\/v2\/posts\/769\/revisions"}],"wp:attachment":[{"href":"http:\/\/muzykabeztajemnic.info.pl\/index.php?rest_route=%2Fwp%2Fv2%2Fmedia&parent=769"}],"wp:term":[{"taxonomy":"category","embeddable":true,"href":"http:\/\/muzykabeztajemnic.info.pl\/index.php?rest_route=%2Fwp%2Fv2%2Fcategories&post=769"},{"taxonomy":"post_tag","embeddable":true,"href":"http:\/\/muzykabeztajemnic.info.pl\/index.php?rest_route=%2Fwp%2Fv2%2Ftags&post=769"}],"curies":[{"name":"wp","href":"https:\/\/api.w.org\/{rel}","templated":true}]}}