{"id":684,"date":"2015-05-24T20:24:04","date_gmt":"2015-05-24T20:24:04","guid":{"rendered":"http:\/\/muzykabeztajemnic.info.pl\/?p=684"},"modified":"2015-05-24T20:24:04","modified_gmt":"2015-05-24T20:24:04","slug":"20-nowych-koncertow-na-trasie-queen-symfonicznie-20152016-video-gotowe-plyta-koncertowa-nagrana-2","status":"publish","type":"post","link":"http:\/\/muzykabeztajemnic.info.pl\/?p=684","title":{"rendered":"20 nowych koncert\u00f3w na trasie QUEEN SYMFONICZNIE 2015\/2016 ! Video gotowe, p\u0142yta koncertowa nagrana!"},"content":{"rendered":"<div dir=\"ltr\">\n<div>\n<div><strong><a href=\"http:\/\/muzykabeztajemnic.info.pl\/wp-content\/uploads\/2015\/05\/plakat-20152016.jpg\"><img loading=\"lazy\" decoding=\"async\" class=\"alignnone size-large wp-image-661\" src=\"http:\/\/muzykabeztajemnic.info.pl\/wp-content\/uploads\/2015\/05\/plakat-20152016-432x600.jpg\" alt=\"plakat 20152016\" width=\"432\" height=\"600\" srcset=\"http:\/\/muzykabeztajemnic.info.pl\/wp-content\/uploads\/2015\/05\/plakat-20152016-432x600.jpg 432w, http:\/\/muzykabeztajemnic.info.pl\/wp-content\/uploads\/2015\/05\/plakat-20152016-216x300.jpg 216w, http:\/\/muzykabeztajemnic.info.pl\/wp-content\/uploads\/2015\/05\/plakat-20152016.jpg 1200w\" sizes=\"auto, (max-width: 432px) 100vw, 432px\" \/><\/a><\/strong><\/div>\n<div><strong>Projekt QUEEN SYMFONICZNIE og\u0142asza najwi\u0119ksz\u0105 tras\u0119 koncertow\u0105 w swojej dotychczasowej historii \u2013 w sezonie 2015\/2016 muzycy wyst\u0105pi\u0105 w repertuarem Queen w wersjach symfonicznych na blisko 30 koncertach. Pierwsze 20 dat jest ju\u017c potwierdzone, wkr\u00f3tce kolejne terminy. Podczas dw\u00f3ch wyprzedanych marcowych koncert\u00f3w w Filharmonii Szczeci\u0144skiej zesp\u00f3\u0142 zarejestrowa\u0142 materia\u0142 na p\u0142yt\u0119 koncertow\u0105, przy u\u017cyciu 4 kamer nakr\u0119cono r\u00f3wnie\u017c materia\u0142 video na potrzeby filmu promocyjnego. Video uka\u017ce si\u0119 ju\u017c w czerwcu, p\u0142yta koncertowa (kt\u00f3r\u0105 realizuje Tadeusz Mieczkowski, laureat Fryderyka, realizator muzyki filmowej, klasycznej i rozrywkowej) dost\u0119pna b\u0119dzie w sprzeda\u017cy jesieni\u0105.\u00a0\u00a0<\/strong><\/div>\n<div><\/div>\n<div><\/div>\n<div>Niezwyk\u0142e koncerty \u0142\u0105cz\u0105ce nie\u015bmierteln\u0105 muzyk\u0119 zespo\u0142u QUEEN z symfonicznymi aran\u017cacjami w wykonaniu orkiestry Alla Vienna i 20-osobowego ch\u00f3ru Vivid Singers ju\u017c od ponad trzech lat zachwycaj\u0105 fan\u00f3w tw\u00f3rczo\u015bci legendarnej grupy.\u00a0<u>QUEEN SYMFONICZNIE to absolutny fenomen \u2013 zaplanowany pierwotnie jednorazowy wyst\u0119p przerodzi\u0142 si\u0119 w wielk\u0105 tras\u0119 koncertow\u0105 w najwi\u0119kszych salach w kraju. Na ponad 50 dotychczasowych koncertach pojawi\u0142o si\u0119 blisko 40000 widz\u00f3w, a ka\u017cdy wyst\u0119p fani Queen wype\u0142niaj\u0105 do ostatniego miejsca.<\/u><\/div>\n<div><\/div>\n<div>Projekt Queen Symfonicznie to dwugodzinny spektakl podzielony na dwie cz\u0119\u015bci, z najwspanialszymi kompozycjami Queen. Fina\u0142 wyst\u0119pu u\u015bwietnia tak\u017ce wyst\u0119p solisty &#8211; \u015bpiewaj\u0105cego aktora &#8211; wcielaj\u0105cego si\u0119 w rol\u0119 Freddiego Mercury\u2019ego. Zesp\u00f3\u0142 wyst\u0105pi z najnowszym programem, do kt\u00f3rego w\u0142\u0105czono m.in \u201cBicycle Race\u201d, \u201cAnother One Bites The Dust\u201d oraz wyj\u0105tkow\u0105 kompozycj\u0119 \u201cBarcelona\u201d, kt\u00f3r\u0105 Freddie Mercury nagra\u0142 wraz z hiszpa\u0144sk\u0105 \u015bpiewaczk\u0105 operow\u0105 Montserrat Caballe. Na nadchodz\u0105c\u0105 tras\u0119 przygotowywane s\u0105 kolejne niespodzianki. W drugiej cz\u0119\u015bci go\u015bcinnie wyst\u0105pi r\u00f3wnie\u017c gitarzysta solowy Piotr Wieczorek.<\/div>\n<div><\/div>\n<div>\n<u>Oto pe\u0142na lista ju\u017c potwierdzonych koncert\u00f3w:<\/u><\/div>\n<div><\/div>\n<div>\n<div><strong>28 sierpnia 2015 \u2013 Ostr\u00f3da &#8211; Amfiteatr<br \/>\n17 pa\u017adziernika 2015 \u2013 Zielona G\u00f3ra \u2013 Filharmonia Zielonog\u00f3rska &#8211;\u00a0<a title=\"Ten zewn\u0119trzny odno\u015bnik otworzy si\u0119 w nowym oknie\" href=\"http:\/\/www.facebook.com\/events\/683231938490281\/\" target=\"_blank\">www.facebook.com\/events\/683231938490281\/<\/a><br \/>\n18 pa\u017adziernika 2015 \u2013 Pi\u0142a \u2013 Regionalne Centrum Kultury &#8211;\u00a0<a title=\"Ten zewn\u0119trzny odno\u015bnik otworzy si\u0119 w nowym oknie\" href=\"http:\/\/www.facebook.com\/events\/1544103199187564\/\" target=\"_blank\">www.facebook.com\/events\/1544103199187564\/<\/a><br \/>\n<\/strong><\/div>\n<div><strong>25 pa\u017adziernika 2015 &#8211; Cz\u0119stochowa \u2013 Filharmonia Cz\u0119stochowska &#8211;\u00a0<a title=\"Ten zewn\u0119trzny odno\u015bnik otworzy si\u0119 w nowym oknie\" href=\"http:\/\/www.facebook.com\/events\/1391211601199187\/\" target=\"_blank\">www.facebook.com\/events\/1391211601199187\/<\/a><br \/>\n14 listopada 2015 \u2013 Wroc\u0142aw \u2013 Narodowe Forum Muzyki<br \/>\n15 listopada 2015 \u2013 Kalisz \u2013 Aula WPA UAM &#8211;\u00a0<a title=\"Ten zewn\u0119trzny odno\u015bnik otworzy si\u0119 w nowym oknie\" href=\"http:\/\/www.facebook.com\/events\/1616161365289492\/\" target=\"_blank\">www.facebook.com\/events\/1616161365289492\/<\/a><\/strong><\/div>\n<div><strong>21 listopada 2015 \u2013 Radom \u2013 Sala Koncertowa Urz\u0119du Miejskiego &#8211;\u00a0<a title=\"Ten zewn\u0119trzny odno\u015bnik otworzy si\u0119 w nowym oknie\" href=\"http:\/\/www.facebook.com\/events\/445110808972789\/\" target=\"_blank\">www.facebook.com\/events\/445110808972789\/<\/a><br \/>\n22 listopada 2015 &#8211; Katowice \u2013 FIlharmonia \u015al\u0105ska &#8211;\u00a0<a title=\"Ten zewn\u0119trzny odno\u015bnik otworzy si\u0119 w nowym oknie\" href=\"http:\/\/www.facebook.com\/events\/988953531129848\/\" target=\"_blank\">www.facebook.com\/events\/988953531129848\/<\/a><br \/>\n28 listopada 2015 \u2013 \u0141\u00f3d\u017a \u2013 Sala Koncertowa Filharmonii \u0141\u00f3dzkiej &#8211;\u00a0<a title=\"Ten zewn\u0119trzny odno\u015bnik otworzy si\u0119 w nowym oknie\" href=\"http:\/\/www.facebook.com\/events\/1637076193181087\/\" target=\"_blank\">www.facebook.com\/events\/1637076193181087\/<\/a><br \/>\n29 listopada 2015 \u2013 Toru\u0144 \u2013 Aula UMK &#8211;\u00a0<a title=\"Ten zewn\u0119trzny odno\u015bnik otworzy si\u0119 w nowym oknie\" href=\"http:\/\/www.facebook.com\/events\/1571457143134393\/\" target=\"_blank\">www.facebook.com\/events\/1571457143134393\/<\/a><\/strong><\/div>\n<p><strong>5 grudnia 2015 \u2013 Rzesz\u00f3w \u2013 Filharmonia Podkarpacka &#8211;\u00a0<a title=\"Ten zewn\u0119trzny odno\u015bnik otworzy si\u0119 w nowym oknie\" href=\"http:\/\/www.facebook.com\/events\/449162658582642\/\" target=\"_blank\">www.facebook.com\/events\/449162658582642\/<\/a><br \/>\n12 grudnia 2015 \u2013 Elbl\u0105g \u2013 Teatr im. Aleksandra Sewruka &#8211;\u00a0<a title=\"Ten zewn\u0119trzny odno\u015bnik otworzy si\u0119 w nowym oknie\" href=\"http:\/\/www.facebook.com\/events\/830503677029298\/\" target=\"_blank\">www.facebook.com\/events\/830503677029298\/<\/a><\/strong><\/p>\n<div><strong>13 grudnia 2015 \u2013 Gda\u0144sk \u2013 Filharmonia Ba\u0142tycka &#8211;\u00a0<a title=\"Ten zewn\u0119trzny odno\u015bnik otworzy si\u0119 w nowym oknie\" href=\"http:\/\/www.facebook.com\/events\/651816534946986\/\" target=\"_blank\">www.facebook.com\/events\/651816534946986\/<\/a><br \/>\n9 stycznia 2016 \u2013 Warszawa \u2013 PKiN<br \/>\n24 stycznia 2016 \u2013 Kielce \u2013 Sala Koncertowa Filharmonii \u015awi\u0119tokrzyskiej &#8211;\u00a0<a title=\"Ten zewn\u0119trzny odno\u015bnik otworzy si\u0119 w nowym oknie\" href=\"http:\/\/www.facebook.com\/events\/645471025584801\/\" target=\"_blank\">www.facebook.com\/events\/645471025584801\/<\/a><\/strong><\/div>\n<div><strong>30 stycznia 2016 \u2013 Bielsko Bia\u0142a \u2013 Bielskie Centrum Kultury &#8211;\u00a0<a title=\"Ten zewn\u0119trzny odno\u015bnik otworzy si\u0119 w nowym oknie\" href=\"http:\/\/www.facebook.com\/events\/763466637102162\/\" target=\"_blank\">www.facebook.com\/events\/763466637102162\/<\/a><\/strong><\/div>\n<div><strong>14 lutego 2016 \u2013 Opole \u2013 Filharmonia Opolska<br \/>\n27 lutego 2016 \u2013 Szczecin \u2013 Filharmonia Szczeci\u0144ska<\/strong><\/div>\n<div><strong>28 lutego 2016 \u2013 Gorz\u00f3w Wielkopolski \u2013 CEA Filharmonia Gorzowska<\/strong><\/div>\n<div><strong>10 kwietnia 2016 \u2013 Pozna\u0144 \u2013 Aula UAM<\/strong><\/div>\n<div><\/div>\n<div><strong><u>Bilety dost\u0119pne w sprzeda\u017cy w sieciach Ticketpro oraz w kasach.<\/u><\/strong><\/div>\n<\/div>\n<\/div>\n<\/div>\n<div dir=\"ltr\">\n<div><\/div>\n<div><\/div>\n<div>Ostatnie lata to pasmo sukces\u00f3w projektu Queen Symfonicznie \u2013 8 koncert\u00f3w, kt\u00f3re odby\u0142y si\u0119 na pocz\u0105tku 2015 w Warszawie, Kielcach, Bielsku-Bia\u0142ej, Olsztynie, Szczecinie, Gorzowie, Krakowie i Poznaniu by\u0142y ca\u0142kowicie wyprzedane. W stolicy i w Szczecinie zesp\u00f3\u0142 musia\u0142 wyst\u0105pi\u0107 dwukrotnie. Podobnie by\u0142o w 2014 roku, muzycy dwukrotnie w wype\u0142nionej po brzegi Filharmonii \u015alaskiej oraz Wroc\u0142awskiej. Dotychczas na 50 koncertach pojawi\u0142o si\u0119 blisko 40000 os\u00f3b.\u00a0 1 marca 2014 zesp\u00f3\u0142 po raz pierwszy wyst\u0105pi\u0142 zagranic\u0105 \u2013 w Bratys\u0142awie, do kt\u00f3rej dotar\u0142 r\u00f3wnie\u017c rok p\u00f3\u017aniej.<\/div>\n<div><\/div>\n<div>Galeri\u0119 zdj\u0119\u0107 z koncert\u00f3w mo\u017cna zobaczy\u0107 tutaj:<\/div>\n<div>http:\/\/rozrywka.trojmiasto.pl\/Queen-na-chor-orkiestre-i-owacje-na-stojaco-n86115.html (Gda\u0144sk)<br \/>\n<a title=\"Ten zewn\u0119trzny odno\u015bnik otworzy si\u0119 w nowym oknie\" href=\"http:\/\/www.kierunek.szczecin.pl\/szczecin-informacje\/szczecin-fotoreportaz-14-03-2015-koncert-queen-symfonicznie-filharmonia-szczecinska\/\" target=\"_blank\">http:\/\/www.kierunek.szczecin.pl\/szczecin-informacje\/szczecin-fotoreportaz-14-03-2015-koncert-queen-symfonicznie-filharmonia-szczecinska\/<\/a>\u00a0(Szczecin)<\/div>\n<div><\/div>\n<div>Pod tym adresem dost\u0119pny jest wywiad, udzielony niedawno przez dyrektora artystycznego, Jana Nied\u017awieckiego, dla Programu I Polskiego Radia &#8211; http:\/\/www.polskieradio.pl\/7\/160\/Artykul\/1357414,Polacy-udowadniaja-ze-Queen-mozna-grac-symfonicznie<\/div>\n<div><\/div>\n<div>Wi\u0119cej informacji, zdj\u0119cia oraz filmy na stronach &#8211;<\/div>\n<div><a title=\"Ten zewn\u0119trzny odno\u015bnik otworzy si\u0119 w nowym oknie\" href=\"https:\/\/www.facebook.com\/ProjektQueenSymfonicznie\" target=\"_blank\">https:\/\/www.facebook.com\/ProjektQueenSymfonicznie<\/a><\/div>\n<div><a title=\"Ten zewn\u0119trzny odno\u015bnik otworzy si\u0119 w nowym oknie\" href=\"http:\/\/www.queen.allavienna.pl\/\" target=\"_blank\">www.queen.allavienna.pl\/<\/a><\/div>\n<\/div>\n","protected":false},"excerpt":{"rendered":"<p>Projekt QUEEN SYMFONICZNIE og\u0142asza najwi\u0119ksz\u0105 tras\u0119 koncertow\u0105 w swojej dotychczasowej historii \u2013 w sezonie 2015\/2016 muzycy wyst\u0105pi\u0105 w repertuarem Queen w wersjach symfonicznych na blisko 30 koncertach. Pierwsze 20 dat jest ju\u017c potwierdzone, wkr\u00f3tce kolejne terminy. Podczas dw\u00f3ch wyprzedanych marcowych koncert\u00f3w w Filharmonii Szczeci\u0144skiej zesp\u00f3\u0142 zarejestrowa\u0142 materia\u0142 na p\u0142yt\u0119 koncertow\u0105, przy u\u017cyciu 4 kamer nakr\u0119cono [&hellip;]<\/p>\n","protected":false},"author":1,"featured_media":661,"comment_status":"closed","ping_status":"open","sticky":false,"template":"","format":"standard","meta":{"jetpack_post_was_ever_published":false,"_jetpack_newsletter_access":"","_jetpack_dont_email_post_to_subs":false,"_jetpack_newsletter_tier_id":0,"_jetpack_memberships_contains_paywalled_content":false,"_jetpack_memberships_contains_paid_content":false,"footnotes":"","jetpack_publicize_message":"","jetpack_publicize_feature_enabled":true,"jetpack_social_post_already_shared":true,"jetpack_social_options":{"image_generator_settings":{"template":"highway","default_image_id":0,"enabled":false},"version":2}},"categories":[4],"tags":[],"class_list":["post-684","post","type-post","status-publish","format-standard","has-post-thumbnail","hentry","category-koncerty"],"jetpack_publicize_connections":[],"jetpack_featured_media_url":"http:\/\/muzykabeztajemnic.info.pl\/wp-content\/uploads\/2015\/05\/plakat-20152016.jpg","jetpack_sharing_enabled":true,"jetpack_shortlink":"https:\/\/wp.me\/p67auQ-b2","_links":{"self":[{"href":"http:\/\/muzykabeztajemnic.info.pl\/index.php?rest_route=\/wp\/v2\/posts\/684","targetHints":{"allow":["GET"]}}],"collection":[{"href":"http:\/\/muzykabeztajemnic.info.pl\/index.php?rest_route=\/wp\/v2\/posts"}],"about":[{"href":"http:\/\/muzykabeztajemnic.info.pl\/index.php?rest_route=\/wp\/v2\/types\/post"}],"author":[{"embeddable":true,"href":"http:\/\/muzykabeztajemnic.info.pl\/index.php?rest_route=\/wp\/v2\/users\/1"}],"replies":[{"embeddable":true,"href":"http:\/\/muzykabeztajemnic.info.pl\/index.php?rest_route=%2Fwp%2Fv2%2Fcomments&post=684"}],"version-history":[{"count":0,"href":"http:\/\/muzykabeztajemnic.info.pl\/index.php?rest_route=\/wp\/v2\/posts\/684\/revisions"}],"wp:featuredmedia":[{"embeddable":true,"href":"http:\/\/muzykabeztajemnic.info.pl\/index.php?rest_route=\/wp\/v2\/media\/661"}],"wp:attachment":[{"href":"http:\/\/muzykabeztajemnic.info.pl\/index.php?rest_route=%2Fwp%2Fv2%2Fmedia&parent=684"}],"wp:term":[{"taxonomy":"category","embeddable":true,"href":"http:\/\/muzykabeztajemnic.info.pl\/index.php?rest_route=%2Fwp%2Fv2%2Fcategories&post=684"},{"taxonomy":"post_tag","embeddable":true,"href":"http:\/\/muzykabeztajemnic.info.pl\/index.php?rest_route=%2Fwp%2Fv2%2Ftags&post=684"}],"curies":[{"name":"wp","href":"https:\/\/api.w.org\/{rel}","templated":true}]}}