{"id":68,"date":"2015-04-21T13:27:45","date_gmt":"2015-04-21T13:27:45","guid":{"rendered":"http:\/\/serwer1428786.home.pl\/autoinstalator\/wordpress\/?p=68"},"modified":"2015-04-21T13:29:17","modified_gmt":"2015-04-21T13:29:17","slug":"tata-adama-nowy-album-piotra-wozniaka","status":"publish","type":"post","link":"http:\/\/muzykabeztajemnic.info.pl\/?p=68","title":{"rendered":"\u201eTata Adama\u201d \u2013 nowy album Piotra Wo\u017aniaka"},"content":{"rendered":"<p><a href=\"http:\/\/serwer1428786.home.pl\/autoinstalator\/wordpress\/wp-content\/uploads\/2015\/04\/Piotr_Wozniak-Tata_Adama_cover.jpg\"><img loading=\"lazy\" decoding=\"async\" class=\"alignnone size-full wp-image-72\" src=\"http:\/\/serwer1428786.home.pl\/autoinstalator\/wordpress\/wp-content\/uploads\/2015\/04\/Piotr_Wozniak-Tata_Adama_cover.jpg\" alt=\"Piotr_Wozniak-Tata_Adama_cover\" width=\"1000\" height=\"899\" srcset=\"http:\/\/muzykabeztajemnic.info.pl\/wp-content\/uploads\/2015\/04\/Piotr_Wozniak-Tata_Adama_cover.jpg 1000w, http:\/\/muzykabeztajemnic.info.pl\/wp-content\/uploads\/2015\/04\/Piotr_Wozniak-Tata_Adama_cover-300x270.jpg 300w\" sizes=\"auto, (max-width: 1000px) 100vw, 1000px\" \/><\/a><\/p>\n<p>&nbsp;<\/p>\n<p>Do sklep\u00f3w trafi\u0142a nowa p\u0142yta <b>Piotra Wo\u017aniaka <\/b>pt. <b>\u201eTata Adama\u201d<\/b>.<b> <\/b>Znalaz\u0142o si\u0119 na niej jedena\u015bcie piosenek &#8211; emocjonalnych i osobistych opowie\u015bci, oprawionych vintage&#8217;owym, akustycznym brzmieniem. Opowie\u015bci o potrzebie wsparcia, wybawienia z samotno\u015bci, ale tak\u017ce o wp\u0142ywie kota na rzeczywisto\u015b\u0107 i o tym, jak powinny by\u0107 pisane piosenki o mi\u0142o\u015bci. Od tej p\u0142yty trudno si\u0119 oderwa\u0107. Jedno przes\u0142uchanie na pewno nie wystarczy. Piotr Wo\u017aniak<b> <\/b>uwodzi s\u0142uchacza tworzonym nastrojem, oryginalnym g\u0142osem i wysmakowanym brzmieniem. Gitara elektryczna wsp\u00f3\u0142istnieje tu z liryczn\u0105 wiolonczel\u0105. Single pochodz\u0105ce z p\u0142yty to: <b>\u201eA i E\u201d<\/b>, <b>\u201eNapisz mi o mi\u0142o\u015bci\u201d<\/b> oraz <b>\u201eCompa\u00f1ero\u201d<\/b>.<\/p>\n<p>&nbsp;<\/p>\n<p>Piotr, to artysta osobny, kontempluj\u0105cy spotkanie dwojga, potrzeb\u0119 zgody z samym sob\u0105 i zapatrzenie w \u015bwiat. Przede wszystkim jednak to artysta liryczny, wra\u017cliwy i skupiony interpretator swoich, ale tak\u017ce &#8222;po\u017cyczonych na zawsze&#8221; s\u0142\u00f3w i melodii. Od kilkunastu lat widywany jest tu i tam. A to w konkursach wa\u017cnych przegl\u0105d\u00f3w piosenki poetyckiej i studenckiej (SFP w Krakowie, &#8222;Recital&#8221; w Siedlcach, \u201e\u0141ykend\u201d we Wroc\u0142awiu), a to w TV (plebiscyt \u201eMuzyczna Jedynka\u201d, koncert \u201eDebiuty\u201d w Opolu), najcz\u0119\u015bciej jednak na koncertach w ca\u0142ym kraju (tych solowych, tych w ramach rodzinnego przedsi\u0119wzi\u0119cia Tadeusza Wo\u017aniaka i \u2013 do niedawna &#8211; tria Wo\u017aniak-Lewandowski-Zychowicz). W 2010 roku ukaza\u0142 si\u0119 jego pierwszy i dawno oczekiwany album <b>\u201eDom na dachu\u201d<\/b>. Na p\u0142ycie znalaz\u0142o si\u0119 dwana\u015bcie nastrojowych, czasem onirycznych kompozycji. Staranne, przemy\u015blane aran\u017cacje \u0142\u0105cz\u0105 r\u00f3\u017cne, czasem odleg\u0142e brzmieniowo \u015bwiaty (kwartet smyczkowy, syntezatory, instrumenty perkusyjne) w intryguj\u0105c\u0105 ca\u0142o\u015b\u0107. Subtelna interpretacja i charyzmatyczny g\u0142os Artysty podkre\u015blaj\u0105 emocjonalny wyraz tekst\u00f3w. W 2012 roku ukaza\u0142 si\u0119 podw\u00f3jny (CD + DVD), koncertowy album <b>\u201eJak ze \u017ar\u00f3d\u0142a\u201d<\/b> stanowi\u0105cy ho\u0142d z\u0142o\u017cony tw\u00f3rcom i wykonawcom polskich piosenek z pocz\u0105tku lat 70-tych.<\/p>\n<p>&nbsp;<\/p>\n<p><b>Piotr Wo\u017aniak &#8211; Compa\u00f1ero<\/b><\/p>\n<p>&nbsp;<\/p>\n<p><a href=\"https:\/\/www.youtube.com\/watch?v=hdz1je0bvtm\">https:\/\/www.youtube.com\/watch?v=HDz1jE0bvTM<\/a><\/p>\n<p>&nbsp;<\/p>\n<p><b>Najbli\u017csze koncerty promuj\u0105ce p\u0142yt\u0119 &#8222;Tata Adama&#8221;:<\/b><\/p>\n<p>26.04 OSTR\u00d3W WIELKOPOLSKI &#8211; &#8222;Forum Synagoga&#8221;<\/p>\n<p>29.04 WARSZAWA \u2013 &#8222;Palladium&#8221; (support przed <b>Yasmin Levy<\/b>)<\/p>\n<p>06.05 \u0141\u00d3D\u0179 \u2013 &#8222;Przechowalnia&#8221;<\/p>\n","protected":false},"excerpt":{"rendered":"<p>&nbsp; Do sklep\u00f3w trafi\u0142a nowa p\u0142yta Piotra Wo\u017aniaka pt. \u201eTata Adama\u201d. Znalaz\u0142o si\u0119 na niej jedena\u015bcie piosenek &#8211; emocjonalnych i osobistych opowie\u015bci, oprawionych vintage&#8217;owym, akustycznym brzmieniem. Opowie\u015bci o potrzebie wsparcia, wybawienia z samotno\u015bci, ale tak\u017ce o wp\u0142ywie kota na rzeczywisto\u015b\u0107 i o tym, jak powinny by\u0107 pisane piosenki o mi\u0142o\u015bci. Od tej p\u0142yty trudno si\u0119 [&hellip;]<\/p>\n","protected":false},"author":1,"featured_media":72,"comment_status":"open","ping_status":"open","sticky":false,"template":"","format":"standard","meta":{"jetpack_post_was_ever_published":false,"_jetpack_newsletter_access":"","_jetpack_dont_email_post_to_subs":false,"_jetpack_newsletter_tier_id":0,"_jetpack_memberships_contains_paywalled_content":false,"_jetpack_memberships_contains_paid_content":false,"footnotes":"","jetpack_publicize_message":"","jetpack_publicize_feature_enabled":true,"jetpack_social_post_already_shared":false,"jetpack_social_options":{"image_generator_settings":{"template":"highway","default_image_id":0,"enabled":false},"version":2}},"categories":[1],"tags":[],"class_list":["post-68","post","type-post","status-publish","format-standard","has-post-thumbnail","hentry","category-uncategorized"],"jetpack_publicize_connections":[],"jetpack_featured_media_url":"http:\/\/muzykabeztajemnic.info.pl\/wp-content\/uploads\/2015\/04\/Piotr_Wozniak-Tata_Adama_cover.jpg","jetpack_sharing_enabled":true,"jetpack_shortlink":"https:\/\/wp.me\/p67auQ-16","_links":{"self":[{"href":"http:\/\/muzykabeztajemnic.info.pl\/index.php?rest_route=\/wp\/v2\/posts\/68","targetHints":{"allow":["GET"]}}],"collection":[{"href":"http:\/\/muzykabeztajemnic.info.pl\/index.php?rest_route=\/wp\/v2\/posts"}],"about":[{"href":"http:\/\/muzykabeztajemnic.info.pl\/index.php?rest_route=\/wp\/v2\/types\/post"}],"author":[{"embeddable":true,"href":"http:\/\/muzykabeztajemnic.info.pl\/index.php?rest_route=\/wp\/v2\/users\/1"}],"replies":[{"embeddable":true,"href":"http:\/\/muzykabeztajemnic.info.pl\/index.php?rest_route=%2Fwp%2Fv2%2Fcomments&post=68"}],"version-history":[{"count":0,"href":"http:\/\/muzykabeztajemnic.info.pl\/index.php?rest_route=\/wp\/v2\/posts\/68\/revisions"}],"wp:featuredmedia":[{"embeddable":true,"href":"http:\/\/muzykabeztajemnic.info.pl\/index.php?rest_route=\/wp\/v2\/media\/72"}],"wp:attachment":[{"href":"http:\/\/muzykabeztajemnic.info.pl\/index.php?rest_route=%2Fwp%2Fv2%2Fmedia&parent=68"}],"wp:term":[{"taxonomy":"category","embeddable":true,"href":"http:\/\/muzykabeztajemnic.info.pl\/index.php?rest_route=%2Fwp%2Fv2%2Fcategories&post=68"},{"taxonomy":"post_tag","embeddable":true,"href":"http:\/\/muzykabeztajemnic.info.pl\/index.php?rest_route=%2Fwp%2Fv2%2Ftags&post=68"}],"curies":[{"name":"wp","href":"https:\/\/api.w.org\/{rel}","templated":true}]}}