{"id":663,"date":"2015-05-22T21:01:31","date_gmt":"2015-05-22T21:01:31","guid":{"rendered":"http:\/\/muzykabeztajemnic.info.pl\/?p=663"},"modified":"2015-05-22T21:01:31","modified_gmt":"2015-05-22T21:01:31","slug":"premiera-solowej-plyty-bartosza-slatynskiego-pt-maly-ktos","status":"publish","type":"post","link":"http:\/\/muzykabeztajemnic.info.pl\/?p=663","title":{"rendered":"Premiera solowej p\u0142yty Bartosza S\u0142aty\u0144skiego pt. \u201eMa\u0142y kto\u015b\u201d"},"content":{"rendered":"<p><a href=\"http:\/\/muzykabeztajemnic.info.pl\/wp-content\/uploads\/2015\/05\/MalyKtos_cover.jpg\"><img loading=\"lazy\" decoding=\"async\" class=\"alignnone size-large wp-image-664\" src=\"http:\/\/muzykabeztajemnic.info.pl\/wp-content\/uploads\/2015\/05\/MalyKtos_cover-600x595.jpg\" alt=\"MalyKtos_cover\" width=\"600\" height=\"595\" srcset=\"http:\/\/muzykabeztajemnic.info.pl\/wp-content\/uploads\/2015\/05\/MalyKtos_cover-600x595.jpg 600w, http:\/\/muzykabeztajemnic.info.pl\/wp-content\/uploads\/2015\/05\/MalyKtos_cover-150x150.jpg 150w, http:\/\/muzykabeztajemnic.info.pl\/wp-content\/uploads\/2015\/05\/MalyKtos_cover-300x298.jpg 300w, http:\/\/muzykabeztajemnic.info.pl\/wp-content\/uploads\/2015\/05\/MalyKtos_cover.jpg 1000w\" sizes=\"auto, (max-width: 600px) 100vw, 600px\" \/><\/a><\/p>\n<p>Na solowej p\u0142ycie <b>Bartosza S\u0142aty\u0144skiego<\/b> pt. <b>&#8222;Ma\u0142y kto\u015b&#8221;<\/b> znalaz\u0142o si\u0119 11 utwor\u00f3w. Piosenka <b>&#8222;Ponad chwil\u0119&#8221;<\/b> do kt\u00f3rego powsta\u0142 teledysk.<\/p>\n<p>&nbsp;<\/p>\n<p><iframe loading=\"lazy\" title=\"Bartosz S\u0142aty\u0144ski - Ponad chwil\u0119 (Official Video)\" width=\"800\" height=\"450\" src=\"https:\/\/www.youtube.com\/embed\/UqKbcD057lM?feature=oembed\" frameborder=\"0\" allow=\"accelerometer; autoplay; clipboard-write; encrypted-media; gyroscope; picture-in-picture; web-share\" referrerpolicy=\"strict-origin-when-cross-origin\" allowfullscreen><\/iframe><\/p>\n<p>&nbsp;<\/p>\n<p>by\u0142a pierwszym singlem zapowiadaj\u0105cym solowy album Bartosza, wokalisty znanego ze sk\u0142ad\u00f3w <b>Avalanche<\/b> i <b>Penny Lane<\/b>. Drugim singlem by\u0142 utw\u00f3r <b>\u201eJeste\u015b ca\u0142ym \u015bwiatem\u201d<\/b>.<\/p>\n<p>&nbsp;<\/p>\n<p><span class=\"embed-youtube\" style=\"text-align:center; display: block;\"><iframe loading=\"lazy\" class=\"youtube-player\" width=\"800\" height=\"450\" src=\"https:\/\/www.youtube.com\/embed\/2HA-vUvUhl0?version=3&#038;rel=1&#038;showsearch=0&#038;showinfo=1&#038;iv_load_policy=1&#038;fs=1&#038;hl=pl-PL&#038;autohide=2&#038;wmode=transparent\" allowfullscreen=\"true\" style=\"border:0;\" sandbox=\"allow-scripts allow-same-origin allow-popups allow-presentation allow-popups-to-escape-sandbox\"><\/iframe><\/span><\/p>\n<p>&nbsp;<\/p>\n<p>Bartosz S\u0142aty\u0144ski &#8211; muzyk instrumentalista, kompozytor, autor tekst\u00f3w. Liczne nagrody i wyr\u00f3\u017cnienia na lokalnych i og\u00f3lnopolskich przegl\u0105dach muzycznych. Od 2002 roku w sk\u0142adzie <b>Avalanche<\/b>. Grand Prix Og\u00f3lnopolskiego Festivalu w Lidzbarku Warmi\u0144skim w 2003 roku. 3 miejsce w Debiutach opolskich w 2005 roku i kontrakt p\u0142ytowy z MJM Music PL. Zaproszony do mys\u0142owickiego sk\u0142adu <b>Penny Lane<\/b> gdzie wyst\u0119powa\u0142 obok muzyk\u00f3w z popularnych zespo\u0142\u00f3w <b>Myslovitz<\/b> i <b>Negatyw<\/b>. Kontrakt z wytw\u00f3rni\u0105 EMI i niemal r\u00f3wnoczesne wydanie 2 p\u0142yt d\u0142ugograj\u0105cych z kt\u00f3rych jedna zosta\u0142a nominowana do Fryderyka 2006 w kategorii alternatywny album roku.<\/p>\n<p>Tracklista \u201eMa\u0142y kto\u015b\u201d:<\/p>\n<p>01. B\u0119d\u0119 sob\u0105<br \/>\n02. Ponad chwil\u0119<br \/>\n03. \u017bycie<br \/>\n04. Odkrywaj<br \/>\n05. Koniec \u015bwiata<br \/>\n06. Ma\u0142y kto\u015b<br \/>\n07. Mi\u0119dzy nami<br \/>\n08. Zagubionej mi\u0142o\u015bci<br \/>\n09. Wiosenny park<br \/>\n10. Dla mamy<br \/>\n11. Jeste\u015b ca\u0142ym \u015bwiatem<\/p>\n","protected":false},"excerpt":{"rendered":"<p>Na solowej p\u0142ycie Bartosza S\u0142aty\u0144skiego pt. &#8222;Ma\u0142y kto\u015b&#8221; znalaz\u0142o si\u0119 11 utwor\u00f3w. Piosenka &#8222;Ponad chwil\u0119&#8221; do kt\u00f3rego powsta\u0142 teledysk. &nbsp; &nbsp; by\u0142a pierwszym singlem zapowiadaj\u0105cym solowy album Bartosza, wokalisty znanego ze sk\u0142ad\u00f3w Avalanche i Penny Lane. Drugim singlem by\u0142 utw\u00f3r \u201eJeste\u015b ca\u0142ym \u015bwiatem\u201d. &nbsp; &nbsp; Bartosz S\u0142aty\u0144ski &#8211; muzyk instrumentalista, kompozytor, autor tekst\u00f3w. Liczne nagrody [&hellip;]<\/p>\n","protected":false},"author":1,"featured_media":664,"comment_status":"closed","ping_status":"open","sticky":false,"template":"","format":"standard","meta":{"jetpack_post_was_ever_published":false,"_jetpack_newsletter_access":"","_jetpack_dont_email_post_to_subs":false,"_jetpack_newsletter_tier_id":0,"_jetpack_memberships_contains_paywalled_content":false,"_jetpack_memberships_contains_paid_content":false,"footnotes":"","jetpack_publicize_message":"","jetpack_publicize_feature_enabled":true,"jetpack_social_post_already_shared":true,"jetpack_social_options":{"image_generator_settings":{"template":"highway","default_image_id":0,"enabled":false},"version":2}},"categories":[2],"tags":[],"class_list":["post-663","post","type-post","status-publish","format-standard","has-post-thumbnail","hentry","category-albumy"],"jetpack_publicize_connections":[],"jetpack_featured_media_url":"http:\/\/muzykabeztajemnic.info.pl\/wp-content\/uploads\/2015\/05\/MalyKtos_cover.jpg","jetpack_sharing_enabled":true,"jetpack_shortlink":"https:\/\/wp.me\/p67auQ-aH","_links":{"self":[{"href":"http:\/\/muzykabeztajemnic.info.pl\/index.php?rest_route=\/wp\/v2\/posts\/663","targetHints":{"allow":["GET"]}}],"collection":[{"href":"http:\/\/muzykabeztajemnic.info.pl\/index.php?rest_route=\/wp\/v2\/posts"}],"about":[{"href":"http:\/\/muzykabeztajemnic.info.pl\/index.php?rest_route=\/wp\/v2\/types\/post"}],"author":[{"embeddable":true,"href":"http:\/\/muzykabeztajemnic.info.pl\/index.php?rest_route=\/wp\/v2\/users\/1"}],"replies":[{"embeddable":true,"href":"http:\/\/muzykabeztajemnic.info.pl\/index.php?rest_route=%2Fwp%2Fv2%2Fcomments&post=663"}],"version-history":[{"count":0,"href":"http:\/\/muzykabeztajemnic.info.pl\/index.php?rest_route=\/wp\/v2\/posts\/663\/revisions"}],"wp:featuredmedia":[{"embeddable":true,"href":"http:\/\/muzykabeztajemnic.info.pl\/index.php?rest_route=\/wp\/v2\/media\/664"}],"wp:attachment":[{"href":"http:\/\/muzykabeztajemnic.info.pl\/index.php?rest_route=%2Fwp%2Fv2%2Fmedia&parent=663"}],"wp:term":[{"taxonomy":"category","embeddable":true,"href":"http:\/\/muzykabeztajemnic.info.pl\/index.php?rest_route=%2Fwp%2Fv2%2Fcategories&post=663"},{"taxonomy":"post_tag","embeddable":true,"href":"http:\/\/muzykabeztajemnic.info.pl\/index.php?rest_route=%2Fwp%2Fv2%2Ftags&post=663"}],"curies":[{"name":"wp","href":"https:\/\/api.w.org\/{rel}","templated":true}]}}