{"id":6622,"date":"2016-09-22T19:23:08","date_gmt":"2016-09-22T19:23:08","guid":{"rendered":"https:\/\/muzykabeztajemnic.info.pl\/?p=6622"},"modified":"2016-09-22T19:23:08","modified_gmt":"2016-09-22T19:23:08","slug":"bartlomiej-kot-zagra-starym-klasztorze-premiera-plyty-wroclawskie-spacery","status":"publish","type":"post","link":"http:\/\/muzykabeztajemnic.info.pl\/?p=6622","title":{"rendered":"Bart\u0142omiej Kot zagra w Starym Klasztorze! &#8211; Premiera p\u0142yty &#8222;Wroc\u0142awskie spacery&#8221;!"},"content":{"rendered":"<p align=\"CENTER\"><span style=\"color: #000000;\">Zapraszamy na oficjalny koncert premierowy p\u0142yty Bart\u0142omieja Kota &#8222;Wroc\u0142awskie spacery&#8221; wydanej przez <a href=\"http:\/\/2RYBY.PL\">2RYBY.PL<\/a> <\/span><\/p>\n<p align=\"CENTER\"><span style=\"color: #000000;\">Znany wroc\u0142awski duszpasterz akademicki zaprosi\u0142 do wsp\u00f3\u0142pracy znakomitych jazzman\u00f3w i wsp\u00f3lnie nagrali p\u0142yt\u0119 w ca\u0142o\u015bci dedykowan\u0105 miastu Wroc\u0142aw. <\/span><\/p>\n<p align=\"CENTER\"><span style=\"color: #000000;\">Nie przegap! Spotykamy si\u0119 17 pa\u017adziernika w klubie muzycznym Stary Klasztor. <\/span><\/p>\n<p align=\"CENTER\"><span style=\"color: #000000;\">Zarezerwuj poniedzia\u0142kowy jesienny wiecz\u00f3r na dobr\u0105 wroc\u0142awsk\u0105 imprez\u0119!<\/span><\/p>\n<p align=\"CENTER\"><span style=\"color: #000000;\">Podczas koncertu us\u0142yszymy zesp\u00f3\u0142 w sk\u0142adzie:<\/span><\/p>\n<p align=\"CENTER\"><span style=\"color: #000000;\">Bart\u0142omiej Kot &#8211; \u015bpiew, gitara<\/span><\/p>\n<p align=\"CENTER\"><span style=\"color: #000000;\">Piotr Baron &#8211; saksofony<\/span><\/p>\n<p align=\"CENTER\"><span style=\"color: #000000;\">\u0141ukasz Matuszyk &#8211; akordeon<\/span><\/p>\n<p align=\"CENTER\"><span style=\"color: #000000;\">Grzegorz Piasecki &#8211; kontrabas<\/span><\/p>\n<p align=\"CENTER\"><span style=\"color: #000000;\">Przemek Pacan &#8211; perkusja<\/span><\/p>\n<p align=\"CENTER\"><span style=\"color: #000000;\">Darek Bafeltowski &#8211; gitary<\/span><\/p>\n<p align=\"CENTER\"><span style=\"color: #000000;\">Lukasz Damrych \u2013 piano<\/span><\/p>\n<p align=\"CENTER\"><span style=\"color: #000000;\">17.10.16 godz.20.30 Sala Gotycka w Starym Klasztorze, ul. Purkyniego 1<\/span><\/p>\n<p align=\"CENTER\"><span style=\"color: #000000;\">BART\u0141OMIEJ KOT &#8222;Wroc\u0142awskie spacery&#8221;<\/span><\/p>\n<p align=\"CENTER\"><span style=\"color: #000000;\">miejsca siedz\u0105ce: 50 z\u0142 <\/span><\/p>\n<p align=\"CENTER\"><span style=\"color: #000000;\">wej\u015bci\u00f3wki (bez gwarancji miejsca siedz\u0105cego): 35 z\u0142<\/span><\/p>\n<p align=\"CENTER\"><span style=\"color: #000000;\">Bilety dost\u0119pne w sieci salon\u00f3w Empik, Saturn i MediaMarkt w ca\u0142ej Polsce<\/span><\/p>\n<p align=\"CENTER\"><span style=\"color: #000000;\">oraz w serwisach: <a href=\"http:\/\/www.biletin.pl\">www.biletin.pl<\/a>, <a href=\"http:\/\/www.ticketpro.pl\">www.ticketpro.pl<\/a>, <a href=\"http:\/\/www.ebilet.pl\">www.ebilet.pl<\/a>, <a href=\"http:\/\/www.eventim.pl\">www.eventim.pl<\/a>, <a href=\"http:\/\/www.biletyna.pl\">www.biletyna.pl<\/a><\/span><\/p>\n<p align=\"CENTER\"><span style=\"color: #000000;\">rezerwacje: <a href=\"mailto:bilety@o2.pl\">bilety@o2.pl<\/a> <\/span><\/p>\n","protected":false},"excerpt":{"rendered":"<p>Zapraszamy na oficjalny koncert premierowy p\u0142yty Bart\u0142omieja Kota &#8222;Wroc\u0142awskie spacery&#8221; wydanej przez 2RYBY.PL Znany wroc\u0142awski duszpasterz akademicki zaprosi\u0142 do wsp\u00f3\u0142pracy znakomitych jazzman\u00f3w i wsp\u00f3lnie nagrali p\u0142yt\u0119 w ca\u0142o\u015bci dedykowan\u0105 miastu Wroc\u0142aw. Nie przegap! Spotykamy si\u0119 17 pa\u017adziernika w klubie muzycznym Stary Klasztor. Zarezerwuj poniedzia\u0142kowy jesienny wiecz\u00f3r na dobr\u0105 wroc\u0142awsk\u0105 imprez\u0119! Podczas koncertu us\u0142yszymy zesp\u00f3\u0142 w [&hellip;]<\/p>\n","protected":false},"author":1,"featured_media":0,"comment_status":"closed","ping_status":"open","sticky":false,"template":"","format":"standard","meta":{"jetpack_post_was_ever_published":false,"_jetpack_newsletter_access":"","_jetpack_dont_email_post_to_subs":false,"_jetpack_newsletter_tier_id":0,"_jetpack_memberships_contains_paywalled_content":false,"_jetpack_memberships_contains_paid_content":false,"footnotes":"","jetpack_publicize_message":"","jetpack_publicize_feature_enabled":true,"jetpack_social_post_already_shared":true,"jetpack_social_options":{"image_generator_settings":{"template":"highway","default_image_id":0,"enabled":false},"version":2}},"categories":[4],"tags":[],"class_list":["post-6622","post","type-post","status-publish","format-standard","hentry","category-koncerty"],"jetpack_publicize_connections":[],"jetpack_featured_media_url":"","jetpack_sharing_enabled":true,"jetpack_shortlink":"https:\/\/wp.me\/p67auQ-1IO","_links":{"self":[{"href":"http:\/\/muzykabeztajemnic.info.pl\/index.php?rest_route=\/wp\/v2\/posts\/6622","targetHints":{"allow":["GET"]}}],"collection":[{"href":"http:\/\/muzykabeztajemnic.info.pl\/index.php?rest_route=\/wp\/v2\/posts"}],"about":[{"href":"http:\/\/muzykabeztajemnic.info.pl\/index.php?rest_route=\/wp\/v2\/types\/post"}],"author":[{"embeddable":true,"href":"http:\/\/muzykabeztajemnic.info.pl\/index.php?rest_route=\/wp\/v2\/users\/1"}],"replies":[{"embeddable":true,"href":"http:\/\/muzykabeztajemnic.info.pl\/index.php?rest_route=%2Fwp%2Fv2%2Fcomments&post=6622"}],"version-history":[{"count":0,"href":"http:\/\/muzykabeztajemnic.info.pl\/index.php?rest_route=\/wp\/v2\/posts\/6622\/revisions"}],"wp:attachment":[{"href":"http:\/\/muzykabeztajemnic.info.pl\/index.php?rest_route=%2Fwp%2Fv2%2Fmedia&parent=6622"}],"wp:term":[{"taxonomy":"category","embeddable":true,"href":"http:\/\/muzykabeztajemnic.info.pl\/index.php?rest_route=%2Fwp%2Fv2%2Fcategories&post=6622"},{"taxonomy":"post_tag","embeddable":true,"href":"http:\/\/muzykabeztajemnic.info.pl\/index.php?rest_route=%2Fwp%2Fv2%2Ftags&post=6622"}],"curies":[{"name":"wp","href":"https:\/\/api.w.org\/{rel}","templated":true}]}}