{"id":6612,"date":"2016-09-22T19:02:06","date_gmt":"2016-09-22T19:02:06","guid":{"rendered":"https:\/\/muzykabeztajemnic.info.pl\/?p=6612"},"modified":"2016-09-22T19:02:06","modified_gmt":"2016-09-22T19:02:06","slug":"coma-prezentuje-nowy-teledysk-oglasza-trase-koncertowa","status":"publish","type":"post","link":"http:\/\/muzykabeztajemnic.info.pl\/?p=6612","title":{"rendered":"COMA prezentuje nowy teledysk i og\u0142asza tras\u0119 koncertow\u0105!"},"content":{"rendered":"<p><strong><img loading=\"lazy\" decoding=\"async\" class=\"alignnone size-large wp-image-6614\" src=\"https:\/\/muzykabeztajemnic.info.pl\/wp-content\/uploads\/2016\/09\/image003-2-600x228.jpg\" alt=\"image003\" width=\"600\" height=\"228\" srcset=\"http:\/\/muzykabeztajemnic.info.pl\/wp-content\/uploads\/2016\/09\/image003-2-600x228.jpg 600w, http:\/\/muzykabeztajemnic.info.pl\/wp-content\/uploads\/2016\/09\/image003-2-300x114.jpg 300w, http:\/\/muzykabeztajemnic.info.pl\/wp-content\/uploads\/2016\/09\/image003-2-768x292.jpg 768w, http:\/\/muzykabeztajemnic.info.pl\/wp-content\/uploads\/2016\/09\/image003-2.jpg 828w\" sizes=\"auto, (max-width: 600px) 100vw, 600px\" \/><\/strong><\/p>\n<p><strong>Coma prezentuje pierwszy singiel promuj\u0105cy p\u0142yt\u0119 \u201e2005 YU55\u201d. Utw\u00f3r \u201eLipiec&#8221; to jedna z szesnastu piosenek z nowego materia\u0142u \u0142\u00f3dzkiego zespo\u0142u.\u00a0<\/strong><\/p>\n<p><iframe loading=\"lazy\" title=\"Coma - Lipiec (official video)\" width=\"800\" height=\"450\" src=\"https:\/\/www.youtube.com\/embed\/ePMavSax1G8?feature=oembed\" frameborder=\"0\" allow=\"accelerometer; autoplay; clipboard-write; encrypted-media; gyroscope; picture-in-picture; web-share\" referrerpolicy=\"strict-origin-when-cross-origin\" allowfullscreen><\/iframe><\/p>\n<p>Najnowszy kr\u0105\u017cek Comy uka\u017ce si\u0119 ju\u017c 7 pa\u017adziernika. Singlowi towarzyszy teledysk wyre\u017cyserowany przez duet Zosia Zija i Jacek Pi\u00f3ro. W videoklipie wyst\u0105pili Magdalena Czerwi\u0144ska, Piotr Nowak oraz Michalina Rudek. Zaraz po premierze p\u0142yty zesp\u00f3\u0142 wyrusza w og\u00f3lnopolsk\u0105 tras\u0119 koncertow\u0105. Od 21 pa\u017adziernika do 11 grudnia grupa zagra osiemna\u015bcie koncert\u00f3w. Oto szczeg\u00f3\u0142y trasy:<\/p>\n<p>21.10, Sopot, Scena<\/p>\n<p>23.10, Wroc\u0142aw, Zakl\u0119te Rewiry<\/p>\n<p>27.10, Krak\u00f3w, Kwadrat<\/p>\n<p>28.10, Kielce, Grand Music Club<\/p>\n<p>29.10, Tychy, Underground<\/p>\n<p>5.11, Warszawa, Stodo\u0142a<\/p>\n<p>11.11, Katowice, Mega Club<\/p>\n<p>12.11, Rzesz\u00f3w, Life House<\/p>\n<p>13.11, Lublin, Shine<\/p>\n<p>18.11, Szczecin, S\u0142owianin<\/p>\n<p>26.11, Toru\u0144, Od Nowa<\/p>\n<p>2.12, Bia\u0142ystok, Gwint<\/p>\n<p>3.12, Olsztyn, C.E.I.K<\/p>\n<p>4.12, Gda\u0144sk, Parlament<\/p>\n<p>8.12, Pozna\u0144, M.T.P 2<\/p>\n<p>9.12, Zielona G\u00f3ra, Kawon<\/p>\n<p>10.12, Zabrze, CK Wiatrak<\/p>\n<p>11.12, \u0141\u00f3d\u017a, Wytw\u00f3rnia<\/p>\n<p>&nbsp;<\/p>\n<p>Wi\u0119cej na temat trasy: <a href=\"https:\/\/www.facebook.com\/Coma.rock.art\/?fref=ts\">https:\/\/www.facebook.com\/Coma.rock.art\/?fref=ts<\/a><\/p>\n<p>\u201e2005 YU55\u201d to eksperymentalny koncept album balansuj\u0105cy na granicy muzycznego audiobooka i klasycznego rockowego albumu. Jak zaznaczaj\u0105 tw\u00f3rcy p\u0142yty, tym razem ich uwaga skupi\u0142a si\u0119 na warstwie tekstowej, kt\u00f3ra stanowi tutaj nadrz\u0119dn\u0105 rol\u0119. Szesnastocz\u0119\u015bciowa historia jest opisem kryzysowych moment\u00f3w \u017cycia Adama Polaka, g\u0142\u00f3wnego bohatera opowie\u015bci. Momentem zwrotnym w jego \u017cyciu jest czas nieoczywistego spotkania z planetoid\u0105 o nazwie \u201e2005 YU55\u201d. Wp\u0142yw, jaki wywiera owo spotkanie, jest bod\u017acem dla pog\u0142\u0119bienia \u015bwiadomo\u015bci o w\u0142asnym \u017cyciu i ukrytych mechanizmach, kt\u00f3rym ono podlega.<\/p>\n<p>Album \u201e2005 YU55\u201d jest ju\u017c dost\u0119pny pod tym adresem:<\/p>\n<p><a href=\"http:\/\/bit.ly\/2cG0V93\">http:\/\/bit.ly\/2cG0V93<\/a><\/p>\n<p><strong>Teledysk \u201eLipiec\u201d <\/strong><\/p>\n<p>&nbsp;<\/p>\n<p>Wyst\u0105pili:\u00a0Magdalena Czerwi\u0144ska, Piotr Nowak oraz Michalina Rudek<\/p>\n<p>Pomys\u0142 i re\u017cyseria: Zosia Zija i Jacek Pi\u00f3ro<\/p>\n<p>Zdj\u0119cia: Zosia Zija i Jacek Pi\u00f3ro<\/p>\n<p>Monta\u017c i korekcja barwna: Jacek Kloskowski<\/p>\n<p>Produkcja: One Production &#8211; Jan Dybek-Perski, Wojciech Szwagrzyk<\/p>\n<p>Asystent re\u017cysera: \u0141ukasz Wiewi\u00f3rski<\/p>\n<p>Kostiumograf: Iza Izbi\u0144ska<\/p>\n<p>As. kostiumografa: Dominika Skolarska<br \/>\nCharakteryzacja: Jarek Korniluk<\/p>\n<p>Dy\u017curny planu: Krzysztof Ginter<\/p>\n","protected":false},"excerpt":{"rendered":"<p>Coma prezentuje pierwszy singiel promuj\u0105cy p\u0142yt\u0119 \u201e2005 YU55\u201d. Utw\u00f3r \u201eLipiec&#8221; to jedna z szesnastu piosenek z nowego materia\u0142u \u0142\u00f3dzkiego zespo\u0142u.\u00a0 Najnowszy kr\u0105\u017cek Comy uka\u017ce si\u0119 ju\u017c 7 pa\u017adziernika. Singlowi towarzyszy teledysk wyre\u017cyserowany przez duet Zosia Zija i Jacek Pi\u00f3ro. W videoklipie wyst\u0105pili Magdalena Czerwi\u0144ska, Piotr Nowak oraz Michalina Rudek. Zaraz po premierze p\u0142yty zesp\u00f3\u0142 wyrusza [&hellip;]<\/p>\n","protected":false},"author":1,"featured_media":0,"comment_status":"closed","ping_status":"open","sticky":false,"template":"","format":"standard","meta":{"jetpack_post_was_ever_published":false,"_jetpack_newsletter_access":"","_jetpack_dont_email_post_to_subs":false,"_jetpack_newsletter_tier_id":0,"_jetpack_memberships_contains_paywalled_content":false,"_jetpack_memberships_contains_paid_content":false,"footnotes":"","jetpack_publicize_message":"","jetpack_publicize_feature_enabled":true,"jetpack_social_post_already_shared":true,"jetpack_social_options":{"image_generator_settings":{"template":"highway","default_image_id":0,"enabled":false},"version":2}},"categories":[6,4],"tags":[],"class_list":["post-6612","post","type-post","status-publish","format-standard","hentry","category-klipy","category-koncerty"],"jetpack_publicize_connections":[],"jetpack_featured_media_url":"","jetpack_sharing_enabled":true,"jetpack_shortlink":"https:\/\/wp.me\/p67auQ-1IE","_links":{"self":[{"href":"http:\/\/muzykabeztajemnic.info.pl\/index.php?rest_route=\/wp\/v2\/posts\/6612","targetHints":{"allow":["GET"]}}],"collection":[{"href":"http:\/\/muzykabeztajemnic.info.pl\/index.php?rest_route=\/wp\/v2\/posts"}],"about":[{"href":"http:\/\/muzykabeztajemnic.info.pl\/index.php?rest_route=\/wp\/v2\/types\/post"}],"author":[{"embeddable":true,"href":"http:\/\/muzykabeztajemnic.info.pl\/index.php?rest_route=\/wp\/v2\/users\/1"}],"replies":[{"embeddable":true,"href":"http:\/\/muzykabeztajemnic.info.pl\/index.php?rest_route=%2Fwp%2Fv2%2Fcomments&post=6612"}],"version-history":[{"count":0,"href":"http:\/\/muzykabeztajemnic.info.pl\/index.php?rest_route=\/wp\/v2\/posts\/6612\/revisions"}],"wp:attachment":[{"href":"http:\/\/muzykabeztajemnic.info.pl\/index.php?rest_route=%2Fwp%2Fv2%2Fmedia&parent=6612"}],"wp:term":[{"taxonomy":"category","embeddable":true,"href":"http:\/\/muzykabeztajemnic.info.pl\/index.php?rest_route=%2Fwp%2Fv2%2Fcategories&post=6612"},{"taxonomy":"post_tag","embeddable":true,"href":"http:\/\/muzykabeztajemnic.info.pl\/index.php?rest_route=%2Fwp%2Fv2%2Ftags&post=6612"}],"curies":[{"name":"wp","href":"https:\/\/api.w.org\/{rel}","templated":true}]}}