{"id":650,"date":"2015-05-21T16:53:50","date_gmt":"2015-05-21T16:53:50","guid":{"rendered":"http:\/\/muzykabeztajemnic.info.pl\/?p=650"},"modified":"2015-05-21T16:53:50","modified_gmt":"2015-05-21T16:53:50","slug":"sarakina-balkanska-muzyka-w-starym-klasztorze","status":"publish","type":"post","link":"http:\/\/muzykabeztajemnic.info.pl\/?p=650","title":{"rendered":"SARAKINA \u2013 ba\u0142ka\u0144ska muzyka w Starym Klasztorze!"},"content":{"rendered":"<p><a href=\"http:\/\/muzykabeztajemnic.info.pl\/wp-content\/uploads\/2015\/05\/sarakina.jpg\"><img loading=\"lazy\" decoding=\"async\" class=\"alignnone size-large wp-image-651\" src=\"http:\/\/muzykabeztajemnic.info.pl\/wp-content\/uploads\/2015\/05\/sarakina-600x398.jpg\" alt=\"sarakina\" width=\"600\" height=\"398\" srcset=\"http:\/\/muzykabeztajemnic.info.pl\/wp-content\/uploads\/2015\/05\/sarakina-600x398.jpg 600w, http:\/\/muzykabeztajemnic.info.pl\/wp-content\/uploads\/2015\/05\/sarakina-300x199.jpg 300w, http:\/\/muzykabeztajemnic.info.pl\/wp-content\/uploads\/2015\/05\/sarakina.jpg 886w\" sizes=\"auto, (max-width: 600px) 100vw, 600px\" \/><\/a><\/p>\n<p>Ethno Jazz Festival \u00a0zaprasza na kolejny koncert z cyklu Muzyka \u015awiata w Starym Klasztorze.<\/p>\n<p>18 czerwca w gotyckich wn\u0119trzach klubu przy ul. Purkyniego 1 przed wroc\u0142awsk\u0105 publiczno\u015bci\u0105 zaprezetunje si\u0119 zesp\u00f3\u0142 SARAKINA<\/p>\n<p>&nbsp;<\/p>\n<p>SARAKINA to polsko-bu\u0142garsko-czeska grupa muzyczna \u0142\u0105cz\u0105ca muzyk\u0119 ba\u0142ka\u0144sk\u0105 z folkiem, jazzem i world music. Kompozycje i aran\u017cacje z wp\u0142ywami bu\u0142garskiej muzyki ludowej, klasycznej jak i z elementami improwizacji jazzowej przenosz\u0105 klimaty etniczne do muzyki artystycznej. Zesp\u00f3\u0142 tworz\u0105 profesjonalni muzycy, absolwenci wy\u017cszych szk\u00f3\u0142 muzycznych, graj\u0105cy na takich instrumentach jak: akordeon, klarnet, kontrabas, kaval, dudy, tupan, tambura. Grupa koncertuje od 1999 roku.<\/p>\n<p>&nbsp;<\/p>\n<p>&#8222;Sarakina to orientalne imi\u0119 pi\u0119knej dziewczyny z Ba\u0142kan\u00f3w, wioska w Grecji i nazwa zespo\u0142u z Bia\u0142egostoku graj\u0105cego muzyk\u0119 o bu\u0142garskich korzeniach. (&#8230;) Graj\u0105 kompozycje i aran\u017cacje melodii i motyw\u00f3w muzycznych pochodz\u0105cych z Bu\u0142garii i Macedonii (&#8230;) Jak w kalejdoskopie mieszaj\u0105 si\u0119 tempa i nastroje, a nawet epoki: obok archaicznych za\u015bpiew\u00f3w s\u0105siaduj\u0105 \u00a0jazzowe, wirtuozersko zagrane wstawki, a klarnet &#8222;gada z etnicznymi instrumentami&#8221;. MONIKA \u017bMIJEWSKA (Gazeta Wyborcza)<\/p>\n<p>&nbsp;<\/p>\n<p>&#8222;Koncertu \u00a0zespo\u0142u SARAKINA powinni pos\u0142ucha\u0107 zar\u00f3wno wielbiciele muzyki ba\u0142ka\u0144skiej jak i ci, kt\u00f3rzy jej nie lubi\u0105. Pierwsi us\u0142ysz\u0105 sw\u0105 ulubion\u0105 muzyk\u0119 w wysmakowanych, subtelnych aran\u017cacjach. Drudzy mog\u0105 przekona\u0107 si\u0119, \u017ce w przeciwie\u0144stwie do nachalnych, kiczowatych produkcji telewizyjnych \u00a0&#8211; tw\u00f3rczo\u015b\u0107 odwo\u0142uj\u0105ca si\u0119 do ba\u0142ka\u0144skich korzeni mo\u017ce by\u0107 pi\u0119kna i inteligentna&#8221;. JANAS (Czas Kultury)<\/p>\n<p>&nbsp;<\/p>\n<p>Zesp\u00f3\u0142 Sarakina tworz\u0105:<\/p>\n<p>JACEK GREKOW &#8211; kaval, dudy, akordeon<\/p>\n<p>JAN MLEJNEK &#8211; klarnet, tambura<\/p>\n<p>MATEUSZ BIELSKI &#8211; kontrabas<\/p>\n<p>KRZYSZTOF OSTASZ &#8211; perkusja, tupan<\/p>\n<p>WERONIKA GROZDEW &#8211; vocal<\/p>\n<p>18.06.15 godz.20.00 klub muzyczny Stary Klasztor, ul. Purkyniego 1<\/p>\n<p>Ethno Jazz Festival &#8211; Muzyka \u015awiata w Starym Klasztorze<\/p>\n<p>SARAKINA Balkan Band<\/p>\n<p>&nbsp;<\/p>\n<p>miejsca siedz\u0105ce: 30 z\u0142 \u2013 przedsprzeda\u017c w klubie i rezerwacje:\u00a0<a title=\"Ten zewn\u0119trzny odno\u015bnik otworzy si\u0119 w nowym oknie\" href=\"https:\/\/mklamka.webd.pl:2096\/cpsess195259952\/3rdparty\/squirrelmail\/src\/compose.php?send_to=bilety@o2.pl\" target=\"_blank\">bilety@o2.pl<\/a>, 35 z\u0142 &#8211; w punktach sprzeda\u017cy i przed koncertemwej\u015bci\u00f3wki (studenci i uczniowie): 20 z\u0142 \u2013 przedsprzeda\u017c w klubie i rezerwacje:\u00a0<a title=\"Ten zewn\u0119trzny odno\u015bnik otworzy si\u0119 w nowym oknie\" href=\"https:\/\/mklamka.webd.pl:2096\/cpsess195259952\/3rdparty\/squirrelmail\/src\/compose.php?send_to=bilety@o2.pl\" target=\"_blank\">bilety@o2.pl<\/a>, 25 z\u0142 &#8211; w punktach sprzeda\u017cy i przed koncertem<\/p>\n<p>&nbsp;<\/p>\n<p>Bilety dost\u0119pne w sieci salon\u00f3w Empik i MediaMarkt w ca\u0142ej Polsce\u00a0oraz w serwisach:\u00a0<a title=\"Ten zewn\u0119trzny odno\u015bnik otworzy si\u0119 w nowym oknie\" href=\"http:\/\/www.biletin.pl\/\" target=\"_blank\">www.biletin.pl<\/a>,\u00a0<a title=\"Ten zewn\u0119trzny odno\u015bnik otworzy si\u0119 w nowym oknie\" href=\"http:\/\/www.ticketpro.pl\/\" target=\"_blank\">www.ticketpro.pl<\/a>, \u00a0<a title=\"Ten zewn\u0119trzny odno\u015bnik otworzy si\u0119 w nowym oknie\" href=\"http:\/\/www.ebilet.pl\/\" target=\"_blank\">www.ebilet.pl<\/a>,\u00a0<a title=\"Ten zewn\u0119trzny odno\u015bnik otworzy si\u0119 w nowym oknie\" href=\"http:\/\/www.eventim.pl\/\" target=\"_blank\">www.eventim.pl<\/a>, \u00a0rezerwacje:\u00a0<a title=\"Ten zewn\u0119trzny odno\u015bnik otworzy si\u0119 w nowym oknie\" href=\"https:\/\/mklamka.webd.pl:2096\/cpsess195259952\/3rdparty\/squirrelmail\/src\/compose.php?send_to=bilety@o2.pl\" target=\"_blank\">bilety@o2.pl<\/a><\/p>\n","protected":false},"excerpt":{"rendered":"<p>Ethno Jazz Festival \u00a0zaprasza na kolejny koncert z cyklu Muzyka \u015awiata w Starym Klasztorze. 18 czerwca w gotyckich wn\u0119trzach klubu przy ul. Purkyniego 1 przed wroc\u0142awsk\u0105 publiczno\u015bci\u0105 zaprezetunje si\u0119 zesp\u00f3\u0142 SARAKINA &nbsp; SARAKINA to polsko-bu\u0142garsko-czeska grupa muzyczna \u0142\u0105cz\u0105ca muzyk\u0119 ba\u0142ka\u0144sk\u0105 z folkiem, jazzem i world music. Kompozycje i aran\u017cacje z wp\u0142ywami bu\u0142garskiej muzyki ludowej, klasycznej [&hellip;]<\/p>\n","protected":false},"author":1,"featured_media":651,"comment_status":"closed","ping_status":"open","sticky":false,"template":"","format":"standard","meta":{"jetpack_post_was_ever_published":false,"_jetpack_newsletter_access":"","_jetpack_dont_email_post_to_subs":false,"_jetpack_newsletter_tier_id":0,"_jetpack_memberships_contains_paywalled_content":false,"_jetpack_memberships_contains_paid_content":false,"footnotes":"","jetpack_publicize_message":"","jetpack_publicize_feature_enabled":true,"jetpack_social_post_already_shared":true,"jetpack_social_options":{"image_generator_settings":{"template":"highway","default_image_id":0,"enabled":false},"version":2}},"categories":[4],"tags":[],"class_list":["post-650","post","type-post","status-publish","format-standard","has-post-thumbnail","hentry","category-koncerty"],"jetpack_publicize_connections":[],"jetpack_featured_media_url":"http:\/\/muzykabeztajemnic.info.pl\/wp-content\/uploads\/2015\/05\/sarakina.jpg","jetpack_sharing_enabled":true,"jetpack_shortlink":"https:\/\/wp.me\/p67auQ-au","_links":{"self":[{"href":"http:\/\/muzykabeztajemnic.info.pl\/index.php?rest_route=\/wp\/v2\/posts\/650","targetHints":{"allow":["GET"]}}],"collection":[{"href":"http:\/\/muzykabeztajemnic.info.pl\/index.php?rest_route=\/wp\/v2\/posts"}],"about":[{"href":"http:\/\/muzykabeztajemnic.info.pl\/index.php?rest_route=\/wp\/v2\/types\/post"}],"author":[{"embeddable":true,"href":"http:\/\/muzykabeztajemnic.info.pl\/index.php?rest_route=\/wp\/v2\/users\/1"}],"replies":[{"embeddable":true,"href":"http:\/\/muzykabeztajemnic.info.pl\/index.php?rest_route=%2Fwp%2Fv2%2Fcomments&post=650"}],"version-history":[{"count":0,"href":"http:\/\/muzykabeztajemnic.info.pl\/index.php?rest_route=\/wp\/v2\/posts\/650\/revisions"}],"wp:featuredmedia":[{"embeddable":true,"href":"http:\/\/muzykabeztajemnic.info.pl\/index.php?rest_route=\/wp\/v2\/media\/651"}],"wp:attachment":[{"href":"http:\/\/muzykabeztajemnic.info.pl\/index.php?rest_route=%2Fwp%2Fv2%2Fmedia&parent=650"}],"wp:term":[{"taxonomy":"category","embeddable":true,"href":"http:\/\/muzykabeztajemnic.info.pl\/index.php?rest_route=%2Fwp%2Fv2%2Fcategories&post=650"},{"taxonomy":"post_tag","embeddable":true,"href":"http:\/\/muzykabeztajemnic.info.pl\/index.php?rest_route=%2Fwp%2Fv2%2Ftags&post=650"}],"curies":[{"name":"wp","href":"https:\/\/api.w.org\/{rel}","templated":true}]}}