{"id":6348,"date":"2016-09-01T19:26:50","date_gmt":"2016-09-01T19:26:50","guid":{"rendered":"https:\/\/muzykabeztajemnic.info.pl\/?p=6348"},"modified":"2016-09-01T19:26:50","modified_gmt":"2016-09-01T19:26:50","slug":"najnowszy-teaser-debiutanckiego-albumu-buslava","status":"publish","type":"post","link":"http:\/\/muzykabeztajemnic.info.pl\/?p=6348","title":{"rendered":"Najnowszy teaser debiutanckiego albumu Buslava"},"content":{"rendered":"<p>Na oficjalnym kanale youtube <strong>Buslava<\/strong> opublikowany zosta\u0142 trzeci teaser przybli\u017caj\u0105cy posta\u0107 artysty, kt\u00f3ry tym razem pokazany zosta\u0142 od strony koncertowej. Video zosta\u0142o zrealizowane, podczas sierpniowego wyst\u0119pu w Cudzie Nad Wis\u0142\u0105 w Warszawie, dzi\u0119ki wsparciu Casio &#8211; producenta pianin cyfrowych i hybrydowych.<\/p>\n<p><iframe loading=\"lazy\" title=\"Buslav - Teaser 3\/3\" width=\"800\" height=\"450\" src=\"https:\/\/www.youtube.com\/embed\/34-VFCV879U?feature=oembed\" frameborder=\"0\" allow=\"accelerometer; autoplay; clipboard-write; encrypted-media; gyroscope; picture-in-picture; web-share\" referrerpolicy=\"strict-origin-when-cross-origin\" allowfullscreen><\/iframe><\/p>\n<table width=\"100%\">\n<tbody>\n<tr>\n<td>\n<table width=\"100%\">\n<tbody>\n<tr>\n<td>\n<table width=\"100%\">\n<tbody>\n<tr>\n<td>\n<table width=\"100%\">\n<tbody>\n<tr>\n<td>Debiutancki album Buslava uka\u017ce si\u0119 ju\u017c 7 pa\u017adziernika, r\u00f3wnolegle wystartuje trasa koncertowa artysty, kt\u00f3rego zobaczy\u0107 i us\u0142ysze\u0107 na \u017cywo b\u0119dzie mo\u017cna w:<\/td>\n<\/tr>\n<\/tbody>\n<\/table>\n<\/td>\n<\/tr>\n<\/tbody>\n<\/table>\n<\/td>\n<\/tr>\n<\/tbody>\n<\/table>\n<\/td>\n<\/tr>\n<tr>\n<td>\n<table width=\"100%\">\n<tbody>\n<tr>\n<td>\n<table width=\"300\">\n<tbody>\n<tr>\n<td>\n<table width=\"100%\">\n<tbody>\n<tr>\n<td>\n<table width=\"100%\">\n<tbody>\n<tr>\n<td>\n7.10 Stodo\u0142a, Warszawa<br \/>\n15.10 Alchemia, Krak\u00f3w<br \/>\n21.10 Remedium, Sosnowiec<br \/>\n6.11 CK, \u0141omianki<br \/>\n10.11 Meskalina, Pozna\u0144<br \/>\n11.11 RCK, Rogo\u017ano<br \/>\n18.11 \u015awiecie, OKSiR<br \/>\n19.11 Rotunda P\u00f3\u0142nocna, Szczecin<br \/>\n25.11 Dw\u00f3r Artusa, Toru\u0144<br \/>\n26.11 Klubogaleria Arte, Olsztyn<br \/>\n3.12 RCK, Ko\u0142obrzeg<br \/>\n9.12 Polskie Radio, Rzesz\u00f3w<br \/>\n10.12 Centrum Kultury i Nauki ZAMEK, Przemy\u015bl<\/td>\n<\/tr>\n<\/tbody>\n<\/table>\n<\/td>\n<\/tr>\n<\/tbody>\n<\/table>\n<\/td>\n<\/tr>\n<\/tbody>\n<\/table>\n<\/td>\n<\/tr>\n<\/tbody>\n<\/table>\n<\/td>\n<\/tr>\n<tr>\n<td>\n<table width=\"100%\">\n<tbody>\n<tr>\n<td>\n<table width=\"100%\">\n<tbody>\n<tr>\n<td>\n<table width=\"100%\">\n<tbody>\n<tr>\n<td>Wst\u0119pem do jesiennej trasy b\u0119dzie wyst\u0119p Buslava na Repperbahn Festival w Hamburgu, natomiast powy\u017csze koncerty to nie koniec, kolejne daty i miejsca zostan\u0105 og\u0142oszone ju\u017c wkr\u00f3tce.<\/td>\n<\/tr>\n<\/tbody>\n<\/table>\n<\/td>\n<\/tr>\n<\/tbody>\n<\/table>\n<\/td>\n<\/tr>\n<\/tbody>\n<\/table>\n<\/td>\n<\/tr>\n<\/tbody>\n<\/table>\n<p>&nbsp;<\/p>\n<p><a href=\"https:\/\/wmg.lnk.to\/Buslav\">Pos\u0142uchaj<\/a><\/p>\n<p>&nbsp;<\/p>\n","protected":false},"excerpt":{"rendered":"<p>Na oficjalnym kanale youtube Buslava opublikowany zosta\u0142 trzeci teaser przybli\u017caj\u0105cy posta\u0107 artysty, kt\u00f3ry tym razem pokazany zosta\u0142 od strony koncertowej. Video zosta\u0142o zrealizowane, podczas sierpniowego wyst\u0119pu w Cudzie Nad Wis\u0142\u0105 w Warszawie, dzi\u0119ki wsparciu Casio &#8211; producenta pianin cyfrowych i hybrydowych. Debiutancki album Buslava uka\u017ce si\u0119 ju\u017c 7 pa\u017adziernika, r\u00f3wnolegle wystartuje trasa koncertowa artysty, kt\u00f3rego [&hellip;]<\/p>\n","protected":false},"author":1,"featured_media":0,"comment_status":"closed","ping_status":"open","sticky":false,"template":"","format":"standard","meta":{"jetpack_post_was_ever_published":false,"_jetpack_newsletter_access":"","_jetpack_dont_email_post_to_subs":false,"_jetpack_newsletter_tier_id":0,"_jetpack_memberships_contains_paywalled_content":false,"_jetpack_memberships_contains_paid_content":false,"footnotes":"","jetpack_publicize_message":"","jetpack_publicize_feature_enabled":true,"jetpack_social_post_already_shared":true,"jetpack_social_options":{"image_generator_settings":{"template":"highway","default_image_id":0,"enabled":false},"version":2}},"categories":[1],"tags":[],"class_list":["post-6348","post","type-post","status-publish","format-standard","hentry","category-uncategorized"],"jetpack_publicize_connections":[],"jetpack_featured_media_url":"","jetpack_sharing_enabled":true,"jetpack_shortlink":"https:\/\/wp.me\/p67auQ-1Eo","_links":{"self":[{"href":"http:\/\/muzykabeztajemnic.info.pl\/index.php?rest_route=\/wp\/v2\/posts\/6348","targetHints":{"allow":["GET"]}}],"collection":[{"href":"http:\/\/muzykabeztajemnic.info.pl\/index.php?rest_route=\/wp\/v2\/posts"}],"about":[{"href":"http:\/\/muzykabeztajemnic.info.pl\/index.php?rest_route=\/wp\/v2\/types\/post"}],"author":[{"embeddable":true,"href":"http:\/\/muzykabeztajemnic.info.pl\/index.php?rest_route=\/wp\/v2\/users\/1"}],"replies":[{"embeddable":true,"href":"http:\/\/muzykabeztajemnic.info.pl\/index.php?rest_route=%2Fwp%2Fv2%2Fcomments&post=6348"}],"version-history":[{"count":0,"href":"http:\/\/muzykabeztajemnic.info.pl\/index.php?rest_route=\/wp\/v2\/posts\/6348\/revisions"}],"wp:attachment":[{"href":"http:\/\/muzykabeztajemnic.info.pl\/index.php?rest_route=%2Fwp%2Fv2%2Fmedia&parent=6348"}],"wp:term":[{"taxonomy":"category","embeddable":true,"href":"http:\/\/muzykabeztajemnic.info.pl\/index.php?rest_route=%2Fwp%2Fv2%2Fcategories&post=6348"},{"taxonomy":"post_tag","embeddable":true,"href":"http:\/\/muzykabeztajemnic.info.pl\/index.php?rest_route=%2Fwp%2Fv2%2Ftags&post=6348"}],"curies":[{"name":"wp","href":"https:\/\/api.w.org\/{rel}","templated":true}]}}