{"id":534,"date":"2015-05-14T20:45:58","date_gmt":"2015-05-14T20:45:58","guid":{"rendered":"http:\/\/muzykabeztajemnic.info.pl\/?p=534"},"modified":"2015-05-14T20:45:58","modified_gmt":"2015-05-14T20:45:58","slug":"prad-natalii-przybysz-juz-dostepny-na-winylu","status":"publish","type":"post","link":"http:\/\/muzykabeztajemnic.info.pl\/?p=534","title":{"rendered":"Pr\u0105d Natalii Przybysz ju\u017c dost\u0119pny na winylu!"},"content":{"rendered":"<p><a href=\"http:\/\/muzykabeztajemnic.info.pl\/wp-content\/uploads\/2015\/05\/image001-7.jpg\"><img loading=\"lazy\" decoding=\"async\" class=\"alignnone size-full wp-image-535\" src=\"http:\/\/muzykabeztajemnic.info.pl\/wp-content\/uploads\/2015\/05\/image001-7.jpg\" alt=\"image001-7\" width=\"469\" height=\"421\" srcset=\"http:\/\/muzykabeztajemnic.info.pl\/wp-content\/uploads\/2015\/05\/image001-7.jpg 469w, http:\/\/muzykabeztajemnic.info.pl\/wp-content\/uploads\/2015\/05\/image001-7-300x269.jpg 300w\" sizes=\"auto, (max-width: 469px) 100vw, 469px\" \/><\/a><\/p>\n<p>Blues i soul wybornie smakuj\u0105 z no\u015bnika winylowego. A muzyka znajduj\u0105ca si\u0119 na przeci\u0119ciu si\u0119 tych gatunk\u00f3w znalaz\u0142a si\u0119 na ostatniej solowej p\u0142ycie\u00a0<strong>Natalii Przybysz, &#8222;Pr\u0105d&#8221;<\/strong>. Od dzi\u015b, piosenek z albumu mo\u017cna pos\u0142ucha\u0107 r\u00f3wnie\u017c z czarnego kr\u0105\u017cka!<\/p>\n<p>&nbsp;<\/p>\n<p>Album &#8222;Pr\u0105d&#8221; mia\u0142 premier\u0119 w listopadzie 2014 roku. Od tamtej pory czwarta solowa p\u0142yta Natalii Przybysz pokry\u0142a si\u0119 z\u0142otem, artystka otrzyma\u0142a te\u017c za ni\u0105\u00a0<strong>Fryderyka w kategorii &#8222;Rock&#8221;<\/strong>, a tak\u017ce\u00a0<strong>statuetk\u0119 za piosenk\u0119 &#8222;Mi\u00f3d&#8221;<\/strong>. Zar\u00f3wno do tej kompozycji, jak i utworu tytu\u0142owego powsta\u0142y wideoklipy. Teledysk nakr\u0119cono r\u00f3wnie\u017c do kawa\u0142ka\u00a0<strong>&#8222;Nazywam si\u0119 niebo&#8221;<\/strong>.<\/p>\n<p>&nbsp;<\/p>\n<p><iframe loading=\"lazy\" title=\"Natalia Przybysz - Pr\u0105d [Official Music Video]\" width=\"800\" height=\"450\" src=\"https:\/\/www.youtube.com\/embed\/wa60RNlHEww?feature=oembed\" frameborder=\"0\" allow=\"accelerometer; autoplay; clipboard-write; encrypted-media; gyroscope; picture-in-picture; web-share\" referrerpolicy=\"strict-origin-when-cross-origin\" allowfullscreen><\/iframe><\/p>\n<p>&nbsp;<\/p>\n<p>Dla Natalii punktem wyj\u015bcia do prac nad p\u0142yt\u0105 &#8222;Pr\u0105d&#8221; by\u0142o poprzednie wydawnictwo, z interpretacjami utwor\u00f3w Janis Joplin.<\/p>\n<p>&nbsp;<\/p>\n<p><em>&#8222;Spotkanie z piosenkami Janis da\u0142o mi szans\u0119 do\u015bwiadczenia \u017cywio\u0142u ognia, kt\u00f3rego nie chc\u0119 ju\u017c nigdy utraci\u0107. Zrozumia\u0142am, \u017ce chc\u0119 \u015bpiewa\u0107 o trudnych stronach \u017cycia, \u017ce prawda ma moc. Piosenki, kt\u00f3re teraz pisz\u0119 s\u0105 bardzo osobiste, czasem nawet dramatyczne, pisane pod wp\u0142ywem silnych prze\u017cy\u0107 i refleksji&#8221;<\/em>\u2013 m\u00f3wi\u0142a wokalistka.<\/p>\n<p>&nbsp;<\/p>\n<p>Opr\u00f3cz autorskich piosenek w zestawie znalaz\u0142y si\u0119 te\u017c utwory Czes\u0142awa Niemena (&#8222;Kwiaty ojczyste&#8221;) i Miry Kubasi\u0144skiej (&#8222;Do kogo idziesz?&#8221;). Album &#8222;Pr\u0105d&#8221; wyprodukowa\u0142 Jurek Zag\u00f3rski, gitarzysta zespo\u0142u Natalii Przybysz.<\/p>\n<p>&nbsp;<\/p>\n<p><u><a href=\"https:\/\/www.facebook.com\/#!\/NataliaPrzybyszOfficial\">Natalia na Facebooku!<\/a><\/u><br \/>\n<u><a href=\"https:\/\/www.facebook.com\/WarnerMusicPL?fref=ts\">Warner Music Poland na Fcebooku!<\/a><\/u><br \/>\n<a href=\"http:\/\/www.warnermusic.pl\/\">Warner Music Poland<\/a><\/p>\n","protected":false},"excerpt":{"rendered":"<p>Blues i soul wybornie smakuj\u0105 z no\u015bnika winylowego. A muzyka znajduj\u0105ca si\u0119 na przeci\u0119ciu si\u0119 tych gatunk\u00f3w znalaz\u0142a si\u0119 na ostatniej solowej p\u0142ycie\u00a0Natalii Przybysz, &#8222;Pr\u0105d&#8221;. Od dzi\u015b, piosenek z albumu mo\u017cna pos\u0142ucha\u0107 r\u00f3wnie\u017c z czarnego kr\u0105\u017cka! &nbsp; Album &#8222;Pr\u0105d&#8221; mia\u0142 premier\u0119 w listopadzie 2014 roku. Od tamtej pory czwarta solowa p\u0142yta Natalii Przybysz pokry\u0142a si\u0119 [&hellip;]<\/p>\n","protected":false},"author":1,"featured_media":535,"comment_status":"closed","ping_status":"open","sticky":false,"template":"","format":"standard","meta":{"jetpack_post_was_ever_published":false,"_jetpack_newsletter_access":"","_jetpack_dont_email_post_to_subs":false,"_jetpack_newsletter_tier_id":0,"_jetpack_memberships_contains_paywalled_content":false,"_jetpack_memberships_contains_paid_content":false,"footnotes":"","jetpack_publicize_message":"","jetpack_publicize_feature_enabled":true,"jetpack_social_post_already_shared":true,"jetpack_social_options":{"image_generator_settings":{"template":"highway","default_image_id":0,"enabled":false},"version":2}},"categories":[2],"tags":[],"class_list":["post-534","post","type-post","status-publish","format-standard","has-post-thumbnail","hentry","category-albumy"],"jetpack_publicize_connections":[],"jetpack_featured_media_url":"http:\/\/muzykabeztajemnic.info.pl\/wp-content\/uploads\/2015\/05\/image001-7.jpg","jetpack_sharing_enabled":true,"jetpack_shortlink":"https:\/\/wp.me\/p67auQ-8C","_links":{"self":[{"href":"http:\/\/muzykabeztajemnic.info.pl\/index.php?rest_route=\/wp\/v2\/posts\/534","targetHints":{"allow":["GET"]}}],"collection":[{"href":"http:\/\/muzykabeztajemnic.info.pl\/index.php?rest_route=\/wp\/v2\/posts"}],"about":[{"href":"http:\/\/muzykabeztajemnic.info.pl\/index.php?rest_route=\/wp\/v2\/types\/post"}],"author":[{"embeddable":true,"href":"http:\/\/muzykabeztajemnic.info.pl\/index.php?rest_route=\/wp\/v2\/users\/1"}],"replies":[{"embeddable":true,"href":"http:\/\/muzykabeztajemnic.info.pl\/index.php?rest_route=%2Fwp%2Fv2%2Fcomments&post=534"}],"version-history":[{"count":0,"href":"http:\/\/muzykabeztajemnic.info.pl\/index.php?rest_route=\/wp\/v2\/posts\/534\/revisions"}],"wp:featuredmedia":[{"embeddable":true,"href":"http:\/\/muzykabeztajemnic.info.pl\/index.php?rest_route=\/wp\/v2\/media\/535"}],"wp:attachment":[{"href":"http:\/\/muzykabeztajemnic.info.pl\/index.php?rest_route=%2Fwp%2Fv2%2Fmedia&parent=534"}],"wp:term":[{"taxonomy":"category","embeddable":true,"href":"http:\/\/muzykabeztajemnic.info.pl\/index.php?rest_route=%2Fwp%2Fv2%2Fcategories&post=534"},{"taxonomy":"post_tag","embeddable":true,"href":"http:\/\/muzykabeztajemnic.info.pl\/index.php?rest_route=%2Fwp%2Fv2%2Ftags&post=534"}],"curies":[{"name":"wp","href":"https:\/\/api.w.org\/{rel}","templated":true}]}}