{"id":508,"date":"2015-05-12T20:55:47","date_gmt":"2015-05-12T20:55:47","guid":{"rendered":"http:\/\/muzykabeztajemnic.info.pl\/?p=508"},"modified":"2015-05-12T20:55:47","modified_gmt":"2015-05-12T20:55:47","slug":"wybierz-mniejsze-zlo-nowa-plyta-percival-schuttenbach-w-sprzedazy-juz-w-piatek-premiera-wiedzmina-3-z-muzyka-zespolu-juz-19-maja","status":"publish","type":"post","link":"http:\/\/muzykabeztajemnic.info.pl\/?p=508","title":{"rendered":"Wybierz &#8222;Mniejsze Z\u0142o&#8221; &#8211; nowa p\u0142yta PERCIVAL SCHUTTENBACH w sprzeda\u017cy ju\u017c w pi\u0105tek! Premiera &#8222;Wied\u017amina 3&#8221; z muzyk\u0105 zespo\u0142u ju\u017c 19 maja!"},"content":{"rendered":"<p><strong><a href=\"http:\/\/muzykabeztajemnic.info.pl\/wp-content\/uploads\/2015\/05\/mniejszezlo_cover.jpg\"><img loading=\"lazy\" decoding=\"async\" class=\"alignnone size-large wp-image-509\" src=\"http:\/\/muzykabeztajemnic.info.pl\/wp-content\/uploads\/2015\/05\/mniejszezlo_cover-600x600.jpg\" alt=\"mniejszezlo_cover\" width=\"600\" height=\"600\" srcset=\"http:\/\/muzykabeztajemnic.info.pl\/wp-content\/uploads\/2015\/05\/mniejszezlo_cover-600x600.jpg 600w, http:\/\/muzykabeztajemnic.info.pl\/wp-content\/uploads\/2015\/05\/mniejszezlo_cover-150x150.jpg 150w, http:\/\/muzykabeztajemnic.info.pl\/wp-content\/uploads\/2015\/05\/mniejszezlo_cover-300x300.jpg 300w, http:\/\/muzykabeztajemnic.info.pl\/wp-content\/uploads\/2015\/05\/mniejszezlo_cover.jpg 1240w\" sizes=\"auto, (max-width: 600px) 100vw, 600px\" \/><\/a><\/strong><\/p>\n<p><strong>&#8222;Mniejsze Z\u0142o&#8221;<\/strong>\u00a0&#8211;\u00a0 o jego wyborze my\u015bli teraz wi\u0119kszo\u015b\u0107 Polak\u00f3w, lecz Ci z nich, kt\u00f3rzy znaj\u0105 si\u0119 na dobrej muzyce, b\u0119d\u0105 mieli prosty wyb\u00f3r &#8211; kupi\u0107 nowy album\u00a0<strong>Percival Schuttenbach &#8222;Mniejsze Z\u0142o&#8221;<\/strong>\u00a0i p\u00f3j\u015b\u0107 na jeden z koncert\u00f3w trasy o tym samym tytule.<\/p>\n<p>&nbsp;<\/p>\n<p>Percival Schuttenbach to zesp\u00f3\u0142 kojarzony przede wszystkim z udzia\u0142u w soundtracku do gry &#8222;Wied\u017amin 3&#8221; i platynowej &#8222;R\u00f3wnonocy&#8221;, potentat na scenie folk-metalowej i medieval-folkowej w Polsce. Ich oryginalna muzyka \u0142\u0105czy drapie\u017cno\u015b\u0107 metalu z energi\u0105 dawnych s\u0142owia\u0144skich pie\u015bni, wirtuozeri\u0119 muzyki ludowej z wiedz\u0105 na temat klasycznej harmonii.<\/p>\n<p>&nbsp;<\/p>\n<p>W najbli\u017cszym czasie &#8211; ju\u017c 19 maja &#8211; \u015bwiat\u0142o ujrzy gra &#8222;Wied\u017amin 3&#8221;, a wraz z ni\u0105 \u015bcie\u017cka d\u017awi\u0119kowa do gry, kt\u00f3ry Percival mia\u0142 zaszczyt wsp\u00f3\u0142tworzy\u0107.<\/p>\n<p>&nbsp;<\/p>\n<p>Jednak to nie koniec niespodzianek. 15 maja, a wi\u0119c tu\u017c przed premier\u0105 gry &#8222;Wied\u017amin 3&#8221;, \u015bwiat\u0142o dzienne ujrzy sk\u0142adanka oryginalnych wersji utwor\u00f3w ze \u015bcie\u017cki d\u017awi\u0119kowej &#8222;Wied\u017amina&#8221; w wykonaniu zespo\u0142u Percival. Sk\u0142adanka nosi tytu\u0142 &#8222;Wild Hunt&#8221;. Tutaj mo\u017cecie obejrze\u0107 proces powstawania ok\u0142adki do tej p\u0142yty:<\/p>\n<p><iframe loading=\"lazy\" title=\"Percival - Nowa p\u0142yta! Wild Hunt premiera 15 maja!\" width=\"800\" height=\"450\" src=\"https:\/\/www.youtube.com\/embed\/RPas5ZF9GIM?feature=oembed\" frameborder=\"0\" allow=\"accelerometer; autoplay; clipboard-write; encrypted-media; gyroscope; picture-in-picture; web-share\" referrerpolicy=\"strict-origin-when-cross-origin\" allowfullscreen><\/iframe><\/p>\n<p>&nbsp;<\/p>\n<p>Wracaj\u0105c do tytu\u0142owego<strong>\u00a0&#8222;Mniejszego z\u0142a&#8221; &#8211; premiera albumu\u00a0<\/strong>nast\u0105pi dok\u0142adnie w tym samym dniu, co p\u0142yty &#8222;Wild Hunt&#8221; &#8211; a wi\u0119c\u00a0<strong>15 maja<\/strong>. Album jest &#8211; pierwsz\u0105 chyba w Polsce &#8211; pr\u00f3b\u0105 po\u0142\u0105czenia kwintesencji polskiej muzyki ludowej &#8211; zar\u00f3wno tej wywodz\u0105cej si\u0119 z folkloru, jak i tej przetworzonej przez wielkich polskich kompozytor\u00f3w takich jak F.Chopin czy G.Bacewicz &#8211; z metalem. Teksty p\u0142yty oparte s\u0105 na starych polskich legendach i przypowie\u015bciach, i s\u0105 g\u0119sto przeplatane ludowymi tekstami, skrz\u0119tnie zapisanymi przez Oskara Kolberga. Album jest pr\u00f3b\u0105 zdefiniowania polskiej odmiany folk metalu, gatunku u nas jeszcze do\u015b\u0107 \u015bwie\u017cego, ale dynamicznie rozwijaj\u0105cego si\u0119. Dlaczego kopiowa\u0107 irlandzkie, skandynawskie czy fi\u0144skie wzorce, kiedy nasza w\u0142asna muzyka ludowa jest nies\u0142ychanie wirtuozerska i idealnie nadaje si\u0119 do tego, aby \u0142\u0105czy\u0107 j\u0105 z ci\u0119\u017cszymi brzmieniami?<\/p>\n<p>Fragment\u00f3w p\u0142yty mo\u017cna pos\u0142ucha\u0107 tutaj:<\/p>\n<p>&nbsp;<\/p>\n<p><iframe loading=\"lazy\" title=\"New Album PERCIVAL SCHUTTENBACH - Mniejsze Z\u0142o\" width=\"800\" height=\"450\" src=\"https:\/\/www.youtube.com\/embed\/oJopyVgPxIs?feature=oembed\" frameborder=\"0\" allow=\"accelerometer; autoplay; clipboard-write; encrypted-media; gyroscope; picture-in-picture; web-share\" referrerpolicy=\"strict-origin-when-cross-origin\" allowfullscreen><\/iframe><\/p>\n<p>&nbsp;<\/p>\n<p>ca\u0142o\u015b\u0107 dost\u0119pna dzi\u0119ki wytw\u00f3rni Fonografika:\u00a0<a href=\"http:\/\/fonografika.pl\/sklep\/mniejsze-zlo\/\">http:\/\/fonografika.pl\/sklep\/mniejsze-zlo\/<\/a>.<\/p>\n<p>&nbsp;<\/p>\n<p>Tracklista p\u0142yty prezentuje si\u0119 nast\u0119puj\u0105co:<\/p>\n<ol>\n<li>Oberek<br \/>\n2. Oj tam na mori<br \/>\n3. \u017bmij i dziewczyna<br \/>\n4. Dzierzba<br \/>\n5. I nie wr\u00f3ci\u0142&#8230;<br \/>\n6. Miodunka (\u041c\u0435\u0434\u0443\u043d\u0438\u0446\u0430)<br \/>\n7. Martwe z\u0142o<br \/>\n8. Zmora<br \/>\n9. Tridam<br \/>\n10. Nilfgaard<br \/>\n11. Cantara (Dead Can Dance cover)<\/li>\n<\/ol>\n<p>&nbsp;<\/p>\n<p>Tu\u017c po premierze &#8222;Wild Hunt&#8221;, &#8222;Mniejszego Z\u0142a&#8221; i &#8222;Wied\u017amina 3&#8221;, Percival Schuttenbach ruszy w tras\u0119 promocyjn\u0105 &#8222;Mniejsze z\u0142o tour&#8221;, w czasie kt\u00f3rej nie b\u0119dzie namawia\u0142 do g\u0142osowania na \u017cadnego z kandydat\u00f3w na prezydenta, tylko zagra kawa\u0142 dobrej muzyki w trzech aktach. W jednym z nich wykona na \u017cywo wszystkie utwory z najnowszej swojej p\u0142yty, w kolejnym &#8211; najwi\u0119ksze hity z p\u0142yt &#8222;Svantevit&#8221; i &#8222;Reakcja poga\u0144ska&#8221;. Ostatnia cz\u0119\u015b\u0107 koncertu b\u0119dzie niespodziank\u0105 przygotowan\u0105 specjalnie dla fan\u00f3w. Co ni\u0105 b\u0119dzie przekonaj\u0105 si\u0119 ci, kt\u00f3rzy pojawi\u0105 si\u0119 na koncertach.<\/p>\n<p>&nbsp;<\/p>\n<p>TRASA MNIEJSZE Z\u0141O 2015:\u00a0<a href=\"https:\/\/www.facebook.com\/events\/1424988444486991\/\">https:\/\/www.facebook.com\/events\/1424988444486991\/<\/a>\u00a0\u2013 bilety dost\u0119pne w klubach, na koncertach, oraz na stronie zespo\u0142u:\u00a0<a href=\"http:\/\/www.percival.pl\/sklep\/15-bilety\">http:\/\/www.percival.pl\/sklep\/15-bilety<\/a><br \/>\n3.06 Legnica &#8222;Spi\u017carnia&#8221;\u00a0https:\/\/www.facebook.com\/events\/1549116428703239\/<br \/>\n4.06 Katowice &#8222;Prokultura&#8221;\u00a0https:\/\/www.facebook.com\/events\/1545990045681261\/<br \/>\n5.06 Krak\u00f3w &#8222;Rotunda&#8221;\u00a0https:\/\/www.facebook.com\/events\/733738236742028\/<br \/>\n6.06 Lublin &#8222;Graffiti&#8221;\u00a0https:\/\/www.facebook.com\/events\/346240532244428\/<br \/>\n7.06 \u0141\u00f3d\u017a &#8222;Scenografia&#8221;\u00a0https:\/\/www.facebook.com\/events\/1384378221879711\/<br \/>\n9.06 Wroc\u0142aw &#8222;Firlej&#8221;\u00a0https:\/\/www.facebook.com\/events\/658661537595785\/<br \/>\n10.06 Pozna\u0144 &#8222;U Bazyla&#8221;\u00a0https:\/\/www.facebook.com\/events\/871631792900840\/<br \/>\n11.06 Gdynia &#8222;Ucho&#8221;\u00a0https:\/\/www.facebook.com\/events\/960045404006926\/<br \/>\n12.06. Szczecin &#8222;S\u0142owianin&#8221;\u00a0https:\/\/www.facebook.com\/events\/766091853487010\/<br \/>\n27.06 Bia\u0142ystok &#8222;Kawiarnia Muzyczna Fama&#8221;\u00a0https:\/\/www.facebook.com\/events\/444102982414092\/<br \/>\n28.06 Warszawa &#8222;Klub Voodoo&#8221;\u00a0https:\/\/www.facebook.com\/events\/1472723616359508\/<\/p>\n<p>&nbsp;<\/p>\n<p>To nie wszystkie koncerty \u2013 21 maja we wroc\u0142awskim Starym Klasztorze odb\u0119dzie si\u0119 wyj\u0105tkowy koncert wype\u0142niony utworami z sountracku do \u201cWied\u017amina 3\u201d. Natomiast 22 i 23 maja Percival zagra akustyczn\u0105 wersj\u0119 p\u0142yty &#8222;Reakcja poga\u0144ska&#8221; podczas XII Najazdu barbarzy\u0144c\u00f3w w Ogrodzie\u0144cu.<\/p>\n<p>&nbsp;<\/p>\n<p>To pocz\u0105tek obfituj\u0105cego w koncerty sezonu letniego, kiedy to zesp\u00f3\u0142 b\u0119dzie mo\u017cna zobaczy\u0107 mi\u0119dzy innymi na Castle Party w Bolkowie i na Seven Festival w W\u0119gorzewie, a tak\u017ce &#8211; jak zwykle co roku &#8211; w Wolinie, na Festiwalu S\u0142owian i Wiking\u00f3w.<\/p>\n","protected":false},"excerpt":{"rendered":"<p>&#8222;Mniejsze Z\u0142o&#8221;\u00a0&#8211;\u00a0 o jego wyborze my\u015bli teraz wi\u0119kszo\u015b\u0107 Polak\u00f3w, lecz Ci z nich, kt\u00f3rzy znaj\u0105 si\u0119 na dobrej muzyce, b\u0119d\u0105 mieli prosty wyb\u00f3r &#8211; kupi\u0107 nowy album\u00a0Percival Schuttenbach &#8222;Mniejsze Z\u0142o&#8221;\u00a0i p\u00f3j\u015b\u0107 na jeden z koncert\u00f3w trasy o tym samym tytule. &nbsp; Percival Schuttenbach to zesp\u00f3\u0142 kojarzony przede wszystkim z udzia\u0142u w soundtracku do gry &#8222;Wied\u017amin [&hellip;]<\/p>\n","protected":false},"author":1,"featured_media":509,"comment_status":"closed","ping_status":"open","sticky":false,"template":"","format":"standard","meta":{"jetpack_post_was_ever_published":false,"_jetpack_newsletter_access":"","_jetpack_dont_email_post_to_subs":false,"_jetpack_newsletter_tier_id":0,"_jetpack_memberships_contains_paywalled_content":false,"_jetpack_memberships_contains_paid_content":false,"footnotes":"","jetpack_publicize_message":"","jetpack_publicize_feature_enabled":true,"jetpack_social_post_already_shared":true,"jetpack_social_options":{"image_generator_settings":{"template":"highway","default_image_id":0,"enabled":false},"version":2}},"categories":[2],"tags":[],"class_list":["post-508","post","type-post","status-publish","format-standard","has-post-thumbnail","hentry","category-albumy"],"jetpack_publicize_connections":[],"jetpack_featured_media_url":"http:\/\/muzykabeztajemnic.info.pl\/wp-content\/uploads\/2015\/05\/mniejszezlo_cover.jpg","jetpack_sharing_enabled":true,"jetpack_shortlink":"https:\/\/wp.me\/p67auQ-8c","_links":{"self":[{"href":"http:\/\/muzykabeztajemnic.info.pl\/index.php?rest_route=\/wp\/v2\/posts\/508","targetHints":{"allow":["GET"]}}],"collection":[{"href":"http:\/\/muzykabeztajemnic.info.pl\/index.php?rest_route=\/wp\/v2\/posts"}],"about":[{"href":"http:\/\/muzykabeztajemnic.info.pl\/index.php?rest_route=\/wp\/v2\/types\/post"}],"author":[{"embeddable":true,"href":"http:\/\/muzykabeztajemnic.info.pl\/index.php?rest_route=\/wp\/v2\/users\/1"}],"replies":[{"embeddable":true,"href":"http:\/\/muzykabeztajemnic.info.pl\/index.php?rest_route=%2Fwp%2Fv2%2Fcomments&post=508"}],"version-history":[{"count":0,"href":"http:\/\/muzykabeztajemnic.info.pl\/index.php?rest_route=\/wp\/v2\/posts\/508\/revisions"}],"wp:featuredmedia":[{"embeddable":true,"href":"http:\/\/muzykabeztajemnic.info.pl\/index.php?rest_route=\/wp\/v2\/media\/509"}],"wp:attachment":[{"href":"http:\/\/muzykabeztajemnic.info.pl\/index.php?rest_route=%2Fwp%2Fv2%2Fmedia&parent=508"}],"wp:term":[{"taxonomy":"category","embeddable":true,"href":"http:\/\/muzykabeztajemnic.info.pl\/index.php?rest_route=%2Fwp%2Fv2%2Fcategories&post=508"},{"taxonomy":"post_tag","embeddable":true,"href":"http:\/\/muzykabeztajemnic.info.pl\/index.php?rest_route=%2Fwp%2Fv2%2Ftags&post=508"}],"curies":[{"name":"wp","href":"https:\/\/api.w.org\/{rel}","templated":true}]}}