{"id":441,"date":"2015-05-08T11:09:50","date_gmt":"2015-05-08T11:09:50","guid":{"rendered":"http:\/\/muzykabeztajemnic.info.pl\/?p=441"},"modified":"2015-05-08T11:09:50","modified_gmt":"2015-05-08T11:09:50","slug":"tsa-powraca-proceder-ponownie-w-sprzedazy","status":"publish","type":"post","link":"http:\/\/muzykabeztajemnic.info.pl\/?p=441","title":{"rendered":"TSA powraca! &#8222;Proceder&#8221; ponownie w sprzeda\u017cy!"},"content":{"rendered":"<div id=\"attachment_442\" style=\"width: 430px\" class=\"wp-caption alignnone\"><a href=\"http:\/\/muzykabeztajemnic.info.pl\/wp-content\/uploads\/2015\/05\/TSA-fot-Rados\u00b3aw-Nowacki.jpg\"><img loading=\"lazy\" decoding=\"async\" aria-describedby=\"caption-attachment-442\" class=\"size-large wp-image-442\" src=\"http:\/\/muzykabeztajemnic.info.pl\/wp-content\/uploads\/2015\/05\/TSA-fot-Rados\u00b3aw-Nowacki-420x600.jpg\" alt=\"foto: Rados\u0142aw Nowacki\/MMP\" width=\"420\" height=\"600\" srcset=\"http:\/\/muzykabeztajemnic.info.pl\/wp-content\/uploads\/2015\/05\/TSA-fot-Rados\u00b3aw-Nowacki-420x600.jpg 420w, http:\/\/muzykabeztajemnic.info.pl\/wp-content\/uploads\/2015\/05\/TSA-fot-Rados\u00b3aw-Nowacki-210x300.jpg 210w, http:\/\/muzykabeztajemnic.info.pl\/wp-content\/uploads\/2015\/05\/TSA-fot-Rados\u00b3aw-Nowacki.jpg 499w\" sizes=\"auto, (max-width: 420px) 100vw, 420px\" \/><\/a><p id=\"caption-attachment-442\" class=\"wp-caption-text\">foto: Rados\u0142aw Nowacki\/MMP<\/p><\/div>\n<p>&nbsp;<\/p>\n<pre>Metal Mind Productions z dum\u0105 og\u0142asza ponowne nawi\u0105zanie wsp\u00f3\u0142pracy z legend\u0105 polskiego rocka - <strong>TSA<\/strong>! Pierwszym efektem  tej wsp\u00f3\u0142pracy jest wznowienie <strong>kultowego ju\u017c albumu \"Proceder\", kt\u00f3ry by\u0142 nieosi\u0105galny na rynku od wielu lat! <\/strong>To jedna z najwa\u017cniejszych polskich rockowych p\u0142yt ostatniego dwudziestolecia. Album, kt\u00f3ry w 2004 roku rzuci\u0142 na kolana fan\u00f3w i krytyk\u00f3w muzycznych, wspi\u0105\u0142 si\u0119 do czo\u0142\u00f3wki najlepiej sprzedaj\u0105cych si\u0119 p\u0142yt w tamtym okresie, a nast\u0119pnie na d\u0142ugie lata znikn\u0105\u0142 z p\u00f3\u0142ek sklepowych. <strong>Reedycja \"Procederu\" w nowej szacie graficznej w sklepach uka\u017ce si\u0119 ju\u017c 22 maja!<\/strong> Dodatkow\u0105 gratk\u0105 jest fakt, \u017ce jesieni\u0105 \"Proceder\" pojawi si\u0119 tak\u017ce w wersji winylowej!<\/pre>\n<pre>\"'Proceder' to bardzo wa\u017cna pozycja w dyskografii TSA\" - komentuje Stefan Machel - \"Nikt nie wierzy\u0142, \u017ce jeste\u015bmy w stanie zaprezentowa\u0107 tak dobre utwory po tylu latach. A jednak to zrobili\u015bmy i jeste\u015bmy z tej p\u0142yty dumni.\" A Marek Kap\u0142on uzupe\u0142nia - \"Lubi\u0119 'Proceder'. To niezwykle wa\u017cna pozycja w dyskografii TSA. Nagrany po kilkunastoletniej przerwie jest dowodem, \u017ce zesp\u00f3\u0142 idzie do przodu i nadal ma co\u015b warto\u015bciowego do powiedzenia. I brzmi jak nigdy dot\u0105d.\"<\/pre>\n<pre>\"To najbardziej przemy\u015blana, dojrza\u0142a i najlepiej brzmi\u0105ca p\u0142yta w dorobku TSA\" - dodaje Marek Piekarczyk, a Andrzej Nowak reasumuje - \"Ciesz\u0119 si\u0119 , \u017ce nareszcie mog\u0119 sobie kupi\u0107 p\u0142yt\u0119 'Proceder':)\".\r\n\r\nStefan Machel zapowiada r\u00f3wnie\u017c - \"Reedycja jest du\u017cym krokiem w stron\u0119 tego, aby\u015bmy mieli wszystkie p\u0142yty TSA w sklepach oraz motywacj\u0105 do pracy nad nowym materia\u0142em :-)\".<\/pre>\n<pre>Przypomnijmy, \u017ce \"Proceder\" na rynku ukaza\u0142 si\u0119 5 kwietnia 2004 roku. Kr\u0105\u017cek zarejestrowany zosta\u0142 mi\u0119dzy 15 stycznia a 2 lutego w Studio 7 w Piasecznie. Nad produkcj\u0105 czuwa\u0142 Stefan Machel, a za realizacj\u0119 i miks odpowiedzialny by\u0142 Marcin Gajko. Album nagrany zosta\u0142 w klasycznym sk\u0142adzie: Marek Kap\u0142on - perkusja, Stefan Machel - gitara, Janusz Niekrasz - bas, Andrzej Nowak - gitara, Marek Piekarczyk - \u015bpiew. \r\n\r\nNatomiast 23 maja TSA wyst\u0105pi w londy\u0144skim klubie The Forum, gdzie r\u00f3wnie\u017c promowa\u0107 b\u0119dzie wznowienie \"Procederu\". \r\n\r\nLista utwor\u00f3w:\r\n\r\n \t* Sp\u00f3\u017anione pytania\r\n \t* Tratwa\r\n \t* Proceder\r\n \t* Twoja szansa I\r\n \t* Twoja szansa II\r\n \t* Matnia\r\n \t* To nie jest proste\r\n \t* M\u00f3j cie\u0144 omija mnie\r\n \t* List xx\r\n \t* P\u0142on\u0119, p\u0142on\u0119\r\n \t* Tak - nie\r\n\r\nWi\u0119cej informacji: \r\n\r\nwww.metalmind.com.pl \r\n\r\nwww.tsa.com.pl<\/pre>\n","protected":false},"excerpt":{"rendered":"<p>&nbsp; Metal Mind Productions z dum\u0105 og\u0142asza ponowne nawi\u0105zanie wsp\u00f3\u0142pracy z legend\u0105 polskiego rocka &#8211; TSA! Pierwszym efektem tej wsp\u00f3\u0142pracy jest wznowienie kultowego ju\u017c albumu &#8222;Proceder&#8221;, kt\u00f3ry by\u0142 nieosi\u0105galny na rynku od wielu lat! To jedna z najwa\u017cniejszych polskich rockowych p\u0142yt ostatniego dwudziestolecia. Album, kt\u00f3ry w 2004 roku rzuci\u0142 na kolana fan\u00f3w i krytyk\u00f3w muzycznych, [&hellip;]<\/p>\n","protected":false},"author":1,"featured_media":442,"comment_status":"closed","ping_status":"open","sticky":false,"template":"","format":"standard","meta":{"jetpack_post_was_ever_published":false,"_jetpack_newsletter_access":"","_jetpack_dont_email_post_to_subs":false,"_jetpack_newsletter_tier_id":0,"_jetpack_memberships_contains_paywalled_content":false,"_jetpack_memberships_contains_paid_content":false,"footnotes":"","jetpack_publicize_message":"","jetpack_publicize_feature_enabled":true,"jetpack_social_post_already_shared":true,"jetpack_social_options":{"image_generator_settings":{"template":"highway","default_image_id":0,"enabled":false},"version":2}},"categories":[2],"tags":[],"class_list":["post-441","post","type-post","status-publish","format-standard","has-post-thumbnail","hentry","category-albumy"],"jetpack_publicize_connections":[],"jetpack_featured_media_url":"http:\/\/muzykabeztajemnic.info.pl\/wp-content\/uploads\/2015\/05\/TSA-fot-Rados\u00b3aw-Nowacki.jpg","jetpack_sharing_enabled":true,"jetpack_shortlink":"https:\/\/wp.me\/p67auQ-77","_links":{"self":[{"href":"http:\/\/muzykabeztajemnic.info.pl\/index.php?rest_route=\/wp\/v2\/posts\/441","targetHints":{"allow":["GET"]}}],"collection":[{"href":"http:\/\/muzykabeztajemnic.info.pl\/index.php?rest_route=\/wp\/v2\/posts"}],"about":[{"href":"http:\/\/muzykabeztajemnic.info.pl\/index.php?rest_route=\/wp\/v2\/types\/post"}],"author":[{"embeddable":true,"href":"http:\/\/muzykabeztajemnic.info.pl\/index.php?rest_route=\/wp\/v2\/users\/1"}],"replies":[{"embeddable":true,"href":"http:\/\/muzykabeztajemnic.info.pl\/index.php?rest_route=%2Fwp%2Fv2%2Fcomments&post=441"}],"version-history":[{"count":0,"href":"http:\/\/muzykabeztajemnic.info.pl\/index.php?rest_route=\/wp\/v2\/posts\/441\/revisions"}],"wp:featuredmedia":[{"embeddable":true,"href":"http:\/\/muzykabeztajemnic.info.pl\/index.php?rest_route=\/wp\/v2\/media\/442"}],"wp:attachment":[{"href":"http:\/\/muzykabeztajemnic.info.pl\/index.php?rest_route=%2Fwp%2Fv2%2Fmedia&parent=441"}],"wp:term":[{"taxonomy":"category","embeddable":true,"href":"http:\/\/muzykabeztajemnic.info.pl\/index.php?rest_route=%2Fwp%2Fv2%2Fcategories&post=441"},{"taxonomy":"post_tag","embeddable":true,"href":"http:\/\/muzykabeztajemnic.info.pl\/index.php?rest_route=%2Fwp%2Fv2%2Ftags&post=441"}],"curies":[{"name":"wp","href":"https:\/\/api.w.org\/{rel}","templated":true}]}}