{"id":379,"date":"2015-05-05T12:19:42","date_gmt":"2015-05-05T12:19:42","guid":{"rendered":"http:\/\/muzykabeztajemnic.info.pl\/?p=379"},"modified":"2015-05-05T12:19:42","modified_gmt":"2015-05-05T12:19:42","slug":"antena-krzyku-the-feral-trees-juz-010615","status":"publish","type":"post","link":"http:\/\/muzykabeztajemnic.info.pl\/?p=379","title":{"rendered":"Antena Krzyku &#8211; The Feral Trees ju\u017c 01\/06\/15."},"content":{"rendered":"<p>Premiera\u00a0The Feral Trees\u00a0ju\u017c 01\/06\/15. LP z darmowym CD b\u0119dzie nieco p\u00f3\u017aniej, ze wzgl\u0119du na kolejki w t\u0142oczniach.<br \/>\nkoncerty premierowe:<br \/>\n<strong>29\/05\/15 Klub Pi\u0119kny Pies Krak\u00f3w<br \/>\n19\/06\/15 Klub Nie Powiem Warszawa<\/strong><\/p>\n<p>Partnerem Anteny Krzyku przy p\u0142ycie The Feral Trees jest gazeta\u00a0<b>Co Jest Grane<\/b>.<\/p>\n<p>Do europejskich stolic w kt\u00f3rych The Feral Trees b\u0119dzie promowa\u0107 swoj\u0105 p\u0142yt\u0119 w\u0142a\u015bnie dochodzi Budapeszt\u00a0<i class=\"_4-k1 img\n        sp_0FWTQ_K3bWk sx_72c37c\"><u>Emotikon smile<\/u><\/i><\/p>\n<p><b>The Feral Trees \u2013 ze Spring Break na Sziget!<\/b><\/p>\n<p>&nbsp;<\/p>\n<p>Poznajcie The Feral Trees. Zagrali znakomity koncert na pozna\u0144skim Spring Break \u2013 i ju\u017c w sierpniu wyst\u0105pi\u0105 w Budapeszcie, na kultowym Sziget Festival.<br \/>\nWyst\u0119p The Feral Trees na Sziget to owoc partnerstwa pomi\u0119dzy Spring Break Showcase Festival &amp; Conference a Sziget Festival. Spo\u015br\u00f3d wszystkich artyst\u00f3w wyst\u0119puj\u0105cych w tym roku w Poznaniu, to w\u0142a\u015bnie oni zostali wskazani, jako formacja, kt\u00f3ra powinna zagra\u0107 w Budapeszcie &#8211; przez przedstawicieli obu imprez oraz delegat\u00f3w na Spring Break, kt\u00f3rzy zechcieli nas w tym wspom\u00f3c.<br \/>\nThe Feral Trees to formacja, w muzyce kt\u00f3rej mroczne, rockowe brzmienia przeplataj\u0105 si\u0119 z folkiem. W sk\u0142ad zespo\u0142u wchodz\u0105 znani z hardcore\u2019owej grupy Hidden World Mariusz Antas (bas), Grzegorz Napora (gitara) i Dawid Ryski (perkusja), a tak\u017ce \u015bpiewaj\u0105ca i graj\u0105ca na banjo oraz gitarze Moriah Woods. Debiutancka p\u0142yta zespo\u0142u uka\u017ce si\u0119 w czerwcu, nak\u0142adem Anteny Krzyku.<br \/>\nSziget jest najwi\u0119kszym i najlepszym \u2013 nagroda European Festival Award dla Najlepszego Du\u017cego Festiwalu w styczniu tego roku \u2013 europejskim letnim festiwalem. W tym roku Sziget odbywa si\u0119 w dniach od 10-17 sierpnia, a w\u015br\u00f3d ju\u017c potwierdzonych artyst\u00f3w znajdziemy m.in. Robbiego Williamsa, Florence + The Machine, Alt-J, Foals, Limp Bizkit i Interpol. Wi\u0119cej informacji o tegorocznej edycji i bilety na stronie:\u00a0<a title=\"Ten zewn\u0119trzny odno\u015bnik otworzy si\u0119 w nowym oknie\" href=\"http:\/\/l.facebook.com\/l.php?u=http%3A%2F%2Fwww.szigetfest.pl%2F&amp;h=RAQGjdnDs&amp;enc=AZOVg-sMXbzYN7HHKduGy2sJg5Dc_zac3hH3Cdk0WwL40QBsLQhMGQCPjK7I06SNLW7zCRYeS-f4DBgN5o5h2HM7vhJipmj9nZ7Ex7_eSvXPLMr4GIaTCe88Brb81uC3Gn4M-RUtSBbwOD7BfBXf__v7S3pV03uxZFjIlA5149w5x734nz5vfVLgrvmA-5CFVD4&amp;s=1\" target=\"_blank\" rel=\"nofollow\">www.szigetfest.pl.<\/a><br \/>\nPolscy arty\u015bci regularnie goszcz\u0105 na Sziget \u2013 w roku ubieg\u0142ym konkurs wygra\u0142a formacja Kumka Olik, w poprzednich lata na scenach budapeszta\u0144skiego festiwalu prezentowali si\u0119 m.in. Kapela Ze Wsi Warszawa, Ocean (obecnie OCN), Mitch &amp; Mitch i Monika Brodka.<br \/>\nPolskimi partnerami Sziget Festival 2015 s\u0105: Spring Break, M\u00f3wi\u0105 Na Mie\u015bcie, KinkyOwl.pl, Brand New Anthem i Outrave.<\/p>\n<p>&nbsp;<\/p>\n","protected":false},"excerpt":{"rendered":"<p>Premiera\u00a0The Feral Trees\u00a0ju\u017c 01\/06\/15. LP z darmowym CD b\u0119dzie nieco p\u00f3\u017aniej, ze wzgl\u0119du na kolejki w t\u0142oczniach. koncerty premierowe: 29\/05\/15 Klub Pi\u0119kny Pies Krak\u00f3w 19\/06\/15 Klub Nie Powiem Warszawa Partnerem Anteny Krzyku przy p\u0142ycie The Feral Trees jest gazeta\u00a0Co Jest Grane. Do europejskich stolic w kt\u00f3rych The Feral Trees b\u0119dzie promowa\u0107 swoj\u0105 p\u0142yt\u0119 w\u0142a\u015bnie dochodzi [&hellip;]<\/p>\n","protected":false},"author":1,"featured_media":0,"comment_status":"closed","ping_status":"open","sticky":false,"template":"","format":"standard","meta":{"jetpack_post_was_ever_published":false,"_jetpack_newsletter_access":"","_jetpack_dont_email_post_to_subs":false,"_jetpack_newsletter_tier_id":0,"_jetpack_memberships_contains_paywalled_content":false,"_jetpack_memberships_contains_paid_content":false,"footnotes":"","jetpack_publicize_message":"","jetpack_publicize_feature_enabled":true,"jetpack_social_post_already_shared":true,"jetpack_social_options":{"image_generator_settings":{"template":"highway","default_image_id":0,"enabled":false},"version":2}},"categories":[2],"tags":[],"class_list":["post-379","post","type-post","status-publish","format-standard","hentry","category-albumy"],"jetpack_publicize_connections":[],"jetpack_featured_media_url":"","jetpack_sharing_enabled":true,"jetpack_shortlink":"https:\/\/wp.me\/p67auQ-67","_links":{"self":[{"href":"http:\/\/muzykabeztajemnic.info.pl\/index.php?rest_route=\/wp\/v2\/posts\/379","targetHints":{"allow":["GET"]}}],"collection":[{"href":"http:\/\/muzykabeztajemnic.info.pl\/index.php?rest_route=\/wp\/v2\/posts"}],"about":[{"href":"http:\/\/muzykabeztajemnic.info.pl\/index.php?rest_route=\/wp\/v2\/types\/post"}],"author":[{"embeddable":true,"href":"http:\/\/muzykabeztajemnic.info.pl\/index.php?rest_route=\/wp\/v2\/users\/1"}],"replies":[{"embeddable":true,"href":"http:\/\/muzykabeztajemnic.info.pl\/index.php?rest_route=%2Fwp%2Fv2%2Fcomments&post=379"}],"version-history":[{"count":0,"href":"http:\/\/muzykabeztajemnic.info.pl\/index.php?rest_route=\/wp\/v2\/posts\/379\/revisions"}],"wp:attachment":[{"href":"http:\/\/muzykabeztajemnic.info.pl\/index.php?rest_route=%2Fwp%2Fv2%2Fmedia&parent=379"}],"wp:term":[{"taxonomy":"category","embeddable":true,"href":"http:\/\/muzykabeztajemnic.info.pl\/index.php?rest_route=%2Fwp%2Fv2%2Fcategories&post=379"},{"taxonomy":"post_tag","embeddable":true,"href":"http:\/\/muzykabeztajemnic.info.pl\/index.php?rest_route=%2Fwp%2Fv2%2Ftags&post=379"}],"curies":[{"name":"wp","href":"https:\/\/api.w.org\/{rel}","templated":true}]}}