{"id":300,"date":"2015-05-03T18:25:10","date_gmt":"2015-05-03T18:25:10","guid":{"rendered":"http:\/\/muzykabeztajemnic.info.pl\/?p=300"},"modified":"2015-05-03T18:25:10","modified_gmt":"2015-05-03T18:25:10","slug":"jak-mierzyc-to-wysoko-sprawdz-nowy-klip-grubsona-i-jareckiego","status":"publish","type":"post","link":"http:\/\/muzykabeztajemnic.info.pl\/?p=300","title":{"rendered":"Jak mierzy\u0107, to wysoko. Sprawd\u017a nowy klip GrubSona i Jareckiego!"},"content":{"rendered":"<div id=\"attachment_301\" style=\"width: 610px\" class=\"wp-caption alignnone\"><a href=\"http:\/\/muzykabeztajemnic.info.pl\/wp-content\/uploads\/2015\/05\/Od-lewej-GrubSon-i-Jarecki.jpg\"><img loading=\"lazy\" decoding=\"async\" aria-describedby=\"caption-attachment-301\" class=\"size-large wp-image-301\" src=\"http:\/\/muzykabeztajemnic.info.pl\/wp-content\/uploads\/2015\/05\/Od-lewej-GrubSon-i-Jarecki-600x400.jpg\" alt=\"Od lewej - GrubSon i Jarecki\" width=\"600\" height=\"400\" srcset=\"http:\/\/muzykabeztajemnic.info.pl\/wp-content\/uploads\/2015\/05\/Od-lewej-GrubSon-i-Jarecki-600x400.jpg 600w, http:\/\/muzykabeztajemnic.info.pl\/wp-content\/uploads\/2015\/05\/Od-lewej-GrubSon-i-Jarecki-300x200.jpg 300w, http:\/\/muzykabeztajemnic.info.pl\/wp-content\/uploads\/2015\/05\/Od-lewej-GrubSon-i-Jarecki.jpg 2048w\" sizes=\"auto, (max-width: 600px) 100vw, 600px\" \/><\/a><p id=\"caption-attachment-301\" class=\"wp-caption-text\">Od lewej &#8211; GrubSon i Jarecki<\/p><\/div>\n<p><b>2872 m n. p. m., szczyt Le Boussolenc, Les Orres, francuskie Alpy \u2013 to w\u0142a\u015bnie tam powsta\u0142o najnowsze wideo GrubSona. Obrazek towarzyszy chilloutowej kompozycji DJ-a BRK pt. \u201eOddech\u201d. Go\u015bcinnie w utworze, jak i w klipie, pojawia si\u0119 Jarecki. Singiel jest typowym bonusem \u2013 nie znajdziemy go na p\u0142ycie \u201eHolizm\u201d. Od 30.04 dost\u0119pny jest na MaxFloRecTV!<\/b><\/p>\n<p>\u201eKlip w Alpach? Marzenia si\u0119 spe\u0142niaj\u0105. Zapraszam do sprawdzenia! Pozdro!\u201d \u2013 napisa\u0142 na swoim Fan Page&#8217;u na Facebooku w\u0142a\u015bciciel wyj\u0105tkowego, funkowego g\u0142osu, <b>Jarecki<\/b>.<br \/>\n\u2013 Zawsze marzyli\u015bmy o nakr\u0119ceniu klipu na \u0142onie natury, w g\u00f3rach. Nie my\u015bleli\u015bmy jednak, \u017ce od razu wyl\u0105dujemy w Alpach \u2013 komentuje <b>GrubSon<\/b>. I wszystko si\u0119 zgadza \u2013 w ko\u0144cu promuj\u0105c swoj\u0105 najnowsz\u0105 tw\u00f3rczo\u015b\u0107, artysta zaprasza\u0142 na \u201ekolejny level\u201d.<\/p>\n<p>&nbsp;<\/p>\n<p><iframe loading=\"lazy\" title=\"GrubSon ft. Jarecki - Oddech (official video)\" width=\"800\" height=\"450\" src=\"https:\/\/www.youtube.com\/embed\/7h2YpcbW9YU?feature=oembed\" frameborder=\"0\" allow=\"accelerometer; autoplay; clipboard-write; encrypted-media; gyroscope; picture-in-picture; web-share\" referrerpolicy=\"strict-origin-when-cross-origin\" allowfullscreen><\/iframe><\/p>\n<p>&nbsp;<\/p>\n<p>Za produkcj\u0119 utworu odpowiada <b>DJ BRK<\/b>. Realizacj\u0105 teledysku zaj\u0105\u0142 si\u0119 <b>Micha\u0142 Schwierc<\/b>. Na planie zdj\u0119ciowym towarzyszyli mu: Adrian Kuciel i Piotr Seweryn. Klip nakr\u0119cono podczas imprezy <b>SnowShow Music Fest 2015<\/b> w Les Orres.<\/p>\n<p>Jaki szczyt panowie planuj\u0105 zdoby\u0107 kolejnym razem? Tego jeszcze nie wiemy, ale wiemy, \u017ce na Le Boussolenc nie koniec.<\/p>\n<p><b>Tekst: Kajetan Balcer (MaxFloRec)<\/b><\/p>\n","protected":false},"excerpt":{"rendered":"<p>2872 m n. p. m., szczyt Le Boussolenc, Les Orres, francuskie Alpy \u2013 to w\u0142a\u015bnie tam powsta\u0142o najnowsze wideo GrubSona. Obrazek towarzyszy chilloutowej kompozycji DJ-a BRK pt. \u201eOddech\u201d. Go\u015bcinnie w utworze, jak i w klipie, pojawia si\u0119 Jarecki. Singiel jest typowym bonusem \u2013 nie znajdziemy go na p\u0142ycie \u201eHolizm\u201d. Od 30.04 dost\u0119pny jest na MaxFloRecTV! [&hellip;]<\/p>\n","protected":false},"author":1,"featured_media":301,"comment_status":"closed","ping_status":"open","sticky":false,"template":"","format":"standard","meta":{"jetpack_post_was_ever_published":false,"_jetpack_newsletter_access":"","_jetpack_dont_email_post_to_subs":false,"_jetpack_newsletter_tier_id":0,"_jetpack_memberships_contains_paywalled_content":false,"_jetpack_memberships_contains_paid_content":false,"footnotes":"","jetpack_publicize_message":"","jetpack_publicize_feature_enabled":true,"jetpack_social_post_already_shared":true,"jetpack_social_options":{"image_generator_settings":{"template":"highway","default_image_id":0,"enabled":false},"version":2}},"categories":[6],"tags":[],"class_list":["post-300","post","type-post","status-publish","format-standard","has-post-thumbnail","hentry","category-klipy"],"jetpack_publicize_connections":[],"jetpack_featured_media_url":"http:\/\/muzykabeztajemnic.info.pl\/wp-content\/uploads\/2015\/05\/Od-lewej-GrubSon-i-Jarecki.jpg","jetpack_sharing_enabled":true,"jetpack_shortlink":"https:\/\/wp.me\/p67auQ-4Q","_links":{"self":[{"href":"http:\/\/muzykabeztajemnic.info.pl\/index.php?rest_route=\/wp\/v2\/posts\/300","targetHints":{"allow":["GET"]}}],"collection":[{"href":"http:\/\/muzykabeztajemnic.info.pl\/index.php?rest_route=\/wp\/v2\/posts"}],"about":[{"href":"http:\/\/muzykabeztajemnic.info.pl\/index.php?rest_route=\/wp\/v2\/types\/post"}],"author":[{"embeddable":true,"href":"http:\/\/muzykabeztajemnic.info.pl\/index.php?rest_route=\/wp\/v2\/users\/1"}],"replies":[{"embeddable":true,"href":"http:\/\/muzykabeztajemnic.info.pl\/index.php?rest_route=%2Fwp%2Fv2%2Fcomments&post=300"}],"version-history":[{"count":0,"href":"http:\/\/muzykabeztajemnic.info.pl\/index.php?rest_route=\/wp\/v2\/posts\/300\/revisions"}],"wp:featuredmedia":[{"embeddable":true,"href":"http:\/\/muzykabeztajemnic.info.pl\/index.php?rest_route=\/wp\/v2\/media\/301"}],"wp:attachment":[{"href":"http:\/\/muzykabeztajemnic.info.pl\/index.php?rest_route=%2Fwp%2Fv2%2Fmedia&parent=300"}],"wp:term":[{"taxonomy":"category","embeddable":true,"href":"http:\/\/muzykabeztajemnic.info.pl\/index.php?rest_route=%2Fwp%2Fv2%2Fcategories&post=300"},{"taxonomy":"post_tag","embeddable":true,"href":"http:\/\/muzykabeztajemnic.info.pl\/index.php?rest_route=%2Fwp%2Fv2%2Ftags&post=300"}],"curies":[{"name":"wp","href":"https:\/\/api.w.org\/{rel}","templated":true}]}}