{"id":27496,"date":"2024-01-21T13:38:05","date_gmt":"2024-01-21T13:38:05","guid":{"rendered":"http:\/\/muzykabeztajemnic.info.pl\/?p=27496"},"modified":"2024-01-21T13:38:07","modified_gmt":"2024-01-21T13:38:07","slug":"faceci-czyli-boratyn-i-bryndal-prezentuja-album-nostalgia-w-promocji","status":"publish","type":"post","link":"http:\/\/muzykabeztajemnic.info.pl\/?p=27496","title":{"rendered":"FACECI, czyli Boratyn i Bryndal prezentuj\u0105 album \u201eNostalgia w promocji&#8221;"},"content":{"rendered":"\n<figure class=\"wp-block-embed is-type-video is-provider-youtube wp-block-embed-youtube wp-embed-aspect-4-3 wp-has-aspect-ratio\"><div class=\"wp-block-embed__wrapper\">\n<iframe loading=\"lazy\" title=\"Co ja tutaj robi\u0119\" width=\"800\" height=\"600\" src=\"https:\/\/www.youtube.com\/embed\/Q2BE6R-MW9U?feature=oembed\" frameborder=\"0\" allow=\"accelerometer; autoplay; clipboard-write; encrypted-media; gyroscope; picture-in-picture; web-share\" referrerpolicy=\"strict-origin-when-cross-origin\" allowfullscreen><\/iframe>\n<\/div><\/figure>\n\n\n\n<figure class=\"wp-block-table\"><table><tbody><tr><td><strong>Dwie znane postaci polskiej sceny, Darek Boratyn i Rafa\u0142 Bryndal, po\u0142\u0105czy\u0142y si\u0142y we wsp\u00f3lnym rock&#8217;n&#8217;rollowym projekcie. 12 stycznia 2024 ukaza\u0142a si\u0119 ich nowa p\u0142yta \u201eNostalgia w promocji&#8221;.&nbsp;<\/strong><\/td><\/tr><\/tbody><\/table><\/figure>\n\n\n\n<figure class=\"wp-block-table\"><table><tbody><tr><td><strong>Dariusz Boratyn&nbsp;<\/strong>to&nbsp;kompozytor, wokalista i gitarzysta, kt\u00f3ry da\u0142 si\u0119 pozna\u0107 publiczno\u015bci w takich zespo\u0142ach&nbsp;jak Bimber Poland i Clintwood oraz w&nbsp;projekcie&nbsp;Muniek Boratyn Perkoz.&nbsp;<strong>Rafa\u0142 Bryndal<\/strong>&nbsp;to popularny satyryk, dziennikarz radiowy i telewizyjny, a tak\u017ce autor tekst\u00f3w piosenek &#8211; pisa\u0142 mi\u0119dzy innymi dla Kobranocki, Atrakcyjnego Kazimierza i Poparzonych Kaw\u0105 Trzy.&nbsp;Obie te artystyczne indywidualno\u015bci spotykaj\u0105 si\u0119 we wsp\u00f3lnym projekcie&nbsp;<strong>FACECI \u201eNostalgia w promocji&#8221;.<\/strong><br><br>O projekcie:<br><br><em>Faceci nie maj\u0105 w zasadzie ju\u017c nic do stracenia. Do\u015bwiadczenia piel\u0119gnuj\u0105 w sobie &nbsp;jak kwiaty na parapecie mieszkania, w kt\u00f3rym przysz\u0142o im akurat si\u0119 obudzi\u0107. Nie zadaj\u0105 zbyt cz\u0119sto pyta\u0144, bo wiedz\u0105, \u017ce odpowiedzi rzadko s\u0105 prawdziwe bez wzgl\u0119du na to, czego dotycz\u0105.<\/em><br><br><em>Maj\u0105 kilka par spodni i niezap\u0142acone rachunki w barach dooko\u0142a miasta. Wystaj\u0105 na rogach ulic, by z urywk\u00f3w rozm\u00f3w i cieni na murach u\u0142o\u017cy\u0107 sobie w g\u0142owie \u017cycie, przynajmniej na kolejne popo\u0142udnie.<\/em><br><br><em>Czasami spotykaj\u0105 kogo\u015b, z kim cho\u0107 przez moment potrafi\u0105 by\u0107 sob\u0105, ale na og\u00f3\u0142 wol\u0105 w samotno\u015bci przypatrywa\u0107 si\u0119 przelatuj\u0105cym ptakom, pi\u0119knym kobietom, serdelkom ciel\u0119cym i rozbijaj\u0105cym si\u0119 o brzeg morskim falom.<\/em><br><br><em>Od czasu do czasu udaje im si\u0119 napisa\u0107 na podstawie tego piosenk\u0119, kt\u00f3ra na tyle chwyta za serce, \u017ce bywa lekiem na melancholijne rozterki.<\/em><br><br><em>Faceci to grupa kolesi, kt\u00f3rzy w spektaklu sk\u0142adaj\u0105cym si\u0119 z piosenek, wierszy, przypowie\u015bci i anegdot potrafi\u0105 opowiedzie\u0107 w niepowtarzalny spos\u00f3b o tym, co nas otacza. Ka\u017cdy ich wyst\u0119p to co\u015b wi\u0119cej ni\u017c koncert.<\/em><br><br><em>To spotkanie ludzi obdarzonych podobn\u0105 wra\u017cliwo\u015bci\u0105, kt\u00f3rzy wymieniaj\u0105 si\u0119 emocjami i spostrze\u017ceniami dotycz\u0105cymi tego, co ka\u017cdy z nas czuje.<\/em><br><br>Producentem album jest&nbsp;<strong>Harry Tomasz Waldowski,<\/strong>&nbsp;tw\u00f3rca Studia Kineskop, kompozytor, producent muzyczny i multiinstrumentalista.<br><br>Album \u201eNostalgia w promocji&#8221; w serwisach streamingowych:<br><a href=\"https:\/\/e-muzyka.us19.list-manage.com\/track\/click?u=fd89b09ee9c33259fc3f963cb&amp;id=7b974c98b9&amp;e=0acd7f7f41\" target=\"_blank\" rel=\"noreferrer noopener\">https:\/\/e-muzyka.ffm.to\/facecinostalgiawpromocji<\/a><\/td><\/tr><\/tbody><\/table><\/figure>\n","protected":false},"excerpt":{"rendered":"<p>Dwie znane postaci polskiej sceny, Darek Boratyn i Rafa\u0142 Bryndal, po\u0142\u0105czy\u0142y si\u0142y we wsp\u00f3lnym rock&#8217;n&#8217;rollowym projekcie. 12 stycznia 2024 ukaza\u0142a si\u0119 ich nowa p\u0142yta \u201eNostalgia w promocji&#8221;.&nbsp; Dariusz Boratyn&nbsp;to&nbsp;kompozytor, wokalista i gitarzysta, kt\u00f3ry da\u0142 si\u0119 pozna\u0107 publiczno\u015bci w takich zespo\u0142ach&nbsp;jak Bimber Poland i Clintwood oraz w&nbsp;projekcie&nbsp;Muniek Boratyn Perkoz.&nbsp;Rafa\u0142 Bryndal&nbsp;to popularny satyryk, dziennikarz radiowy i telewizyjny, [&hellip;]<\/p>\n","protected":false},"author":1,"featured_media":0,"comment_status":"closed","ping_status":"open","sticky":false,"template":"","format":"standard","meta":{"jetpack_post_was_ever_published":false,"_jetpack_newsletter_access":"","_jetpack_dont_email_post_to_subs":false,"_jetpack_newsletter_tier_id":0,"_jetpack_memberships_contains_paywalled_content":false,"_jetpack_memberships_contains_paid_content":false,"footnotes":"","jetpack_publicize_message":"","jetpack_publicize_feature_enabled":true,"jetpack_social_post_already_shared":true,"jetpack_social_options":{"image_generator_settings":{"template":"highway","default_image_id":0,"enabled":false},"version":2}},"categories":[1],"tags":[],"class_list":["post-27496","post","type-post","status-publish","format-standard","hentry","category-uncategorized"],"jetpack_publicize_connections":[],"jetpack_featured_media_url":"","jetpack_sharing_enabled":true,"jetpack_shortlink":"https:\/\/wp.me\/p67auQ-79u","_links":{"self":[{"href":"http:\/\/muzykabeztajemnic.info.pl\/index.php?rest_route=\/wp\/v2\/posts\/27496","targetHints":{"allow":["GET"]}}],"collection":[{"href":"http:\/\/muzykabeztajemnic.info.pl\/index.php?rest_route=\/wp\/v2\/posts"}],"about":[{"href":"http:\/\/muzykabeztajemnic.info.pl\/index.php?rest_route=\/wp\/v2\/types\/post"}],"author":[{"embeddable":true,"href":"http:\/\/muzykabeztajemnic.info.pl\/index.php?rest_route=\/wp\/v2\/users\/1"}],"replies":[{"embeddable":true,"href":"http:\/\/muzykabeztajemnic.info.pl\/index.php?rest_route=%2Fwp%2Fv2%2Fcomments&post=27496"}],"version-history":[{"count":1,"href":"http:\/\/muzykabeztajemnic.info.pl\/index.php?rest_route=\/wp\/v2\/posts\/27496\/revisions"}],"predecessor-version":[{"id":27497,"href":"http:\/\/muzykabeztajemnic.info.pl\/index.php?rest_route=\/wp\/v2\/posts\/27496\/revisions\/27497"}],"wp:attachment":[{"href":"http:\/\/muzykabeztajemnic.info.pl\/index.php?rest_route=%2Fwp%2Fv2%2Fmedia&parent=27496"}],"wp:term":[{"taxonomy":"category","embeddable":true,"href":"http:\/\/muzykabeztajemnic.info.pl\/index.php?rest_route=%2Fwp%2Fv2%2Fcategories&post=27496"},{"taxonomy":"post_tag","embeddable":true,"href":"http:\/\/muzykabeztajemnic.info.pl\/index.php?rest_route=%2Fwp%2Fv2%2Ftags&post=27496"}],"curies":[{"name":"wp","href":"https:\/\/api.w.org\/{rel}","templated":true}]}}