{"id":27444,"date":"2024-01-07T10:42:38","date_gmt":"2024-01-07T10:42:38","guid":{"rendered":"http:\/\/muzykabeztajemnic.info.pl\/?p=27444"},"modified":"2024-01-07T10:42:40","modified_gmt":"2024-01-07T10:42:40","slug":"zima-w-srodku-lata-zaprasza-do-snieznego-walca","status":"publish","type":"post","link":"http:\/\/muzykabeztajemnic.info.pl\/?p=27444","title":{"rendered":"Zima w \u015arodku Lata zaprasza do \u201e\u015anie\u017cnego walca&#8221;"},"content":{"rendered":"\n<figure class=\"wp-block-image size-full\"><img loading=\"lazy\" decoding=\"async\" width=\"700\" height=\"700\" src=\"http:\/\/muzykabeztajemnic.info.pl\/wp-content\/uploads\/2024\/01\/96586b74-08c8-091e-144f-d6db7f39ebc8.jpg\" alt=\"\" class=\"wp-image-27445\" srcset=\"http:\/\/muzykabeztajemnic.info.pl\/wp-content\/uploads\/2024\/01\/96586b74-08c8-091e-144f-d6db7f39ebc8.jpg 700w, http:\/\/muzykabeztajemnic.info.pl\/wp-content\/uploads\/2024\/01\/96586b74-08c8-091e-144f-d6db7f39ebc8-500x500.jpg 500w, http:\/\/muzykabeztajemnic.info.pl\/wp-content\/uploads\/2024\/01\/96586b74-08c8-091e-144f-d6db7f39ebc8-150x150.jpg 150w\" sizes=\"auto, (max-width: 700px) 100vw, 700px\" \/><\/figure>\n\n\n\n<figure class=\"wp-block-table\"><table><tbody><tr><td>Zesp\u00f3\u0142 przedstawia nieoczywist\u0105, inn\u0105 ni\u017c wszystkie muzyczn\u0105 propozycj\u0119 na Bo\u017ce Narodzenie.<\/td><\/tr><\/tbody><\/table><\/figure>\n\n\n\n<figure class=\"wp-block-table\"><table><tbody><tr><td>Duet&nbsp;<strong>Zima w \u015arodku Lata<\/strong>&nbsp;ponownie wraca w \u015bwi\u0105tecznej ods\u0142onie. Prezentuje&nbsp;kolejn\u0105 swoj\u0105 kompozycj\u0119, kt\u00f3ra klimatem odnosi si\u0119 do tradycji \u015awi\u0105t Bo\u017cego Narodzenia.<br><br><strong>\u201e\u015anie\u017cny walc&#8221;<\/strong>&nbsp;to autorskie podej\u015bcie tradycyjnej piosenki \u015bwi\u0105tecznej. Utw\u00f3r emanuje nie tylko nostalgi\u0105 za tradycj\u0105 \u015bwi\u0105teczn\u0105, ale tak\u017ce \u015bwie\u017cym podej\u015bciem do muzyki \u015bwi\u0105tecznej. Melodia w rytmie walca dodaje energii i rado\u015bci, nadaj\u0105c utworowi nowoczesny i porywaj\u0105cy charakter. \u201e\u015anie\u017cny walc&#8221; to po\u0142\u0105czenie tradycji z innowacyjnym podej\u015bciem muzycznym, co czyni go wyj\u0105tkowym i radosnym utworem \u015bwi\u0105tecznym dla wszystkich mi\u0142o\u015bnik\u00f3w \u015bwi\u0105t.<br><br>Teledysk:<\/td><\/tr><\/tbody><\/table><\/figure>\n\n\n\n<figure class=\"wp-block-embed is-type-video is-provider-youtube wp-block-embed-youtube wp-embed-aspect-4-3 wp-has-aspect-ratio\"><div class=\"wp-block-embed__wrapper\">\n<iframe loading=\"lazy\" title=\"\u015anie\u017cny Walc | Zima w \u015arodku Lata\" width=\"800\" height=\"600\" src=\"https:\/\/www.youtube.com\/embed\/ZbmVde800TA?feature=oembed\" frameborder=\"0\" allow=\"accelerometer; autoplay; clipboard-write; encrypted-media; gyroscope; picture-in-picture; web-share\" referrerpolicy=\"strict-origin-when-cross-origin\" allowfullscreen><\/iframe>\n<\/div><\/figure>\n\n\n\n<p><\/p>\n","protected":false},"excerpt":{"rendered":"<p>Zesp\u00f3\u0142 przedstawia nieoczywist\u0105, inn\u0105 ni\u017c wszystkie muzyczn\u0105 propozycj\u0119 na Bo\u017ce Narodzenie. Duet&nbsp;Zima w \u015arodku Lata&nbsp;ponownie wraca w \u015bwi\u0105tecznej ods\u0142onie. Prezentuje&nbsp;kolejn\u0105 swoj\u0105 kompozycj\u0119, kt\u00f3ra klimatem odnosi si\u0119 do tradycji \u015awi\u0105t Bo\u017cego Narodzenia. \u201e\u015anie\u017cny walc&#8221;&nbsp;to autorskie podej\u015bcie tradycyjnej piosenki \u015bwi\u0105tecznej. Utw\u00f3r emanuje nie tylko nostalgi\u0105 za tradycj\u0105 \u015bwi\u0105teczn\u0105, ale tak\u017ce \u015bwie\u017cym podej\u015bciem do muzyki \u015bwi\u0105tecznej. Melodia w [&hellip;]<\/p>\n","protected":false},"author":1,"featured_media":0,"comment_status":"closed","ping_status":"open","sticky":false,"template":"","format":"standard","meta":{"jetpack_post_was_ever_published":false,"_jetpack_newsletter_access":"","_jetpack_dont_email_post_to_subs":false,"_jetpack_newsletter_tier_id":0,"_jetpack_memberships_contains_paywalled_content":false,"_jetpack_memberships_contains_paid_content":false,"footnotes":"","jetpack_publicize_message":"","jetpack_publicize_feature_enabled":true,"jetpack_social_post_already_shared":true,"jetpack_social_options":{"image_generator_settings":{"template":"highway","default_image_id":0,"enabled":false},"version":2}},"categories":[1],"tags":[],"class_list":["post-27444","post","type-post","status-publish","format-standard","hentry","category-uncategorized"],"jetpack_publicize_connections":[],"jetpack_featured_media_url":"","jetpack_sharing_enabled":true,"jetpack_shortlink":"https:\/\/wp.me\/p67auQ-78E","_links":{"self":[{"href":"http:\/\/muzykabeztajemnic.info.pl\/index.php?rest_route=\/wp\/v2\/posts\/27444","targetHints":{"allow":["GET"]}}],"collection":[{"href":"http:\/\/muzykabeztajemnic.info.pl\/index.php?rest_route=\/wp\/v2\/posts"}],"about":[{"href":"http:\/\/muzykabeztajemnic.info.pl\/index.php?rest_route=\/wp\/v2\/types\/post"}],"author":[{"embeddable":true,"href":"http:\/\/muzykabeztajemnic.info.pl\/index.php?rest_route=\/wp\/v2\/users\/1"}],"replies":[{"embeddable":true,"href":"http:\/\/muzykabeztajemnic.info.pl\/index.php?rest_route=%2Fwp%2Fv2%2Fcomments&post=27444"}],"version-history":[{"count":1,"href":"http:\/\/muzykabeztajemnic.info.pl\/index.php?rest_route=\/wp\/v2\/posts\/27444\/revisions"}],"predecessor-version":[{"id":27446,"href":"http:\/\/muzykabeztajemnic.info.pl\/index.php?rest_route=\/wp\/v2\/posts\/27444\/revisions\/27446"}],"wp:attachment":[{"href":"http:\/\/muzykabeztajemnic.info.pl\/index.php?rest_route=%2Fwp%2Fv2%2Fmedia&parent=27444"}],"wp:term":[{"taxonomy":"category","embeddable":true,"href":"http:\/\/muzykabeztajemnic.info.pl\/index.php?rest_route=%2Fwp%2Fv2%2Fcategories&post=27444"},{"taxonomy":"post_tag","embeddable":true,"href":"http:\/\/muzykabeztajemnic.info.pl\/index.php?rest_route=%2Fwp%2Fv2%2Ftags&post=27444"}],"curies":[{"name":"wp","href":"https:\/\/api.w.org\/{rel}","templated":true}]}}