{"id":27439,"date":"2024-01-07T10:37:25","date_gmt":"2024-01-07T10:37:25","guid":{"rendered":"http:\/\/muzykabeztajemnic.info.pl\/?p=27439"},"modified":"2024-01-07T10:37:26","modified_gmt":"2024-01-07T10:37:26","slug":"cris-mili-moje-opowiesci-skrywaja-cos-wiecej","status":"publish","type":"post","link":"http:\/\/muzykabeztajemnic.info.pl\/?p=27439","title":{"rendered":"Cris Mili: \u201eMoje Opowie\u015bci&#8221; skrywaj\u0105 co\u015b wi\u0119cej&#8230;"},"content":{"rendered":"\n<figure class=\"wp-block-image size-full\"><img loading=\"lazy\" decoding=\"async\" width=\"700\" height=\"700\" src=\"http:\/\/muzykabeztajemnic.info.pl\/wp-content\/uploads\/2024\/01\/Cris-Mili-Moje-Opowiesci-okladka.jpg\" alt=\"\" class=\"wp-image-27440\" srcset=\"http:\/\/muzykabeztajemnic.info.pl\/wp-content\/uploads\/2024\/01\/Cris-Mili-Moje-Opowiesci-okladka.jpg 700w, http:\/\/muzykabeztajemnic.info.pl\/wp-content\/uploads\/2024\/01\/Cris-Mili-Moje-Opowiesci-okladka-500x500.jpg 500w, http:\/\/muzykabeztajemnic.info.pl\/wp-content\/uploads\/2024\/01\/Cris-Mili-Moje-Opowiesci-okladka-150x150.jpg 150w\" sizes=\"auto, (max-width: 700px) 100vw, 700px\" \/><\/figure>\n\n\n\n<p>Po \u015bwietnie przyj\u0119tych singlach \u201eDeszcz&#8221;, \u201eMiasto Grzechu&#8221; i \u201eFenomenalny&#8221;, Cris Mili prezentuje singiel zatytu\u0142owany \u201eMoje Opowie\u015bci&#8221;.<\/p>\n\n\n\n<p>S\u0142uchaj w serwisach cyfrowych:&nbsp;&nbsp;<a href=\"https:\/\/gmail.us5.list-manage.com\/track\/click?u=600943bcc8d7fd2ca1b8997fa&amp;id=eaebf8fa4f&amp;e=75aa92cad6\" target=\"_blank\" rel=\"noreferrer noopener\">https:\/\/adm.ffm.to\/mojeopowiesci<\/a><\/p>\n\n\n\n<p>Utw\u00f3r \u201eMoje Opowie\u015bci&#8221; nawi\u0105zuje charakterem do swoich poprzednik\u00f3w. Przesycony metaforami i niedopowiedzeniami tekst daje do my\u015blenia. Czy podmiotem lirycznym do kt\u00f3rego \u015bpiewa artystka jest osoba, czy mo\u017ce co\u015b zupe\u0142nie innego?<\/p>\n\n\n\n<p>&#8211;&nbsp;<em>W \u201eMoich Opowie\u015bciach&#8221; poruszam w\u0105tek relacji, kt\u00f3ra nie zawsze jest dla Nas dobra, a jednak jej pragniemy. Na chwil\u0119 jeste\u015bmy w stanie si\u0119 z niej otrz\u0105sn\u0105\u0107, ale pojawia si\u0119 t\u0119sknota i trudno wymaza\u0107 pi\u0119kne chwile z pami\u0119ci. Wracamy, ale wiemy, \u017ce nie jest to dla Nas do ko\u0144ca dobre. On, kimkolwiek lub czymkolwiek jest, kusi i zniewala, powoli od siebie uzale\u017cnia i w pewnym momencie zdajemy sobie spraw\u0119, \u017ce nie mo\u017cemy bez niego sobie poradzi\u0107 \u2013&nbsp;<\/em>m\u00f3wi o swoim singlu artystka.<\/p>\n\n\n\n<p>Do utworu powsta\u0142 spontaniczny teledysk.<\/p>\n\n\n\n<p>&#8211;&nbsp;<em>W trakcie ostatnich Andrzejek wpadli\u015bmy na pomys\u0142 mojego kolejnego teledysku. Re\u017cyseri\u0105 i monta\u017cem zaj\u0105\u0142 si\u0119 Piotr Cort\u00e9s, a wi\u0119kszo\u015b\u0107 uj\u0119\u0107 zrealizowali Patryk Fudali i Magdalena Zagrajek z Metropoland Entertaiment. Pierwotnie mia\u0142am nagra\u0107 wy\u0142\u0105cznie uj\u0119cia swojego ta\u0144ca, a teraz czekam na premier\u0119 teledysku. Wysz\u0142o naprawd\u0119 nieziemsko<\/em>&nbsp;\u2013 wspomina Cris Mili.<\/p>\n\n\n\n<p>Obczaj klip:<br><\/p>\n\n\n\n<figure class=\"wp-block-embed is-type-video is-provider-youtube wp-block-embed-youtube wp-embed-aspect-16-9 wp-has-aspect-ratio\"><div class=\"wp-block-embed__wrapper\">\n<iframe loading=\"lazy\" title=\"Cris Mili - Moje Opowie\u015bci (Official Audio)\" width=\"800\" height=\"450\" src=\"https:\/\/www.youtube.com\/embed\/Mx4Q5Dg001Y?feature=oembed\" frameborder=\"0\" allow=\"accelerometer; autoplay; clipboard-write; encrypted-media; gyroscope; picture-in-picture; web-share\" referrerpolicy=\"strict-origin-when-cross-origin\" allowfullscreen><\/iframe>\n<\/div><\/figure>\n\n\n\n<p><strong>Cris Mili&nbsp;&#8211;<\/strong>&nbsp;wokalistka, flecistka, kochaj\u0105ca klimaty latino. Uko\u0144czy\u0142a PPSM im. E. M\u0142ynarskiego w Warszawie \u201eMa\u0142a Miodowa&#8221; i ucz\u0119szcza\u0142a do PSM im F. Chopina II st. \u201eBednarska&#8221; w klasie fletu poprzecznego. Laureatka konkurs\u00f3w og\u00f3lnopolskich i lokalnych. &nbsp;Wcze\u015bniej zwi\u0105zana z ch\u00f3rem przy Teatrze Wielkim \u201eAlla Polacca&#8221;, zespo\u0142em wokalnym \u201eVocalove&#8221;, zespo\u0142em afryka\u0144skim \u201eBaKuBa&#8221;. Aleksandra jest r\u00f3wnie\u017c znana szerszej publiczno\u015bci z produkcji filmowych lat 90-tych. Najwi\u0119kszy rozg\u0142os uzyska\u0142a wcielaj\u0105c si\u0119 w Basi\u0119 Halsk\u0105, c\u00f3rk\u0119 komisarza Halskiego w \u201eEkstradycji&#8221;.<\/p>\n\n\n\n<p>Prawdziwa mi\u0142o\u015b\u0107 do muzyki tak naprawd\u0119 zacz\u0119\u0142a si\u0119 podczas pobytu w Brazylii, gdzie du\u017co czasu sp\u0119dza\u0142a z lokalnymi artystami, \u015bpiewaj\u0105c, graj\u0105c i&nbsp;ta\u0144cz\u0105c Samb\u0119. Jej tw\u00f3rczo\u015b\u0107 to nieoczywisty pop alternatywny. Ka\u017cdy z&nbsp;utwor\u00f3w jest inny, a jednak charakteryzuje go pewien styl, z wp\u0142ywami Ameryki Po\u0142udniowej. Teksty maj\u0105 swoje odbicie w \u017cyciu, a&nbsp;melodie komponuje przechadzaj\u0105c si\u0119 ulicami Warszawy. W 2021 roku w plebiscycie organizowanym przez Polska Muzyka Alternatywna zdoby\u0142a tytu\u0142 Artysta Roku za autorsk\u0105 piosenk\u0119 \u201eMiasto Grzechu&#8221;. Jej pierwsze single, zosta\u0142y bardzo dobrze przyj\u0119te zar\u00f3wno przez s\u0142uchaczy jak i przez media. Wiele stron muzycznych po\u015bwi\u0119ci\u0142o swoje \u0142amy Artystce i jej utworom, kt\u00f3re pojawi\u0142y si\u0119 te\u017c na znacz\u0105cych playlistach Spotify.<br>Z ciekawo\u015bci\u0105 b\u0119dziemy \u015bledzi\u0107, jak rozwinie si\u0119 \u015bcie\u017cka kariery tej nietuzinkowej artystki. Zach\u0119camy do ucz\u0119szczania na koncerty Cris Mili, gdzie na \u017cywo mo\u017cna pos\u0142ucha\u0107 emocjonalnej muzy.<\/p>\n\n\n\n<p>Wszelkie info na social mediach:<\/p>\n\n\n\n<p><a href=\"https:\/\/gmail.us5.list-manage.com\/track\/click?u=600943bcc8d7fd2ca1b8997fa&amp;id=ab2ccee195&amp;e=75aa92cad6\" target=\"_blank\" rel=\"noreferrer noopener\">FB<\/a><br><a href=\"https:\/\/gmail.us5.list-manage.com\/track\/click?u=600943bcc8d7fd2ca1b8997fa&amp;id=1e01daf9ad&amp;e=75aa92cad6\" target=\"_blank\" rel=\"noreferrer noopener\">Instagram<\/a><br><a href=\"https:\/\/gmail.us5.list-manage.com\/track\/click?u=600943bcc8d7fd2ca1b8997fa&amp;id=d7e439cf7f&amp;e=75aa92cad6\" target=\"_blank\" rel=\"noreferrer noopener\">YT<\/a><\/p>\n","protected":false},"excerpt":{"rendered":"<p>Po \u015bwietnie przyj\u0119tych singlach \u201eDeszcz&#8221;, \u201eMiasto Grzechu&#8221; i \u201eFenomenalny&#8221;, Cris Mili prezentuje singiel zatytu\u0142owany \u201eMoje Opowie\u015bci&#8221;. S\u0142uchaj w serwisach cyfrowych:&nbsp;&nbsp;https:\/\/adm.ffm.to\/mojeopowiesci Utw\u00f3r \u201eMoje Opowie\u015bci&#8221; nawi\u0105zuje charakterem do swoich poprzednik\u00f3w. Przesycony metaforami i niedopowiedzeniami tekst daje do my\u015blenia. Czy podmiotem lirycznym do kt\u00f3rego \u015bpiewa artystka jest osoba, czy mo\u017ce co\u015b zupe\u0142nie innego? &#8211;&nbsp;W \u201eMoich Opowie\u015bciach&#8221; poruszam w\u0105tek [&hellip;]<\/p>\n","protected":false},"author":1,"featured_media":0,"comment_status":"closed","ping_status":"open","sticky":false,"template":"","format":"standard","meta":{"jetpack_post_was_ever_published":false,"_jetpack_newsletter_access":"","_jetpack_dont_email_post_to_subs":false,"_jetpack_newsletter_tier_id":0,"_jetpack_memberships_contains_paywalled_content":false,"_jetpack_memberships_contains_paid_content":false,"footnotes":"","jetpack_publicize_message":"","jetpack_publicize_feature_enabled":true,"jetpack_social_post_already_shared":true,"jetpack_social_options":{"image_generator_settings":{"template":"highway","default_image_id":0,"enabled":false},"version":2}},"categories":[1],"tags":[],"class_list":["post-27439","post","type-post","status-publish","format-standard","hentry","category-uncategorized"],"jetpack_publicize_connections":[],"jetpack_featured_media_url":"","jetpack_sharing_enabled":true,"jetpack_shortlink":"https:\/\/wp.me\/p67auQ-78z","_links":{"self":[{"href":"http:\/\/muzykabeztajemnic.info.pl\/index.php?rest_route=\/wp\/v2\/posts\/27439","targetHints":{"allow":["GET"]}}],"collection":[{"href":"http:\/\/muzykabeztajemnic.info.pl\/index.php?rest_route=\/wp\/v2\/posts"}],"about":[{"href":"http:\/\/muzykabeztajemnic.info.pl\/index.php?rest_route=\/wp\/v2\/types\/post"}],"author":[{"embeddable":true,"href":"http:\/\/muzykabeztajemnic.info.pl\/index.php?rest_route=\/wp\/v2\/users\/1"}],"replies":[{"embeddable":true,"href":"http:\/\/muzykabeztajemnic.info.pl\/index.php?rest_route=%2Fwp%2Fv2%2Fcomments&post=27439"}],"version-history":[{"count":1,"href":"http:\/\/muzykabeztajemnic.info.pl\/index.php?rest_route=\/wp\/v2\/posts\/27439\/revisions"}],"predecessor-version":[{"id":27441,"href":"http:\/\/muzykabeztajemnic.info.pl\/index.php?rest_route=\/wp\/v2\/posts\/27439\/revisions\/27441"}],"wp:attachment":[{"href":"http:\/\/muzykabeztajemnic.info.pl\/index.php?rest_route=%2Fwp%2Fv2%2Fmedia&parent=27439"}],"wp:term":[{"taxonomy":"category","embeddable":true,"href":"http:\/\/muzykabeztajemnic.info.pl\/index.php?rest_route=%2Fwp%2Fv2%2Fcategories&post=27439"},{"taxonomy":"post_tag","embeddable":true,"href":"http:\/\/muzykabeztajemnic.info.pl\/index.php?rest_route=%2Fwp%2Fv2%2Ftags&post=27439"}],"curies":[{"name":"wp","href":"https:\/\/api.w.org\/{rel}","templated":true}]}}