{"id":25483,"date":"2023-04-26T13:47:42","date_gmt":"2023-04-26T13:47:42","guid":{"rendered":"http:\/\/muzykabeztajemnic.info.pl\/?p=25483"},"modified":"2023-04-26T13:47:45","modified_gmt":"2023-04-26T13:47:45","slug":"bedzie-glosno-marta-zalewska-koncert-na-zywo-w-radiowej-czworce","status":"publish","type":"post","link":"http:\/\/muzykabeztajemnic.info.pl\/?p=25483","title":{"rendered":"B\u0118DZIE G\u0141O\u015aNO! MARTA ZALEWSKA \u2013 KONCERT NA \u017bYWO\u00a0W RADIOWEJ CZW\u00d3RCE"},"content":{"rendered":"\n<figure class=\"wp-block-image size-full\"><img loading=\"lazy\" decoding=\"async\" width=\"607\" height=\"329\" src=\"http:\/\/muzykabeztajemnic.info.pl\/wp-content\/uploads\/2019\/11\/czworka_1.jpg\" alt=\"\" class=\"wp-image-19189\" srcset=\"http:\/\/muzykabeztajemnic.info.pl\/wp-content\/uploads\/2019\/11\/czworka_1.jpg 607w, http:\/\/muzykabeztajemnic.info.pl\/wp-content\/uploads\/2019\/11\/czworka_1-500x271.jpg 500w\" sizes=\"auto, (max-width: 607px) 100vw, 607px\" \/><\/figure>\n\n\n\n<p><strong>W pi\u0105tek, 28 kwietnia radiowa Czw\u00f3rka zaprasza s\u0142uchaczy na koncert polskiej wokalistki i\u00a0multiinstrumentalistki \u2013 Marty Zalewskiej, kt\u00f3rej muzyka jest pe\u0142na gitarowych brzmie\u0144, odwo\u0142uj\u0105cych si\u0119 do klasycznego rocka, ale tak\u017ce muzyki folkowej. Podczas koncertu wykona utwory z ostatniej p\u0142yty pt. \u201eJestem\u201d. Transmisja ze studia koncertowego Czw\u00f3rki rozpocznie si\u0119 po godz. 18.00 na <\/strong><a href=\"https:\/\/www.facebook.com\/czworka\"><strong>Facebooku<\/strong><\/a><strong>, <\/strong><a href=\"https:\/\/www.youtube.com\/user\/czworka\"><strong>kanale YouTube<\/strong><\/a><strong>, stronie internetowej <\/strong><a href=\"https:\/\/www.polskieradio.pl\/10,Czworka\/\"><strong>czworka.online<\/strong><\/a><strong>oraz w aplikacji mobilnej Czw\u00f3rki. \u00a0 \u00a0<\/strong><\/p>\n\n\n\n<p>Marta Zalewska to znakomita polska wokalistka, kompozytorka oraz autorka tekst\u00f3w. Jest absolwentk\u0105 Uniwersytetu Muzycznego Fryderyka Chopina oraz laureatk\u0105 konkursu Narodowego Centrum Polskiej Piosenki w Opolu. Podczas konkursu artystka zaprezentowa\u0142a sw\u00f3j autorski kawa\u0142ek \u201eSkrzyd\u0142a\u201d.&nbsp;<\/p>\n\n\n\n<p><strong>W 2018 roku Marta Zalewska zwyci\u0119\u017cy\u0142a w konkursie \u201eWydaj p\u0142yt\u0119 z B\u0119dzie G\u0142o\u015bno\u201d radiowej Czw\u00f3rki i&nbsp;nak\u0142adem Agencji Muzycznej Polskiego Radia wydany zosta\u0142 jej autorski album \u201eMarta Zalewska\u201d.<\/strong><\/p>\n\n\n\n<p>W 2022 artystka powr\u00f3ci\u0142a ze swoim drugim autorskim kr\u0105\u017ckiem pt. \u201eJestem\u201d, na kt\u00f3rym znalaz\u0142o si\u0119 trzyna\u015bcie kompozycji o bezkompromisowym brzmieniu rock\u2019n\u2019rolla oraz d\u017awi\u0119k\u00f3w muzyki folkowej. Jak podkre\u015bla Marta Zalewska ca\u0142y album \u201eJestem\u201d to ho\u0142d z\u0142o\u017cony analogowemu brzmieniu. Zosta\u0142 on nagrany i zmiksowany analogowo w nawi\u0105zaniu do \u201enajlepszych tradycji \u015bwiatowego rock\u2019n\u2019rolla\u201d.&nbsp;<\/p>\n\n\n\n<p>Wokalistka od dziecka fascynuje si\u0119 muzyk\u0105 lat 60. oraz ruchem hipisowskim, co wyra\u017anie ma sw\u00f3j wyd\u017awi\u0119k w jej muzyce. Swoje do\u015bwiadczenie zdobywa\u0142a m.in. u boku Kayah czy Krystyny Pro\u0144ko, a tak\u017ce z zespo\u0142ami muzyki dawnej Canor Anticus i Ars Nova. W najbli\u017cszym czasie artystka planuje wyda\u0107 kolejn\u0105 p\u0142yt\u0119.&nbsp;<\/p>\n\n\n\n<p><strong>Marta Zalewska<\/strong> zagra 28 kwietnia, po godz. 18.00 w Czw\u00f3rkowej audycji \u201eB\u0119dzie g\u0142o\u015bno!\u201d. Transmisja dost\u0119pna b\u0119dzie na stronie internetowej <a href=\"https:\/\/www.polskieradio.pl\/10,Czworka\/\">stacji<\/a>, kanale <a href=\"https:\/\/www.youtube.com\/user\/czworka\">YouTube<\/a> , <a href=\"https:\/\/m.facebook.com\/czworka?_rdr\">Facebooku<\/a> oraz w aplikacji mobilnej Czw\u00f3rki.<\/p>\n\n\n\n<ul class=\"wp-block-list\">\n<li><strong>Koncert odb\u0119dzie si\u0119 w Czw\u00f3rkowym studiu koncertowym.&nbsp;<\/strong><\/li>\n\n\n\n<li><strong>Strona internetowa <\/strong><a href=\"https:\/\/www.polskieradio.pl\/10,Czworka\/\"><strong>Czw\u00f3rki<\/strong><\/a><strong>&nbsp;<\/strong><\/li>\n<\/ul>\n","protected":false},"excerpt":{"rendered":"<p>W pi\u0105tek, 28 kwietnia radiowa Czw\u00f3rka zaprasza s\u0142uchaczy na koncert polskiej wokalistki i\u00a0multiinstrumentalistki \u2013 Marty Zalewskiej, kt\u00f3rej muzyka jest pe\u0142na gitarowych brzmie\u0144, odwo\u0142uj\u0105cych si\u0119 do klasycznego rocka, ale tak\u017ce muzyki folkowej. Podczas koncertu wykona utwory z ostatniej p\u0142yty pt. \u201eJestem\u201d. Transmisja ze studia koncertowego Czw\u00f3rki rozpocznie si\u0119 po godz. 18.00 na Facebooku, kanale YouTube, stronie [&hellip;]<\/p>\n","protected":false},"author":1,"featured_media":19189,"comment_status":"closed","ping_status":"open","sticky":false,"template":"","format":"standard","meta":{"jetpack_post_was_ever_published":false,"_jetpack_newsletter_access":"","_jetpack_dont_email_post_to_subs":false,"_jetpack_newsletter_tier_id":0,"_jetpack_memberships_contains_paywalled_content":false,"_jetpack_memberships_contains_paid_content":false,"footnotes":"","jetpack_publicize_message":"","jetpack_publicize_feature_enabled":true,"jetpack_social_post_already_shared":true,"jetpack_social_options":{"image_generator_settings":{"template":"highway","default_image_id":0,"enabled":false},"version":2}},"categories":[1],"tags":[],"class_list":["post-25483","post","type-post","status-publish","format-standard","has-post-thumbnail","hentry","category-uncategorized"],"jetpack_publicize_connections":[],"jetpack_featured_media_url":"http:\/\/muzykabeztajemnic.info.pl\/wp-content\/uploads\/2019\/11\/czworka_1.jpg","jetpack_sharing_enabled":true,"jetpack_shortlink":"https:\/\/wp.me\/p67auQ-6D1","_links":{"self":[{"href":"http:\/\/muzykabeztajemnic.info.pl\/index.php?rest_route=\/wp\/v2\/posts\/25483","targetHints":{"allow":["GET"]}}],"collection":[{"href":"http:\/\/muzykabeztajemnic.info.pl\/index.php?rest_route=\/wp\/v2\/posts"}],"about":[{"href":"http:\/\/muzykabeztajemnic.info.pl\/index.php?rest_route=\/wp\/v2\/types\/post"}],"author":[{"embeddable":true,"href":"http:\/\/muzykabeztajemnic.info.pl\/index.php?rest_route=\/wp\/v2\/users\/1"}],"replies":[{"embeddable":true,"href":"http:\/\/muzykabeztajemnic.info.pl\/index.php?rest_route=%2Fwp%2Fv2%2Fcomments&post=25483"}],"version-history":[{"count":1,"href":"http:\/\/muzykabeztajemnic.info.pl\/index.php?rest_route=\/wp\/v2\/posts\/25483\/revisions"}],"predecessor-version":[{"id":25484,"href":"http:\/\/muzykabeztajemnic.info.pl\/index.php?rest_route=\/wp\/v2\/posts\/25483\/revisions\/25484"}],"wp:featuredmedia":[{"embeddable":true,"href":"http:\/\/muzykabeztajemnic.info.pl\/index.php?rest_route=\/wp\/v2\/media\/19189"}],"wp:attachment":[{"href":"http:\/\/muzykabeztajemnic.info.pl\/index.php?rest_route=%2Fwp%2Fv2%2Fmedia&parent=25483"}],"wp:term":[{"taxonomy":"category","embeddable":true,"href":"http:\/\/muzykabeztajemnic.info.pl\/index.php?rest_route=%2Fwp%2Fv2%2Fcategories&post=25483"},{"taxonomy":"post_tag","embeddable":true,"href":"http:\/\/muzykabeztajemnic.info.pl\/index.php?rest_route=%2Fwp%2Fv2%2Ftags&post=25483"}],"curies":[{"name":"wp","href":"https:\/\/api.w.org\/{rel}","templated":true}]}}