{"id":25121,"date":"2023-01-31T11:55:25","date_gmt":"2023-01-31T11:55:25","guid":{"rendered":"http:\/\/muzykabeztajemnic.info.pl\/?p=25121"},"modified":"2023-01-31T11:55:27","modified_gmt":"2023-01-31T11:55:27","slug":"kuban-razem-ze-szpakiem-posluchaj-jak-nie-wroce-po-polnocy-z-jednej-z-najbardziej-wyczekiwanych-plyt-tego-roku","status":"publish","type":"post","link":"http:\/\/muzykabeztajemnic.info.pl\/?p=25121","title":{"rendered":"<strong>Kuban razem ze Szpakiem. Pos\u0142uchaj \u201ejak nie wr\u00f3c\u0119 po p\u00f3\u0142nocy\u201d z jednej z najbardziej wyczekiwanych p\u0142yt tego roku<\/strong>"},"content":{"rendered":"\n<p>Po singlu \u201ena okr\u0105g\u0142o\u201d Kuban prezentuje kolejny utw\u00f3r zapowiadaj\u0105cy nowy album. W \u201ejak nie wr\u00f3c\u0119 po p\u00f3\u0142nocy\u201d go\u015bcinnie pojawia si\u0119 Szpaku, a w teledysku mo\u017cemy zobaczy\u0107 Andrzeja Chyr\u0119 i Vaness\u0119 Aleksander.&nbsp;<\/p>\n\n\n\n<p>W nowym utworze Kuban ujawnia pierwszego go\u015bcia z wyczekiwanej p\u0142yty, ale i wraca do przemy\u015ble\u0144 o czasie, tu\u017c zanim znikn\u0105\u0142 ze sceny. Klip z udzia\u0142em Andrzeja Chyry i Vanessy Aleksander mo\u017cna zobaczy\u0107 tutaj: <a href=\"https:\/\/www.youtube.com\/watch?v=UBMkRxXaagQ\">https:\/\/www.youtube.com\/watch?v=UBMkRxXaagQ<\/a><\/p>\n\n\n\n<p>Single \u201ejak nie wr\u00f3c\u0119 po p\u00f3\u0142nocy\u201d i \u201ena okr\u0105g\u0142o\u201d zapowiadaj\u0105 drugi album Kubana \u201espok\u00f3j\u201d. Artysta jak na razie nie wypowiada si\u0119 o tym, co jeszcze znajdzie si\u0119 na p\u0142ycie, nie komentuje procesu jej powstawania. W pierwszej kolejno\u015bci chce wygada\u0107 si\u0119 na albumie.<\/p>\n\n\n\n<p>\u201espok\u00f3j\u201d uka\u017ce si\u0119 24 lutego. P\u0142yta dost\u0119pna jest w preorderze: <a href=\"http:\/\/dobziludzie.com\/\">http:\/\/dobziludzie.com\/<\/a><\/p>\n","protected":false},"excerpt":{"rendered":"<p>Po singlu \u201ena okr\u0105g\u0142o\u201d Kuban prezentuje kolejny utw\u00f3r zapowiadaj\u0105cy nowy album. W \u201ejak nie wr\u00f3c\u0119 po p\u00f3\u0142nocy\u201d go\u015bcinnie pojawia si\u0119 Szpaku, a w teledysku mo\u017cemy zobaczy\u0107 Andrzeja Chyr\u0119 i Vaness\u0119 Aleksander.&nbsp; W nowym utworze Kuban ujawnia pierwszego go\u015bcia z wyczekiwanej p\u0142yty, ale i wraca do przemy\u015ble\u0144 o czasie, tu\u017c zanim znikn\u0105\u0142 ze sceny. Klip z [&hellip;]<\/p>\n","protected":false},"author":1,"featured_media":0,"comment_status":"closed","ping_status":"open","sticky":false,"template":"","format":"standard","meta":{"jetpack_post_was_ever_published":false,"_jetpack_newsletter_access":"","_jetpack_dont_email_post_to_subs":false,"_jetpack_newsletter_tier_id":0,"_jetpack_memberships_contains_paywalled_content":false,"_jetpack_memberships_contains_paid_content":false,"footnotes":"","jetpack_publicize_message":"","jetpack_publicize_feature_enabled":true,"jetpack_social_post_already_shared":true,"jetpack_social_options":{"image_generator_settings":{"template":"highway","default_image_id":0,"enabled":false},"version":2}},"categories":[1],"tags":[],"class_list":["post-25121","post","type-post","status-publish","format-standard","hentry","category-uncategorized"],"jetpack_publicize_connections":[],"jetpack_featured_media_url":"","jetpack_sharing_enabled":true,"jetpack_shortlink":"https:\/\/wp.me\/p67auQ-6xb","_links":{"self":[{"href":"http:\/\/muzykabeztajemnic.info.pl\/index.php?rest_route=\/wp\/v2\/posts\/25121","targetHints":{"allow":["GET"]}}],"collection":[{"href":"http:\/\/muzykabeztajemnic.info.pl\/index.php?rest_route=\/wp\/v2\/posts"}],"about":[{"href":"http:\/\/muzykabeztajemnic.info.pl\/index.php?rest_route=\/wp\/v2\/types\/post"}],"author":[{"embeddable":true,"href":"http:\/\/muzykabeztajemnic.info.pl\/index.php?rest_route=\/wp\/v2\/users\/1"}],"replies":[{"embeddable":true,"href":"http:\/\/muzykabeztajemnic.info.pl\/index.php?rest_route=%2Fwp%2Fv2%2Fcomments&post=25121"}],"version-history":[{"count":1,"href":"http:\/\/muzykabeztajemnic.info.pl\/index.php?rest_route=\/wp\/v2\/posts\/25121\/revisions"}],"predecessor-version":[{"id":25122,"href":"http:\/\/muzykabeztajemnic.info.pl\/index.php?rest_route=\/wp\/v2\/posts\/25121\/revisions\/25122"}],"wp:attachment":[{"href":"http:\/\/muzykabeztajemnic.info.pl\/index.php?rest_route=%2Fwp%2Fv2%2Fmedia&parent=25121"}],"wp:term":[{"taxonomy":"category","embeddable":true,"href":"http:\/\/muzykabeztajemnic.info.pl\/index.php?rest_route=%2Fwp%2Fv2%2Fcategories&post=25121"},{"taxonomy":"post_tag","embeddable":true,"href":"http:\/\/muzykabeztajemnic.info.pl\/index.php?rest_route=%2Fwp%2Fv2%2Ftags&post=25121"}],"curies":[{"name":"wp","href":"https:\/\/api.w.org\/{rel}","templated":true}]}}