{"id":25112,"date":"2023-01-31T11:49:40","date_gmt":"2023-01-31T11:49:40","guid":{"rendered":"http:\/\/muzykabeztajemnic.info.pl\/?p=25112"},"modified":"2023-01-31T11:49:43","modified_gmt":"2023-01-31T11:49:43","slug":"pola-rise-z-nowym-singlem-o-wykluczeniu-utwor-wytrzymam-juz-w-sieci","status":"publish","type":"post","link":"http:\/\/muzykabeztajemnic.info.pl\/?p=25112","title":{"rendered":"Pola Rise z nowym singlem o wykluczeniu. Utw\u00f3r &#8222;Wytrzymam&#8221; ju\u017c w sieci."},"content":{"rendered":"\n<figure class=\"wp-block-image size-large\"><img loading=\"lazy\" decoding=\"async\" width=\"800\" height=\"450\" src=\"http:\/\/muzykabeztajemnic.info.pl\/wp-content\/uploads\/2023\/01\/72e9c42c-6e70-d9d3-e507-e5b483d704fd-800x450.png\" alt=\"\" class=\"wp-image-25113\" srcset=\"http:\/\/muzykabeztajemnic.info.pl\/wp-content\/uploads\/2023\/01\/72e9c42c-6e70-d9d3-e507-e5b483d704fd-800x450.png 800w, http:\/\/muzykabeztajemnic.info.pl\/wp-content\/uploads\/2023\/01\/72e9c42c-6e70-d9d3-e507-e5b483d704fd-500x281.png 500w, http:\/\/muzykabeztajemnic.info.pl\/wp-content\/uploads\/2023\/01\/72e9c42c-6e70-d9d3-e507-e5b483d704fd-768x432.png 768w, http:\/\/muzykabeztajemnic.info.pl\/wp-content\/uploads\/2023\/01\/72e9c42c-6e70-d9d3-e507-e5b483d704fd.png 1200w\" sizes=\"auto, (max-width: 800px) 100vw, 800px\" \/><\/figure>\n\n\n\n<p>Pola Rise utworem \u201eWytrzymam\u201d pretenduje do najbardziej wyrazistych i charakterystycznych artystek polskiej sceny alternatywnej. Utw\u00f3r uzupe\u0142nia wyj\u0105tkowy i wielowymiarowym klip, kt\u00f3ry opowiada histori\u0119 o wykluczeniu, braku akceptacji i odrzuceniu spo\u0142ecznym. Teledysk mia\u0142 swoj\u0105 premier\u0119 w metaversowej przestrzeni Spatial.io, kt\u00f3ra b\u0119dzie dost\u0119pna dla zwiedzaj\u0105cych do 19 stycznia 2023.\u00a0<\/p>\n\n\n\n<figure class=\"wp-block-table\"><table><tbody><tr><td><a href=\"https:\/\/warnermusic.us11.list-manage.com\/track\/click?u=5707ca9200ef714154dda6f30&amp;id=63b1afacd4&amp;e=f72eb1638a\" target=\"_blank\" rel=\"noreferrer noopener\">ZOBACZ WYJ\u0104TKOWY TELEDYSK<\/a><\/td><\/tr><\/tbody><\/table><\/figure>\n\n\n\n<figure class=\"wp-block-table\"><table><tbody><tr><td><strong>Pola Rise<\/strong>&nbsp;da\u0142a si\u0119 pozna\u0107 jako artystka wielowymiarowa, z w\u0142asnym, rozpoznawalnym brzmieniem i charakterem. Po \u015bwietnie przyj\u0119tym debiucie&nbsp;<strong>ANYWHERE BUT HERE<\/strong>&nbsp;i nagrodzonym trzema z\u0142otymi singlami albumie<br><strong>TO THE BONE<\/strong>&nbsp;w duecie z australijskim artyst\u0105&nbsp;<strong>Andym&nbsp;Wardem<\/strong>, przyszed\u0142 czas na debiut w j\u0119zyku polskim. Po singlach&nbsp;<strong>CHYBA&nbsp;<\/strong>oraz&nbsp;<strong>BEZ TCHU<\/strong>, kt\u00f3re ukaza\u0142y si\u0119 w drugiej po\u0142owie 2022 roku&nbsp;przysz\u0142a kolej na poruszaj\u0105ce&nbsp;<strong>WYTRZYMAM<\/strong>.&nbsp;<br><br>Klip przepe\u0142niony jest symbolik\u0105 i opowiada histori\u0119 jedynego uw\u0142osionego w t\u0142umie os\u00f3b pozbawionych w\u0142os\u00f3w. Bohaterka si\u0142\u0105 wyci\u0105gana jest ze swojej przestrzeni by wyst\u0105pi\u0107 przed publiczno\u015bci\u0105, kt\u00f3ra ze wzgl\u0119du na jej \u201einno\u015b\u0107\u201d zupe\u0142nie nie rozumie i odrzuca t\u0119 sztuk\u0119. Nieprzypadkowo jednym w wa\u017cniejszych element\u00f3w ca\u0142ego projektu s\u0105 rosn\u0105ce w\u0142osy. To symbol up\u0142ywaj\u0105cego czasu, ale r\u00f3wnie\u017c to atrybut przekle\u0144stwa i wykluczenia. Jest to nawi\u0105zanie r\u00f3wnie\u017c do ko\u0142tuna polskiego, czyli Plica polonica, gdzie spl\u0105tane w\u0142osy by\u0142y symbolem z\u0142a i \u201echoroby wewn\u0119trznej\u201d.&nbsp;&nbsp;&nbsp;&nbsp;<br><br>&nbsp;\u201e<em>Wytrzymam to utw\u00f3r otwieraj\u0105cy ca\u0142kiem nowy etap historii, kt\u00f3r\u0105 chcia\u0142abym opowiedzie\u0107 na mojej nowej p\u0142ycie. Po zmierzeniu si\u0119 z w\u0142asnymi demonami przyszed\u0142 czas na akceptacj\u0119, regeneracj\u0119 i now\u0105 perspektyw\u0119. Moja sk\u00f3ra stwardnia\u0142a i mimo, \u017ce wci\u0105\u017c cz\u0119sto czuje si\u0119 jak jedyny &#8222;uw\u0142osiony&#8221; w\u015br\u00f3d \u0142ysego spo\u0142ecze\u0144stwa, to zbudowa\u0142am w sobie wewn\u0119trzny schron, pozwalaj\u0105cy mi przetrwa\u0107. Niezwykle wa\u017cn\u0105 cz\u0119\u015bci\u0105 tej historii jest klip, kt\u00f3ry w metaforyczny spos\u00f3b pokazuje wyj\u015bcie z w\u0142asnej strefy komfortu, konfrontacj\u0119 z niezrozumieniem i odrzuceniem. To m\u00f3j manifest i walka o akceptacj\u0119 inno\u015bci i wyj\u0105tkowo\u015bci. T\u0119 inno\u015b\u0107 trzeba piel\u0119gnowa\u0107 i docenia\u0107 &#8211; to w\u0142a\u015bnie wyj\u015bcie poza schemat pozwala eksplorowa\u0107 coraz to nowe rzeczy i do\u015bwiadcza\u0107 emocji wcze\u015bniej niezaznanych.<\/em>&#8221;&nbsp;\u2013&nbsp;<em><strong>Pola Rise&nbsp;<\/strong><\/em><br><br><br>Piosenka&nbsp;<strong>WYTRZYMAM<\/strong>&nbsp;powsta\u0142a we wsp\u00f3\u0142pracy z&nbsp;<strong>Marcinem&nbsp;Borsem<\/strong>,&nbsp;producentem oraz&nbsp;<strong>Rafa\u0142em&nbsp;Olewnickim<\/strong>, kompozytorem i perkusist\u0105 zespo\u0142u&nbsp;<strong>Poli<\/strong>. Klip wyre\u017cyserowa\u0142&nbsp;<strong>Micha\u0142 \u201eRadziej\u201d Radziejewski<\/strong>&nbsp;we wsp\u00f3\u0142pracy z sam\u0105 artystk\u0105 a za zdj\u0119cia odpowiada&nbsp;<strong>Arek Powalka<\/strong>.&nbsp;<\/td><\/tr><\/tbody><\/table><\/figure>\n\n\n\n<p><a rel=\"noreferrer noopener\" href=\"https:\/\/warnermusic.us11.list-manage.com\/track\/click?u=5707ca9200ef714154dda6f30&amp;id=1696996589&amp;e=f72eb1638a\" target=\"_blank\">POS\u0141UCHAJ &#8222;WYTRZYMAM&#8221;<\/a><\/p>\n\n\n\n<figure class=\"wp-block-table\"><table><tbody><tr><td>Premierze towarzyszy\u0142o wyj\u0105tkowe wydarzenie: POLA RISE EXPERIENCE. To pierwszy taki event na polskiej scenie muzycznej. Uczestnicy w specjalnej przygotowanym \u015bwiecie w METAVERSE mogli si\u0119 spotka\u0107, przedpremierowo zobaczy\u0107 najnowszy klip, podziwia\u0107 wystaw\u0119&nbsp;niepublikowanych dot\u0105d zdj\u0119\u0107, obejrze\u0107 materia\u0142y wideo z backstage\u2019u, zapozna\u0107 si\u0119 z wypowiedziami tw\u00f3rc\u00f3w oraz zobaczy\u0107 i zakupi\u0107 premierow\u0105 kolekcj\u0119&nbsp;Digital Art, kt\u00f3re jako NFT b\u0119d\u0105 przepustk\u0105 do kolejnych atrakcji zwi\u0105zanych z nowym wydawnictwem.&nbsp;Wirtualna wystawa b\u0119dzie otwarta dla zwiedzaj\u0105cych do 19 stycznia 2023.<\/td><\/tr><\/tbody><\/table><\/figure>\n\n\n\n<figure class=\"wp-block-table\"><table><tbody><tr><td><a href=\"https:\/\/warnermusic.us11.list-manage.com\/track\/click?u=5707ca9200ef714154dda6f30&amp;id=2bd88706b5&amp;e=f72eb1638a\" target=\"_blank\" rel=\"noreferrer noopener\">ODWIED\u0179 WYSTAW\u0118<\/a><\/td><\/tr><\/tbody><\/table><\/figure>\n","protected":false},"excerpt":{"rendered":"<p>Pola Rise utworem \u201eWytrzymam\u201d pretenduje do najbardziej wyrazistych i charakterystycznych artystek polskiej sceny alternatywnej. Utw\u00f3r uzupe\u0142nia wyj\u0105tkowy i wielowymiarowym klip, kt\u00f3ry opowiada histori\u0119 o wykluczeniu, braku akceptacji i odrzuceniu spo\u0142ecznym. Teledysk mia\u0142 swoj\u0105 premier\u0119 w metaversowej przestrzeni Spatial.io, kt\u00f3ra b\u0119dzie dost\u0119pna dla zwiedzaj\u0105cych do 19 stycznia 2023.\u00a0 ZOBACZ WYJ\u0104TKOWY TELEDYSK Pola Rise&nbsp;da\u0142a si\u0119 pozna\u0107 jako [&hellip;]<\/p>\n","protected":false},"author":1,"featured_media":25113,"comment_status":"closed","ping_status":"open","sticky":false,"template":"","format":"standard","meta":{"jetpack_post_was_ever_published":false,"_jetpack_newsletter_access":"","_jetpack_dont_email_post_to_subs":false,"_jetpack_newsletter_tier_id":0,"_jetpack_memberships_contains_paywalled_content":false,"_jetpack_memberships_contains_paid_content":false,"footnotes":"","jetpack_publicize_message":"","jetpack_publicize_feature_enabled":true,"jetpack_social_post_already_shared":true,"jetpack_social_options":{"image_generator_settings":{"template":"highway","default_image_id":0,"enabled":false},"version":2}},"categories":[1],"tags":[],"class_list":["post-25112","post","type-post","status-publish","format-standard","has-post-thumbnail","hentry","category-uncategorized"],"jetpack_publicize_connections":[],"jetpack_featured_media_url":"http:\/\/muzykabeztajemnic.info.pl\/wp-content\/uploads\/2023\/01\/72e9c42c-6e70-d9d3-e507-e5b483d704fd.png","jetpack_sharing_enabled":true,"jetpack_shortlink":"https:\/\/wp.me\/p67auQ-6x2","_links":{"self":[{"href":"http:\/\/muzykabeztajemnic.info.pl\/index.php?rest_route=\/wp\/v2\/posts\/25112","targetHints":{"allow":["GET"]}}],"collection":[{"href":"http:\/\/muzykabeztajemnic.info.pl\/index.php?rest_route=\/wp\/v2\/posts"}],"about":[{"href":"http:\/\/muzykabeztajemnic.info.pl\/index.php?rest_route=\/wp\/v2\/types\/post"}],"author":[{"embeddable":true,"href":"http:\/\/muzykabeztajemnic.info.pl\/index.php?rest_route=\/wp\/v2\/users\/1"}],"replies":[{"embeddable":true,"href":"http:\/\/muzykabeztajemnic.info.pl\/index.php?rest_route=%2Fwp%2Fv2%2Fcomments&post=25112"}],"version-history":[{"count":1,"href":"http:\/\/muzykabeztajemnic.info.pl\/index.php?rest_route=\/wp\/v2\/posts\/25112\/revisions"}],"predecessor-version":[{"id":25114,"href":"http:\/\/muzykabeztajemnic.info.pl\/index.php?rest_route=\/wp\/v2\/posts\/25112\/revisions\/25114"}],"wp:featuredmedia":[{"embeddable":true,"href":"http:\/\/muzykabeztajemnic.info.pl\/index.php?rest_route=\/wp\/v2\/media\/25113"}],"wp:attachment":[{"href":"http:\/\/muzykabeztajemnic.info.pl\/index.php?rest_route=%2Fwp%2Fv2%2Fmedia&parent=25112"}],"wp:term":[{"taxonomy":"category","embeddable":true,"href":"http:\/\/muzykabeztajemnic.info.pl\/index.php?rest_route=%2Fwp%2Fv2%2Fcategories&post=25112"},{"taxonomy":"post_tag","embeddable":true,"href":"http:\/\/muzykabeztajemnic.info.pl\/index.php?rest_route=%2Fwp%2Fv2%2Ftags&post=25112"}],"curies":[{"name":"wp","href":"https:\/\/api.w.org\/{rel}","templated":true}]}}