{"id":24809,"date":"2022-11-22T15:55:28","date_gmt":"2022-11-22T15:55:28","guid":{"rendered":"http:\/\/muzykabeztajemnic.info.pl\/?p=24809"},"modified":"2022-11-22T15:55:33","modified_gmt":"2022-11-22T15:55:33","slug":"lumx-polaczyl-sily-z-tarikiem-asadim-i-willem-mattaposluchaj-ich-wspolnego-singla-the-night-is-young","status":"publish","type":"post","link":"http:\/\/muzykabeztajemnic.info.pl\/?p=24809","title":{"rendered":"<strong>LUM!X po\u0142\u0105czy\u0142 si\u0142y z Tarikiem Asadim&nbsp;i Willem Matt\u0105<\/strong><br><strong>Pos\u0142uchaj ich wsp\u00f3lnego singla &#8222;The Night Is Young&#8221;<\/strong>"},"content":{"rendered":"\n<figure class=\"wp-block-image size-full\"><img loading=\"lazy\" decoding=\"async\" width=\"600\" height=\"600\" src=\"http:\/\/muzykabeztajemnic.info.pl\/wp-content\/uploads\/2022\/11\/8e2c4e4d-65f2-442d-27de-2302bbbff271.jpg\" alt=\"\" class=\"wp-image-24810\" srcset=\"http:\/\/muzykabeztajemnic.info.pl\/wp-content\/uploads\/2022\/11\/8e2c4e4d-65f2-442d-27de-2302bbbff271.jpg 600w, http:\/\/muzykabeztajemnic.info.pl\/wp-content\/uploads\/2022\/11\/8e2c4e4d-65f2-442d-27de-2302bbbff271-500x500.jpg 500w, http:\/\/muzykabeztajemnic.info.pl\/wp-content\/uploads\/2022\/11\/8e2c4e4d-65f2-442d-27de-2302bbbff271-150x150.jpg 150w\" sizes=\"auto, (max-width: 600px) 100vw, 600px\" \/><\/figure>\n\n\n\n<p>Na fali ogromnej euforii, ceniony na ca\u0142ym \u015bwiecie tw\u00f3rca hit\u00f3w\u00a0<strong>LUM!X\u00a0<\/strong>po\u0142\u0105czy\u0142 si\u0119 z niemieckim artyst\u0105\u00a0<strong>Tarikiem Asadim<\/strong>\u00a0oraz z songwriterem\u00a0<strong>Willem Matt\u0105<\/strong>. Efektem kooperacji jest porywaj\u0105cy hymn\u00a0<strong>&#8222;The Night Is Young&#8221;<\/strong>.<\/p>\n\n\n\n<p><a href=\"https:\/\/www.youtube.com\/watch?v=IcaLPCpyeZ4\">Zobacz na YT<\/a><\/p>\n\n\n\n<p>Niesiony ciep\u0142ymi wokalami, imponuj\u0105cymi dropami i genialn\u0105 sekwencj\u0105 akord\u00f3w,&nbsp;<strong>&#8222;The Night Is Young&#8221;<\/strong>&nbsp;z pewno\u015bci\u0105 stanie si\u0119 festiwalowym bangerem. Piosenka stanowi kwintesencj\u0119 niepodrabialnego stylu&nbsp;<strong>LUM!Xa<\/strong>, kt\u00f3ry jest muzycznym synonimem beztroski i m\u0142odo\u015bci.<\/p>\n\n\n\n<p>Jedna z najnowszych legend muzyki tanecznej, austriacki DJ i producent&nbsp;<strong>LUM!X<\/strong>&nbsp;rozpali\u0142 mi\u0119dzynarodowe parkiety seri\u0105 festiwalowych hit\u00f3w. Od wysoko ocenianych kooperacji z&nbsp;<strong>Gabrym Ponte<\/strong>&nbsp;&#8211;&nbsp;<strong>&#8222;Thunder&#8221; i &#8222;Monster&#8221;<\/strong>&nbsp;&#8211; po najnowszy hit<strong>&nbsp;&#8222;Where Do We Go&#8221;<\/strong>&nbsp;z&nbsp;<strong>DVBSS<\/strong>, jego muzyka niemal natychmiast po premierze zbiera dziesi\u0105tki milion\u00f3w stream\u00f3w. W mi\u0119dzyczasie udowodni\u0142, \u017ce jego wyst\u0119py s\u0105 najja\u015bniejszymi punktami festiwali. Gwiazdor osi\u0105gn\u0105\u0142 ponadto wielki sukces, reprezentuj\u0105c w tym roku Austri\u0119 na Konkursie Piosenki Eurowizji z utworem&nbsp;<strong>&#8222;Halo&#8221;<\/strong>. Teraz prezentuje nowy singiel&nbsp;<strong>&#8222;The Night Is Young&#8221;<\/strong>.<\/p>\n\n\n\n<p>Cho\u0107&nbsp;<strong>Tarik Asadi<\/strong>&nbsp;jest stosunkowo now\u0105 postaci\u0105 na scenie, jego pierwsze wydawnictwa zdoby\u0142y ju\u017c ponad milion stream\u00f3w na samym Spotify. W swoim CV ma ponadto liczne wyst\u0119py w Niemczech, Austrii i W\u0142oszech, a jego gwiazda z ka\u017cdym dniem \u015bwieci ja\u015bniej.<\/p>\n\n\n\n<p>Sk\u0142ad uzupe\u0142nia&nbsp;<strong>Will Matta<\/strong>, uznany autor piosenek, kt\u00f3ry napisa\u0142 ju\u017c kilka hit\u00f3w, jak chocia\u017cby&nbsp;<strong>&#8222;Human Inside&#8221;<\/strong>, kt\u00f3remu zawdzi\u0119cza rozg\u0142os czy ubieg\u0142oroczny festiwalowy szlagier&nbsp;<strong>&#8222;Adrenaline&#8221;<\/strong>&nbsp;zrealizowany z Kattisonem.&nbsp;<\/p>\n\n\n\n<p>Ich nowa, \u015bwie\u017ca kooperacja to po prostu magia. Wyr\u00f3\u017cniaj\u0105cy si\u0119 delikatnymi fortepianowymi d\u017awi\u0119kami i wzruszaj\u0105cym g\u0142osem&nbsp;<strong>Willa Matty<\/strong>&nbsp;utw\u00f3r niesie ze sob\u0105 \u017cywio\u0142owy refren i pe\u0142en nadziei tekst o tym, \u017ce to, co najlepsze dopiero nadejdzie. Ca\u0142o\u015b\u0107 uzupe\u0142nia szalony beat, zachwycaj\u0105ce ch\u00f3rki i syntezatorowe brzmienia oraz niesamowity drop, kt\u00f3ry zmienia piosenk\u0119 w hymn dla mas.<\/p>\n\n\n\n<p><strong>&#8222;The Night Is Young&#8221;<\/strong>\u00a0to muzyczny odpowiednik zjednoczonej b\u0142ogo\u015bci, dow\u00f3d genialnego songwritingu i pot\u0119\u017cna dawka elektroniki. Wszystko to sprawia, \u017ce masz ochot\u0119 utrzyma\u0107 ogie\u0144 p\u0142on\u0105cy do \u015bwitu.\u00a0<\/p>\n\n\n\n<p><a href=\"https:\/\/warnermusic.us11.list-manage.com\/track\/click?u=5707ca9200ef714154dda6f30&amp;id=1b71828e28&amp;e=f72eb1638a\" target=\"_blank\" rel=\"noreferrer noopener\">S\u0142uchaj najlepszych utwor\u00f3w LUM!Xa<\/a><\/p>\n","protected":false},"excerpt":{"rendered":"<p>Na fali ogromnej euforii, ceniony na ca\u0142ym \u015bwiecie tw\u00f3rca hit\u00f3w\u00a0LUM!X\u00a0po\u0142\u0105czy\u0142 si\u0119 z niemieckim artyst\u0105\u00a0Tarikiem Asadim\u00a0oraz z songwriterem\u00a0Willem Matt\u0105. Efektem kooperacji jest porywaj\u0105cy hymn\u00a0&#8222;The Night Is Young&#8221;. Zobacz na YT Niesiony ciep\u0142ymi wokalami, imponuj\u0105cymi dropami i genialn\u0105 sekwencj\u0105 akord\u00f3w,&nbsp;&#8222;The Night Is Young&#8221;&nbsp;z pewno\u015bci\u0105 stanie si\u0119 festiwalowym bangerem. Piosenka stanowi kwintesencj\u0119 niepodrabialnego stylu&nbsp;LUM!Xa, kt\u00f3ry jest muzycznym synonimem [&hellip;]<\/p>\n","protected":false},"author":1,"featured_media":24810,"comment_status":"closed","ping_status":"open","sticky":false,"template":"","format":"standard","meta":{"jetpack_post_was_ever_published":false,"_jetpack_newsletter_access":"","_jetpack_dont_email_post_to_subs":false,"_jetpack_newsletter_tier_id":0,"_jetpack_memberships_contains_paywalled_content":false,"_jetpack_memberships_contains_paid_content":false,"footnotes":"","jetpack_publicize_message":"","jetpack_publicize_feature_enabled":true,"jetpack_social_post_already_shared":true,"jetpack_social_options":{"image_generator_settings":{"template":"highway","default_image_id":0,"enabled":false},"version":2}},"categories":[1],"tags":[],"class_list":["post-24809","post","type-post","status-publish","format-standard","has-post-thumbnail","hentry","category-uncategorized"],"jetpack_publicize_connections":[],"jetpack_featured_media_url":"http:\/\/muzykabeztajemnic.info.pl\/wp-content\/uploads\/2022\/11\/8e2c4e4d-65f2-442d-27de-2302bbbff271.jpg","jetpack_sharing_enabled":true,"jetpack_shortlink":"https:\/\/wp.me\/p67auQ-6s9","_links":{"self":[{"href":"http:\/\/muzykabeztajemnic.info.pl\/index.php?rest_route=\/wp\/v2\/posts\/24809","targetHints":{"allow":["GET"]}}],"collection":[{"href":"http:\/\/muzykabeztajemnic.info.pl\/index.php?rest_route=\/wp\/v2\/posts"}],"about":[{"href":"http:\/\/muzykabeztajemnic.info.pl\/index.php?rest_route=\/wp\/v2\/types\/post"}],"author":[{"embeddable":true,"href":"http:\/\/muzykabeztajemnic.info.pl\/index.php?rest_route=\/wp\/v2\/users\/1"}],"replies":[{"embeddable":true,"href":"http:\/\/muzykabeztajemnic.info.pl\/index.php?rest_route=%2Fwp%2Fv2%2Fcomments&post=24809"}],"version-history":[{"count":1,"href":"http:\/\/muzykabeztajemnic.info.pl\/index.php?rest_route=\/wp\/v2\/posts\/24809\/revisions"}],"predecessor-version":[{"id":24811,"href":"http:\/\/muzykabeztajemnic.info.pl\/index.php?rest_route=\/wp\/v2\/posts\/24809\/revisions\/24811"}],"wp:featuredmedia":[{"embeddable":true,"href":"http:\/\/muzykabeztajemnic.info.pl\/index.php?rest_route=\/wp\/v2\/media\/24810"}],"wp:attachment":[{"href":"http:\/\/muzykabeztajemnic.info.pl\/index.php?rest_route=%2Fwp%2Fv2%2Fmedia&parent=24809"}],"wp:term":[{"taxonomy":"category","embeddable":true,"href":"http:\/\/muzykabeztajemnic.info.pl\/index.php?rest_route=%2Fwp%2Fv2%2Fcategories&post=24809"},{"taxonomy":"post_tag","embeddable":true,"href":"http:\/\/muzykabeztajemnic.info.pl\/index.php?rest_route=%2Fwp%2Fv2%2Ftags&post=24809"}],"curies":[{"name":"wp","href":"https:\/\/api.w.org\/{rel}","templated":true}]}}