{"id":244,"date":"2015-04-29T13:38:08","date_gmt":"2015-04-29T13:38:08","guid":{"rendered":"http:\/\/muzykabeztajemnic.info.pl\/?p=244"},"modified":"2015-04-29T13:38:08","modified_gmt":"2015-04-29T13:38:08","slug":"legenda-sceny-klubowej-paul-van-dyk-przezentuje-3-czesc-kompilacji-the-politics-of-dancing-premiera-4-maja","status":"publish","type":"post","link":"http:\/\/muzykabeztajemnic.info.pl\/?p=244","title":{"rendered":"Legenda sceny klubowej \u2013 Paul Van Dyk przezentuje 3 cz\u0119\u015b\u0107 kompilacji \u201cThe Politics of Dancing\u201d (premiera 4 maja!)"},"content":{"rendered":"<p><a href=\"http:\/\/muzykabeztajemnic.info.pl\/wp-content\/uploads\/2015\/04\/Paul-Van-Dyk-Album-Artwork-220x220.jpeg\"><img loading=\"lazy\" decoding=\"async\" class=\"alignnone size-full wp-image-245\" src=\"http:\/\/muzykabeztajemnic.info.pl\/wp-content\/uploads\/2015\/04\/Paul-Van-Dyk-Album-Artwork-220x220.jpeg\" alt=\"Paul-Van-Dyk-Album-Artwork-220x220\" width=\"220\" height=\"220\" srcset=\"http:\/\/muzykabeztajemnic.info.pl\/wp-content\/uploads\/2015\/04\/Paul-Van-Dyk-Album-Artwork-220x220.jpeg 220w, http:\/\/muzykabeztajemnic.info.pl\/wp-content\/uploads\/2015\/04\/Paul-Van-Dyk-Album-Artwork-220x220-150x150.jpeg 150w\" sizes=\"auto, (max-width: 220px) 100vw, 220px\" \/><\/a><\/p>\n<p>Min\u0119\u0142o 15 lat od wydania jej pierwszej cz\u0119\u015b\u0107 i blisko dekada od ostatniej. Paul van Dyk powraca z legendarn\u0105 kompilacj\u0105 \u2013 \u201eThe Politics of Dancing\u201d. Jej trzecia cz\u0119\u015b\u0107, wydana przez Ultra Music, trafi do sprzeda\u017cy cyfrowej ju\u017c 4 maja 2015r, ale ju\u017c teraz mo\u017cna zam\u00f3wi\u0107 j\u0105 m.in.\u00a0<a href=\"https:\/\/itunes.apple.com\/pl\/album\/the-politics-of-dancing-3\/id976279387?l=pl\">TUTAJ<\/a>.<\/p>\n<p>&nbsp;<\/p>\n<p>Do pracy nad albumem zosta\u0142o zaproszonych 23 innych producent\u00f3w, tek\u015bciarzy i artyst\u00f3w. Wynikiem tej wsp\u00f3\u0142pracy jest album, kt\u00f3rych zachowuje muzyczne w\u0142a\u015bciwo\u015bci typowe dla pierwszej p\u0142yty \u201ePolitics\u201d, ale jest jednocze\u015bnie du\u017cym krokiem w now\u0105 dekad\u0119 muzyczn\u0105. Na \u201eThe Politics Of Dancing 3\u201d znajduj\u0105 si\u0119 utwory, kt\u00f3re podbija\u0142y list\u0119 Beatport \u2013 \u201e<a href=\"https:\/\/www.youtube.com\/watch?v=gsLfBsTQ2zI\">Come With Me<\/a>\u201d, \u201e<a href=\"https:\/\/www.youtube.com\/watch?v=D3uox7H1IRY\">Only In A Dream<\/a>\u201d, \u201eGuardian\u201d czy \u201e<a href=\"https:\/\/www.youtube.com\/watch?v=GXfO_VLYAO0\">Louder<\/a>\u201d. Opr\u00f3cz nich na kr\u0105\u017cku znajduje si\u0119 10 nowych produkcji.<\/p>\n<p>\u201eThe Politics of Dancing 3\u201d to pierwsza kompilacja, na kt\u00f3rej znajd\u0105 si\u0119 wy\u0142\u0105cznie utwory autorstwa Paula Van Dyk i zaproszonych go\u015bci, w\u015br\u00f3d kt\u00f3rych znale\u017ali si\u0119 m.in.: Ummet Ozcan, Aly &amp; Fila, Roger Shah i Giuseppe Ottaviani oraz tek\u015bciarze\/arty\u015bci jak: Sue McLaren, Betsie Larkin, Tricia McTeague i Fisher.<\/p>\n<p>&nbsp;<\/p>\n<p>Paul van Dyk o p\u0142ycie: \u201eO<em>d ostatniej kompilacji \u201ePolitics<\/em>\u201d\u00a0<em>w przemy\u015ble muzycznym<\/em>\u00a0<em>zasz\u0142o bardzo wiele zmian. Spos\u00f3b w jaki robimy i produkujemy muzyk\u0119, jak j\u0105 sprzedajemy oraz, oczywi\u015bcie, jak j\u0105 konsumujemy. To normalne. To ewolucja. Trzecia cz\u0119\u015b\u0107 \u201cPolitics Of Dancing\u201d potrzebuje innego podej\u015bcia ni\u017c poprzednie dwie. Tworzenie muzyki jest jedn\u0105 z najbardziej stymuluj\u0105cych, zabawnych i daj\u0105cych spe\u0142nienie rzeczy na \u015bwiecie. A robienie tego z przyjaci\u00f3\u0142mi i lud\u017ami, kt\u00f3rych si\u0119 podziwia, sprawia, \u017ce jest to jeszcze bardziej przyjemne<\/em>.\u201d<\/p>\n<p>&nbsp;<\/p>\n<p><strong>\u201cThe Politics of Dancing 3\u201d Tracklista:<\/strong><\/p>\n<ol>\n<li>Paul van Dyk and Mark Eteson feat Tricia McTeague \u2013 Heart Like An Ocean<\/li>\n<li>Paul van Dyk feat Sue McLaren \u2013 Lights<\/li>\n<li>Paul van Dyk, FKN and Mohamed Ragab feat. Jahala \u2013 My World<\/li>\n<li>Mino Safy Around The Garden \u2013 Paul van Dyk Remix<\/li>\n<li>Paul van Dyk and Michael Tsukerman feat Patrick Droney \u2013 What We\u2019re Livin For<\/li>\n<li>Paul van Dyk and Giuseppe Ottaviani feat Fisher \u2013 In Your Arms<\/li>\n<li>Paul van Dyk and Ummet Ozcan \u2013 Come With Me (We Are One) (Paul van Dyk Festival Mix)<\/li>\n<li>Paul van Dyk and Aly &amp; Fila feat Sue McLaren \u2013 Guardian<\/li>\n<li>Paul van Dyk and Las Salinas feat. Betsie Larkin \u2013 Love Is<\/li>\n<li>Paul van Dyk and Genix \u2013 For You<\/li>\n<li>Paul van Dyk and Stoneface &amp; Terminal \u2013 Follow Me<\/li>\n<li>Paul van Dyk and Jordan Suckley \u2013 City Of Sound<\/li>\n<li>Paul van Dyk, Jessus and Adham Ashraf feat Tricia McTeague \u2013 Only In A Dream (PvD Club Mix)<\/li>\n<li>Paul van Dyk and Roger Shah feat Daphne Khoo \u2013 Louder (PvD vs Ben Nicky Remix)<\/li>\n<\/ol>\n<p>&nbsp;<\/p>\n<p><a href=\"http:\/\/www.paulvandyk.com\/\">www.paulvandyk.com<\/a><\/p>\n<p><a href=\"http:\/\/www.soundcloud.com\/paulvandykofficial\">www.soundcloud.com\/paulvandykofficial<\/a><\/p>\n<p><a href=\"http:\/\/www.facebook.com\/paulvandyk\">www.facebook.com\/paulvandyk<\/a><\/p>\n<p><a href=\"http:\/\/www.twitter.com\/paulvandyk\">www.twitter.com\/paulvandyk<\/a><\/p>\n<p>&nbsp;<\/p>\n<p>\u0179r\u00f3d\u0142o: Sony Music<\/p>\n","protected":false},"excerpt":{"rendered":"<p>Min\u0119\u0142o 15 lat od wydania jej pierwszej cz\u0119\u015b\u0107 i blisko dekada od ostatniej. Paul van Dyk powraca z legendarn\u0105 kompilacj\u0105 \u2013 \u201eThe Politics of Dancing\u201d. Jej trzecia cz\u0119\u015b\u0107, wydana przez Ultra Music, trafi do sprzeda\u017cy cyfrowej ju\u017c 4 maja 2015r, ale ju\u017c teraz mo\u017cna zam\u00f3wi\u0107 j\u0105 m.in.\u00a0TUTAJ. &nbsp; Do pracy nad albumem zosta\u0142o zaproszonych 23 [&hellip;]<\/p>\n","protected":false},"author":1,"featured_media":245,"comment_status":"closed","ping_status":"open","sticky":false,"template":"","format":"standard","meta":{"jetpack_post_was_ever_published":false,"_jetpack_newsletter_access":"","_jetpack_dont_email_post_to_subs":false,"_jetpack_newsletter_tier_id":0,"_jetpack_memberships_contains_paywalled_content":false,"_jetpack_memberships_contains_paid_content":false,"footnotes":"","jetpack_publicize_message":"","jetpack_publicize_feature_enabled":true,"jetpack_social_post_already_shared":true,"jetpack_social_options":{"image_generator_settings":{"template":"highway","default_image_id":0,"enabled":false},"version":2}},"categories":[2],"tags":[],"class_list":["post-244","post","type-post","status-publish","format-standard","has-post-thumbnail","hentry","category-albumy"],"jetpack_publicize_connections":[],"jetpack_featured_media_url":"http:\/\/muzykabeztajemnic.info.pl\/wp-content\/uploads\/2015\/04\/Paul-Van-Dyk-Album-Artwork-220x220.jpeg","jetpack_sharing_enabled":true,"jetpack_shortlink":"https:\/\/wp.me\/p67auQ-3W","_links":{"self":[{"href":"http:\/\/muzykabeztajemnic.info.pl\/index.php?rest_route=\/wp\/v2\/posts\/244","targetHints":{"allow":["GET"]}}],"collection":[{"href":"http:\/\/muzykabeztajemnic.info.pl\/index.php?rest_route=\/wp\/v2\/posts"}],"about":[{"href":"http:\/\/muzykabeztajemnic.info.pl\/index.php?rest_route=\/wp\/v2\/types\/post"}],"author":[{"embeddable":true,"href":"http:\/\/muzykabeztajemnic.info.pl\/index.php?rest_route=\/wp\/v2\/users\/1"}],"replies":[{"embeddable":true,"href":"http:\/\/muzykabeztajemnic.info.pl\/index.php?rest_route=%2Fwp%2Fv2%2Fcomments&post=244"}],"version-history":[{"count":0,"href":"http:\/\/muzykabeztajemnic.info.pl\/index.php?rest_route=\/wp\/v2\/posts\/244\/revisions"}],"wp:featuredmedia":[{"embeddable":true,"href":"http:\/\/muzykabeztajemnic.info.pl\/index.php?rest_route=\/wp\/v2\/media\/245"}],"wp:attachment":[{"href":"http:\/\/muzykabeztajemnic.info.pl\/index.php?rest_route=%2Fwp%2Fv2%2Fmedia&parent=244"}],"wp:term":[{"taxonomy":"category","embeddable":true,"href":"http:\/\/muzykabeztajemnic.info.pl\/index.php?rest_route=%2Fwp%2Fv2%2Fcategories&post=244"},{"taxonomy":"post_tag","embeddable":true,"href":"http:\/\/muzykabeztajemnic.info.pl\/index.php?rest_route=%2Fwp%2Fv2%2Ftags&post=244"}],"curies":[{"name":"wp","href":"https:\/\/api.w.org\/{rel}","templated":true}]}}