{"id":21595,"date":"2021-02-28T13:55:40","date_gmt":"2021-02-28T13:55:40","guid":{"rendered":"http:\/\/muzykabeztajemnic.info.pl\/?p=21595"},"modified":"2021-02-28T13:55:42","modified_gmt":"2021-02-28T13:55:42","slug":"vnm-i-opal-na-nowej-plycie-vixena-artysta-zapowiada-2-odslone-muzycznego-serialu","status":"publish","type":"post","link":"http:\/\/muzykabeztajemnic.info.pl\/?p=21595","title":{"rendered":"VNM i Opa\u0142 na nowej p\u0142ycie Vixena! Artysta zapowiada 2. ods\u0142on\u0119 muzycznego serialu"},"content":{"rendered":"\n<p><strong>Po \u015bwietnie przyj\u0119tym \u201eKawa\u0142ku serca\u201d Vix.N wraca z kolejnym sezonem miniserialu.<\/strong><strong>&nbsp; Kontynuacja serii, w kt\u00f3rej po\u0142\u0105czone ze sob\u0105 fabularne teledyski tworz\u0105 sp\u00f3jn\u0105 histori\u0119 wystartuje ju\u017c 10 marca. W \u015brod\u0119 (24.02) na dw\u00f3ch kana\u0142ach \u2013 MaxFloRecTV oraz Vixenove \u2013 pojawi\u0142y si\u0119 wideo zwiastuny \u201eKawa\u0142ka novego serca\u201d<\/strong><\/p>\n\n\n\n<p>Pierwszy sezon miniserialu klipowego ukazywa\u0142 si\u0119 <strong>od lutego do sierpnia 2019 r<\/strong>. Poszczeg\u00f3lnymi odcinkami <strong>Vix.N<\/strong> zapowiada\u0142 jednocze\u015bnie album \u201e<strong>Serce<\/strong>\u201d. Nie inaczej b\u0119dzie przy okazji emisji 2. cz\u0119\u015bci serii. <strong>Premiera 1. epizodu<\/strong>, a zarazem singla zwiastuj\u0105cego nadchodz\u0105ce wydawnictwo artysty odb\u0119dzie si\u0119 <strong>10 marca<\/strong> na <strong>MaxFloRecTV<\/strong>. Kolejne odcinki ukazywa\u0107 si\u0119 b\u0119d\u0105 <strong>co dwa tygodnie<\/strong>. <strong>Re\u017cyserem<\/strong> serii wideoklip\u00f3w jest <strong>B\u0142a\u017cej Jankowiak<\/strong>, a ich ca\u0142o\u015bciow\u0105 realizacj\u0105 zaj\u0119\u0142a si\u0119 ekipa <strong>9Liter Filmy<\/strong>.&nbsp;<\/p>\n\n\n\n<p><strong>TRAILER NR 1<\/strong>: <strong>Vix.N<\/strong> <strong>\u2013<\/strong> \u201e<strong>Kawa\u0142ek nowego serca\u201d<\/strong>: <\/p>\n\n\n\n<figure class=\"wp-block-embed is-type-video is-provider-youtube wp-block-embed-youtube wp-embed-aspect-16-9 wp-has-aspect-ratio\"><div class=\"wp-block-embed__wrapper\">\n<iframe loading=\"lazy\" title=\"Vix.N - Kawa\u0142ek novego serca [trailer]\" width=\"800\" height=\"450\" src=\"https:\/\/www.youtube.com\/embed\/-YH05ny8WHU?feature=oembed\" frameborder=\"0\" allow=\"accelerometer; autoplay; clipboard-write; encrypted-media; gyroscope; picture-in-picture; web-share\" referrerpolicy=\"strict-origin-when-cross-origin\" allowfullscreen><\/iframe>\n<\/div><\/figure>\n\n\n\n<p>[<strong>TRAILER NR 2<\/strong>: <strong>Vix.N<\/strong> <strong>\u2013 \u201eKawa\u0142ek nowego serca\u201d<\/strong>: <\/p>\n\n\n\n<figure class=\"wp-block-embed is-type-video is-provider-youtube wp-block-embed-youtube wp-embed-aspect-16-9 wp-has-aspect-ratio\"><div class=\"wp-block-embed__wrapper\">\n<iframe loading=\"lazy\" title=\"Vix.N - Kawa\u0142ek novego serca [trailer]\" width=\"800\" height=\"450\" src=\"https:\/\/www.youtube.com\/embed\/q3z-Tl3xxX0?feature=oembed\" frameborder=\"0\" allow=\"accelerometer; autoplay; clipboard-write; encrypted-media; gyroscope; picture-in-picture; web-share\" referrerpolicy=\"strict-origin-when-cross-origin\" allowfullscreen><\/iframe>\n<\/div><\/figure>\n\n\n\n<p>Ci, kt\u00f3rzy uwa\u017cnie obejrzeli oba zwiastuny, wiedz\u0105 ju\u017c, jakich go\u015bci na pewno nie zabraknie w nowym projekcie. W obsadzie miniserialu znale\u017ali si\u0119 <strong>Opa\u0142<\/strong> i <strong>VNM<\/strong>. Nie s\u0105 to jedyni zawodnicy, kt\u00f3rych Vix.N zaprosi\u0142 na kr\u0105\u017cek. Stopniowo ujawnia\u0107 b\u0119dziemy kolejne niespodzianki zwi\u0105zane z nowym albumem artysty.<\/p>\n","protected":false},"excerpt":{"rendered":"<p>Po \u015bwietnie przyj\u0119tym \u201eKawa\u0142ku serca\u201d Vix.N wraca z kolejnym sezonem miniserialu.&nbsp; Kontynuacja serii, w kt\u00f3rej po\u0142\u0105czone ze sob\u0105 fabularne teledyski tworz\u0105 sp\u00f3jn\u0105 histori\u0119 wystartuje ju\u017c 10 marca. W \u015brod\u0119 (24.02) na dw\u00f3ch kana\u0142ach \u2013 MaxFloRecTV oraz Vixenove \u2013 pojawi\u0142y si\u0119 wideo zwiastuny \u201eKawa\u0142ka novego serca\u201d Pierwszy sezon miniserialu klipowego ukazywa\u0142 si\u0119 od lutego do sierpnia [&hellip;]<\/p>\n","protected":false},"author":1,"featured_media":0,"comment_status":"closed","ping_status":"open","sticky":false,"template":"","format":"standard","meta":{"jetpack_post_was_ever_published":false,"_jetpack_newsletter_access":"","_jetpack_dont_email_post_to_subs":false,"_jetpack_newsletter_tier_id":0,"_jetpack_memberships_contains_paywalled_content":false,"_jetpack_memberships_contains_paid_content":false,"footnotes":"","jetpack_publicize_message":"","jetpack_publicize_feature_enabled":true,"jetpack_social_post_already_shared":true,"jetpack_social_options":{"image_generator_settings":{"template":"highway","default_image_id":0,"enabled":false},"version":2}},"categories":[1],"tags":[],"class_list":["post-21595","post","type-post","status-publish","format-standard","hentry","category-uncategorized"],"jetpack_publicize_connections":[],"jetpack_featured_media_url":"","jetpack_sharing_enabled":true,"jetpack_shortlink":"https:\/\/wp.me\/p67auQ-5Cj","_links":{"self":[{"href":"http:\/\/muzykabeztajemnic.info.pl\/index.php?rest_route=\/wp\/v2\/posts\/21595","targetHints":{"allow":["GET"]}}],"collection":[{"href":"http:\/\/muzykabeztajemnic.info.pl\/index.php?rest_route=\/wp\/v2\/posts"}],"about":[{"href":"http:\/\/muzykabeztajemnic.info.pl\/index.php?rest_route=\/wp\/v2\/types\/post"}],"author":[{"embeddable":true,"href":"http:\/\/muzykabeztajemnic.info.pl\/index.php?rest_route=\/wp\/v2\/users\/1"}],"replies":[{"embeddable":true,"href":"http:\/\/muzykabeztajemnic.info.pl\/index.php?rest_route=%2Fwp%2Fv2%2Fcomments&post=21595"}],"version-history":[{"count":1,"href":"http:\/\/muzykabeztajemnic.info.pl\/index.php?rest_route=\/wp\/v2\/posts\/21595\/revisions"}],"predecessor-version":[{"id":21596,"href":"http:\/\/muzykabeztajemnic.info.pl\/index.php?rest_route=\/wp\/v2\/posts\/21595\/revisions\/21596"}],"wp:attachment":[{"href":"http:\/\/muzykabeztajemnic.info.pl\/index.php?rest_route=%2Fwp%2Fv2%2Fmedia&parent=21595"}],"wp:term":[{"taxonomy":"category","embeddable":true,"href":"http:\/\/muzykabeztajemnic.info.pl\/index.php?rest_route=%2Fwp%2Fv2%2Fcategories&post=21595"},{"taxonomy":"post_tag","embeddable":true,"href":"http:\/\/muzykabeztajemnic.info.pl\/index.php?rest_route=%2Fwp%2Fv2%2Ftags&post=21595"}],"curies":[{"name":"wp","href":"https:\/\/api.w.org\/{rel}","templated":true}]}}