{"id":21523,"date":"2021-02-07T13:42:20","date_gmt":"2021-02-07T13:42:20","guid":{"rendered":"http:\/\/muzykabeztajemnic.info.pl\/?p=21523"},"modified":"2021-02-07T13:42:22","modified_gmt":"2021-02-07T13:42:22","slug":"kwiat-jabloni-wraca-z-nowym-albumem","status":"publish","type":"post","link":"http:\/\/muzykabeztajemnic.info.pl\/?p=21523","title":{"rendered":"Kwiat Jab\u0142oni wraca z nowym albumem"},"content":{"rendered":"\n<figure class=\"wp-block-image size-large\"><img loading=\"lazy\" decoding=\"async\" width=\"600\" height=\"600\" src=\"https:\/\/muzykabeztajemnic.info.pl\/wp-content\/uploads\/2021\/02\/kwiatjabloninowyalbum.jpg\" alt=\"\" class=\"wp-image-21525\" srcset=\"http:\/\/muzykabeztajemnic.info.pl\/wp-content\/uploads\/2021\/02\/kwiatjabloninowyalbum.jpg 600w, http:\/\/muzykabeztajemnic.info.pl\/wp-content\/uploads\/2021\/02\/kwiatjabloninowyalbum-500x500.jpg 500w, http:\/\/muzykabeztajemnic.info.pl\/wp-content\/uploads\/2021\/02\/kwiatjabloninowyalbum-150x150.jpg 150w\" sizes=\"auto, (max-width: 600px) 100vw, 600px\" \/><\/figure>\n\n\n\n<p>Kwiat Jab\u0142oni prezentuje drugi, d\u0142ugo wyczekiwany album \u201cMog\u0142o by\u0107 nic\u201d. Dwa lata po debiucie, Kasia i Jacek Sienkiewiczowie, powracaj\u0105 z kr\u0105\u017ckiem pe\u0142nym koj\u0105cych melodii i tekst\u00f3w chwytaj\u0105cych za serce. To jeden z najwa\u017cniejszych polskich zespo\u0142\u00f3w ostatnich lat, kt\u00f3rego znakiem rozpoznawczym sta\u0142y si\u0119 milionowe wy\u015bwietlenia teledysk\u00f3w, wyprzedane trasy koncertowe i oryginalne brzmienia.&nbsp;<\/p>\n\n\n\n<p>Na p\u0142ycie znalaz\u0142o si\u0119 11 premierowych kompozycji, w tym dwie dobrze ju\u017c znane: tytu\u0142owe \u201cMog\u0142o by\u0107 nic\u201d oraz refleksyjna \u201cBuka\u201d. To bardzo r\u00f3\u017cnorodny album wype\u0142niony osobistymi tekstami, komentuj\u0105cymi otaczaj\u0105c\u0105 rzeczywisto\u015b\u0107. Kasia i Jacek Sienkiewiczowie zaskakuj\u0105 rozbudowanymi i nieoczywistymi aran\u017cacjami. Za produkcj\u0119 ca\u0142ego materia\u0142u odpowiedzialny jest Wojtek Urba\u0144ski.<\/p>\n\n\n\n<p>Aby wyrazi\u0107 trosk\u0119 o planet\u0119 do produkcji drugiego albumu zesp\u00f3\u0142 wybra\u0142 ekologiczny papier z recyklingu. Nie zosta\u0142 on pokryty, w przeciwie\u0144stwie do powszechnej praktyki, foli\u0105 nab\u0142yszczaj\u0105c\u0105, ani matuj\u0105c\u0105. Kasia i Jacek zrezygnowali r\u00f3wnie\u017c z folii ochronnej &#8211; opakowania, kt\u00f3re zabezpiecza p\u0142yt\u0119 na sklepowej p\u00f3\u0142ce. W zamian za to zastosowana zosta\u0142a papierowa obwoluta oraz eko naklejki.&nbsp;<\/p>\n\n\n\n<p>Partnerem wydawnictwa jest Greenpeace, a 1% dochodu ze sprzeda\u017cy zostanie przekazany na dzia\u0142alno\u015b\u0107 Stowarzyszenia Otwarte Klatki.<\/p>\n\n\n\n<p><strong>Album w serwisach stramingowych:<\/strong>\u00a0<a href=\"https:\/\/agoramuzyka.ffm.to\/MogloBycNic\">https:\/\/agoramuzyka.ffm.to\/MogloBycNic<\/a><\/p>\n\n\n\n<p>&#8212;&#8211;<\/p>\n\n\n\n<p>Kwiat Jab\u0142oni, czyli Kasia i Jacek Sienkiewiczowie, dali si\u0119 pozna\u0107 szerszej publiczno\u015bci za spraw\u0105 singla \u201eDzi\u015b p\u00f3\u017ano p\u00f3jd\u0119 spa\u0107\u201d, kt\u00f3ry do tej pory w serwisie YouTube zosta\u0142 wy\u015bwietlony ponad 25 milion\u00f3w razy. Szybko okaza\u0142o si\u0119, \u017ce muzyk\u00f3w nie tak \u0142atwo b\u0119dzie zaszufladkowa\u0107 pod kategori\u0119 zespo\u0142u \u201cjednego przeboju\u201d \u2013 wszystkie nast\u0119pne produkcje zdoby\u0142y uznanie i wielk\u0105 popularno\u015b\u0107.<\/p>\n\n\n\n<p>\u015awietnie przyj\u0119te kompozycje znalaz\u0142y si\u0119 na debiutanckim albumie \u201eNiemo\u017cliwe\u201d, wydanym w lutym 2019 r. Kr\u0105\u017cek uzyska\u0142 status platynowej p\u0142yty. Wr\u0119czenie tego wyr\u00f3\u017cnienia odby\u0142o si\u0119 podczas ca\u0142kowicie wyprzedanego koncertu w legendarnej Operze Le\u015bnej w Sopocie. Wydawnictwo do dzi\u015b znajduje si\u0119 w zestawieniach najlepiej sprzedaj\u0105cych si\u0119 p\u0142yt w Polsce.&nbsp;<\/p>\n\n\n\n<p>Kasia i Jacek, do tej pory, zagrali blisko 150 koncert\u00f3w. Wyprzedali najwi\u0119ksze i najbardziej presti\u017cowe polskie sceny. Kwiat Jab\u0142oni wyst\u0105pi\u0142 mi\u0119dzy innymi na Open\u2019er Festival, Spring Break Festival czy Pol\u2019and\u2019rock Festival, kt\u00f3ry spotka\u0142 si\u0119 z ogromnym zainteresowaniem. Debiutuj\u0105cy zesp\u00f3\u0142 pod Ma\u0142\u0105 Scen\u0105 zgromadzi\u0142 kilkadziesi\u0105t tysi\u0119cy uczestnik\u00f3w. Kwiat Jab\u0142oni otrzyma\u0142 Z\u0142otego B\u0105czka \u2013 nagrod\u0119 publiczno\u015bci dla najlepszego zespo\u0142u 25. edycji Pol\u2019and\u2019Rock Festival.<\/p>\n\n\n\n<p><strong>Teledyski:&nbsp;<\/strong><\/p>\n\n\n\n<p>Buka:<a href=\"https:\/\/youtu.be\/yLcXLgKq37A\">\u00a0<\/a><\/p>\n\n\n\n<p><a href=\"https:\/\/youtu.be\/yLcXLgKq37A\">https:\/\/youtu.be\/yLcXLgKq37A<\/a><\/p>\n\n\n\n<p>Mog\u0142o by\u0107 nic:<\/p>\n\n\n\n<p><a href=\"https:\/\/youtu.be\/MlInnWzYiZo\">\u00a0https:\/\/youtu.be\/MlInnWzYiZo<\/a><\/p>\n\n\n\n<p>Dzi\u015b p\u00f3\u017ano p\u00f3jd\u0119 spa\u0107:<\/p>\n\n\n\n<p><a href=\"https:\/\/youtu.be\/FWDXwrgdm9w\">https:\/\/youtu.be\/FWDXwrgdm9w<\/a><\/p>\n\n\n\n<p>Niemo\u017cliwe:<\/p>\n\n\n\n<p><a href=\"https:\/\/youtu.be\/wj5e-ur03f4\">\u00a0https:\/\/youtu.be\/wj5e-ur03f4<\/a><\/p>\n\n\n\n<p>Wodymidaj ft. Ralph Kaminski:<\/p>\n\n\n\n<p><a href=\"https:\/\/youtu.be\/InME0wn4Fnw\">\u00a0https:\/\/youtu.be\/InME0wn4Fnw<\/a><\/p>\n\n\n\n<p>Nic wi\u0119cej:<\/p>\n\n\n\n<p><a href=\"https:\/\/youtu.be\/wBkL-eg2Dj8\">\u00a0https:\/\/youtu.be\/wBkL-eg2Dj8<\/a><\/p>\n\n\n\n<p>Dzie\u0144 dobry:<a href=\"https:\/\/youtu.be\/tu6vPd--Wdk\">\u00a0<\/a><\/p>\n\n\n\n<p><a href=\"https:\/\/youtu.be\/tu6vPd--Wdk\">https:\/\/youtu.be\/tu6vPd&#8211;Wdk<\/a><\/p>\n\n\n\n<p>Wzi\u0119li zamkn\u0119li mi klub:<\/p>\n\n\n\n<p><a href=\"https:\/\/youtu.be\/j2xw3Va8JHA\">\u00a0https:\/\/youtu.be\/j2xw3Va8JHA<\/a><\/p>\n\n\n\n<p>Facebook:<\/p>\n\n\n\n<p><a href=\"https:\/\/www.facebook.com\/kwiatjabloni\">www.facebook.com\/kwiatjabloni<\/a><\/p>\n\n\n\n<p>YouTube:<\/p>\n\n\n\n<p><a href=\"http:\/\/www.youtube.com\/c\/KwiatJabloni\">www.youtube.com\/c\/KwiatJabloni<\/a><\/p>\n\n\n\n<p>Instagram:<\/p>\n\n\n\n<p><a href=\"https:\/\/www.instagram.com\/kwiatjabloni\/\">https:\/\/www.instagram.com\/kwiatjabloni\/<\/a><\/p>\n","protected":false},"excerpt":{"rendered":"<p>Kwiat Jab\u0142oni prezentuje drugi, d\u0142ugo wyczekiwany album \u201cMog\u0142o by\u0107 nic\u201d. Dwa lata po debiucie, Kasia i Jacek Sienkiewiczowie, powracaj\u0105 z kr\u0105\u017ckiem pe\u0142nym koj\u0105cych melodii i tekst\u00f3w chwytaj\u0105cych za serce. To jeden z najwa\u017cniejszych polskich zespo\u0142\u00f3w ostatnich lat, kt\u00f3rego znakiem rozpoznawczym sta\u0142y si\u0119 milionowe wy\u015bwietlenia teledysk\u00f3w, wyprzedane trasy koncertowe i oryginalne brzmienia.&nbsp; Na p\u0142ycie znalaz\u0142o si\u0119 [&hellip;]<\/p>\n","protected":false},"author":1,"featured_media":21525,"comment_status":"closed","ping_status":"open","sticky":false,"template":"","format":"standard","meta":{"jetpack_post_was_ever_published":false,"_jetpack_newsletter_access":"","_jetpack_dont_email_post_to_subs":false,"_jetpack_newsletter_tier_id":0,"_jetpack_memberships_contains_paywalled_content":false,"_jetpack_memberships_contains_paid_content":false,"footnotes":"","jetpack_publicize_message":"","jetpack_publicize_feature_enabled":true,"jetpack_social_post_already_shared":true,"jetpack_social_options":{"image_generator_settings":{"template":"highway","default_image_id":0,"enabled":false},"version":2}},"categories":[2],"tags":[],"class_list":["post-21523","post","type-post","status-publish","format-standard","has-post-thumbnail","hentry","category-albumy"],"jetpack_publicize_connections":[],"jetpack_featured_media_url":"http:\/\/muzykabeztajemnic.info.pl\/wp-content\/uploads\/2021\/02\/kwiatjabloninowyalbum.jpg","jetpack_sharing_enabled":true,"jetpack_shortlink":"https:\/\/wp.me\/p67auQ-5B9","_links":{"self":[{"href":"http:\/\/muzykabeztajemnic.info.pl\/index.php?rest_route=\/wp\/v2\/posts\/21523","targetHints":{"allow":["GET"]}}],"collection":[{"href":"http:\/\/muzykabeztajemnic.info.pl\/index.php?rest_route=\/wp\/v2\/posts"}],"about":[{"href":"http:\/\/muzykabeztajemnic.info.pl\/index.php?rest_route=\/wp\/v2\/types\/post"}],"author":[{"embeddable":true,"href":"http:\/\/muzykabeztajemnic.info.pl\/index.php?rest_route=\/wp\/v2\/users\/1"}],"replies":[{"embeddable":true,"href":"http:\/\/muzykabeztajemnic.info.pl\/index.php?rest_route=%2Fwp%2Fv2%2Fcomments&post=21523"}],"version-history":[{"count":1,"href":"http:\/\/muzykabeztajemnic.info.pl\/index.php?rest_route=\/wp\/v2\/posts\/21523\/revisions"}],"predecessor-version":[{"id":21526,"href":"http:\/\/muzykabeztajemnic.info.pl\/index.php?rest_route=\/wp\/v2\/posts\/21523\/revisions\/21526"}],"wp:featuredmedia":[{"embeddable":true,"href":"http:\/\/muzykabeztajemnic.info.pl\/index.php?rest_route=\/wp\/v2\/media\/21525"}],"wp:attachment":[{"href":"http:\/\/muzykabeztajemnic.info.pl\/index.php?rest_route=%2Fwp%2Fv2%2Fmedia&parent=21523"}],"wp:term":[{"taxonomy":"category","embeddable":true,"href":"http:\/\/muzykabeztajemnic.info.pl\/index.php?rest_route=%2Fwp%2Fv2%2Fcategories&post=21523"},{"taxonomy":"post_tag","embeddable":true,"href":"http:\/\/muzykabeztajemnic.info.pl\/index.php?rest_route=%2Fwp%2Fv2%2Ftags&post=21523"}],"curies":[{"name":"wp","href":"https:\/\/api.w.org\/{rel}","templated":true}]}}