{"id":21515,"date":"2021-02-07T13:38:54","date_gmt":"2021-02-07T13:38:54","guid":{"rendered":"http:\/\/muzykabeztajemnic.info.pl\/?p=21515"},"modified":"2021-02-07T13:38:56","modified_gmt":"2021-02-07T13:38:56","slug":"min-t-wspiera-strajk-kobiet-spiewa-o-depresji-w-nowym-teledysku-i-rusza-z-akcja-wydawnicza-drugiego-albumu-na-kickstarter","status":"publish","type":"post","link":"http:\/\/muzykabeztajemnic.info.pl\/?p=21515","title":{"rendered":"MIN t wspiera Strajk Kobiet, \u015bpiewa o depresji w nowym teledysku i rusza z akcj\u0105 wydawnicz\u0105 drugiego albumu na Kickstarter"},"content":{"rendered":"\n<figure class=\"wp-block-image size-large\"><img loading=\"lazy\" decoding=\"async\" width=\"600\" height=\"600\" src=\"https:\/\/muzykabeztajemnic.info.pl\/wp-content\/uploads\/2021\/02\/MIN-t_GLOS_3000x3000-1.jpg\" alt=\"\" class=\"wp-image-21516\" srcset=\"http:\/\/muzykabeztajemnic.info.pl\/wp-content\/uploads\/2021\/02\/MIN-t_GLOS_3000x3000-1.jpg 600w, http:\/\/muzykabeztajemnic.info.pl\/wp-content\/uploads\/2021\/02\/MIN-t_GLOS_3000x3000-1-500x500.jpg 500w, http:\/\/muzykabeztajemnic.info.pl\/wp-content\/uploads\/2021\/02\/MIN-t_GLOS_3000x3000-1-150x150.jpg 150w\" sizes=\"auto, (max-width: 600px) 100vw, 600px\" \/><\/figure>\n\n\n\n<p><strong>Wroc\u0142awska kompozytorka i wokalistka na co dzie\u0144 mieszkaj\u0105ca w Berlinie \u2013 Martyna Kubicz znana jako MIN t \u2013&nbsp; wraca z now\u0105 muzyk\u0105 i planami na 2021 rok. Opr\u00f3cz pracy nad drugim solowym albumem, anga\u017cuje si\u0119 spo\u0142ecznie, tworz\u0105c protest song i wyst\u0119puj\u0105c na strajkach w odpowiedzi na wyrok Trybuna\u0142u Konstytucyjnego w sprawie aborcji w Polsce. W sieci ukaza\u0142 si\u0119 tak\u017ce teledysk poruszaj\u0105cy temat wszechobecnej depresji.&nbsp;&nbsp;&nbsp;&nbsp;&nbsp;<\/strong><\/p>\n\n\n\n<p>Min\u0119\u0142y 3 lata od debiutanckiego \u201eAssembalge\u201d<em>, <\/em>czyli materia\u0142u, dzi\u0119ki kt\u00f3remu poznali\u015bmy autorski neo-soul <strong>MIN t<\/strong> z bliska. To w\u0142a\u015bnie po tym albumie wydanym przez niezale\u017cn\u0105, wroc\u0142awsk\u0105 wytw\u00f3rni\u0119 <strong>regime brigade<\/strong> \u2013 Martyna Kubicz pojawi\u0142a si\u0119 w wielu podsumowaniach roku m.in. <strong>Onet Muzyka, Soundrive <\/strong>czy <strong>Gazety Magnetofonowej<\/strong>, a <strong>Gazeta Wyborcza<\/strong> wyr\u00f3\u017cni\u0142a j\u0105 w roli nowej nadziei polskiej muzyki obok <strong>Rosalie.<\/strong> i <strong>Poli Rise<\/strong> w plebiscycie<em> Sanki<\/em>, odpowiedniku brytyjskiego<em> <\/em>\u201eBBC Sound Of\u2026\u201d.&nbsp;<\/p>\n\n\n\n<p>Po wielu koncertach na festiwalach w Polsce i zagranic\u0105, MIN t wraca do studia by stworzy\u0107 p\u0142yt\u0119 pt. \u201eShot to Pieces\u201d we wsp\u00f3\u0142pracy z<strong> Leo Abrahamsem<\/strong>,&nbsp; \u015bwiatowej klasy muzykiem i producentem, nagrywaj\u0105cym mi\u0119dzy innymi z<strong> Jonem Hopkinsem, Wild Beasts, Goldfrapp <\/strong>czy<strong> Brianem Eno<\/strong>. To za\u0142o\u017cenie ambitne, ale i kosztowne: wesprze\u0107 finansowo w drodze do spe\u0142nienia kolejnych marze\u0144 artystki mo\u017cemy <a href=\"https:\/\/www.kickstarter.com\/projects\/mintmk\/the-new-album-by-min-t-shot-to-pieces\">za po\u015brednictwem portalu <strong>Kickstarter<\/strong><\/a>, najpopularniejszej witrynie crowdfundingowej, na kt\u00f3rej przeprowadzane s\u0105 zbi\u00f3rki pieni\u0119dzy w celu sfinansowania r\u00f3\u017cnorodnych projekt\u00f3w.<strong> Zale\u017cnie od wysoko\u015bci naszej wp\u0142aty, je\u015bli uda si\u0119 zrealizowa\u0107 zadanie \u2013 otrzymamy warto\u015bciowe, limitowane prezenty:<\/strong> m.in. winylowy album, zestaw gad\u017cet\u00f3w, bilet na wszystkie koncerty Martyny czy spotkanie podczas wsp\u00f3lnego gotowania pierog\u00f3w \u2013 ulubionej potrawy MIN t.<\/p>\n\n\n\n<p>Efekt wsp\u00f3lnych sesji nagraniowych z Leo Abrahmsem mo\u017cemy us\u0142ysze\u0107 w znakomitych, wielowymiarowych brzmieniowo singlach pt. <a href=\"https:\/\/youtu.be\/uHo2ZMSU9S0\">\u201eStart Dancing\u201d<\/a> i \u201eRhythm Of Your Blues\u201d <strong>utrzymanych w electro-popowej stylistyce i nawi\u0105zuj\u0105cych do wsp\u00f3\u0142czesnego brzmienia R&amp;B<\/strong>. Ka\u017cdy z nich zosta\u0142 te\u017c wzbogacony o<a href=\"https:\/\/youtu.be\/yGzdfonz_iM\"> teledysk, a najnowszy \u201eRhythm Of Your Blues\u201d<\/a> to <strong>hipnotyczna kompozycja, kt\u00f3r\u0105 przeszywa syntezatorowy bas <\/strong>i, jak zawsze \u2013 pot\u0119\u017cny g\u0142os artystki. W piosence odnajdziemy opowie\u015b\u0107 <strong>o depresji \u2013 chorobie \u2013 na kt\u00f3r\u0105 cierpi ponad 350 milion\u00f3w os\u00f3b na \u015bwiecie<\/strong>. MIN t \u015bpiewa o wi\u0119zi mi\u0119dzyludzkiej, w kt\u00f3rej obie strony do\u015bwiadczaj\u0105 z\u0142udnie \u201eniewidocznych\u201d k\u0142opot\u00f3w. To historia o bezsilno\u015bci, ale i namys\u0142 nad emocjami i uczuciowo\u015bci\u0105 w relacjach. 23 lutego corocznie obchodzimy <strong>&nbsp;\u201eOg\u00f3lnopolski Dzie\u0144 Walki z Depresj\u0105\u201d<\/strong>, a klip autorstwa <strong>Larsa Lenskiego i Doroty Kwiatkowskiej<\/strong>, kt\u00f3rego celem jest poszerzanie \u015bwiadomo\u015bci na temat choroby <strong>\u2013<\/strong> staje si\u0119 obrazowym t\u0142em do refleksji nad globalnym problemem. Za warstw\u0119 liryczn\u0105 odpowiada <strong>Patrycja Kubicz<\/strong>, po\u0142\u0105czona siostrzan\u0105 wi\u0119zi\u0105 z wokalistk\u0105.&nbsp;<\/p>\n\n\n\n<p>MIN t nie jest oboj\u0119tna na sytuacj\u0119, w jakiej znalaz\u0142y si\u0119 kobiety mieszkaj\u0105ce w Polsce, <strong>w zwi\u0105zku z decyzj\u0105 Trybuna\u0142u Konstytucyjnego o zaostrzeniu prawa aborcyjnego,<\/strong> w przypadku du\u017cego prawdopodobie\u0144stwa ci\u0119\u017ckiego i nieodwracalnego upo\u015bledzenia p\u0142odu albo nieuleczalnej choroby zagra\u017caj\u0105cej jego \u017cyciu. W Berlinie, gdzie MIN t mieszka od lat, tak\u017ce organizowane s\u0105 uliczne protesty i happeningi artystyczne zwi\u0105zane ze<strong> Strajkiem Kobiet<\/strong>, w kt\u00f3rych aktywnie bierze udzia\u0142. Postanowi\u0142a<strong> stworzy\u0107 piosenk\u0119 specjalnie na t\u0119 okazj\u0119<\/strong>. W pozornie stonowanej, soulowej balladzie \u2013 rapuje i \u015bpiewa o uczuciach i emocjach zwi\u0105zanych z pr\u00f3b\u0105 ograniczania wolno\u015bci obywatelskiej przez polski rz\u0105d. \u201eChc\u0119 doda\u0107 otuchy i si\u0142y wszystkim kobietom walcz\u0105cym o swoje prawa. Mam nadziej\u0119, \u017ce ta piosenka dotrze prosto do serc i pozwoli znale\u017a\u0107 nadziej\u0119 w tych niepewnych czasach\u201d \u2013 dodaje artystka. Do utworu pt. <a href=\"https:\/\/orcd.co\/glos-single\">\u201eG\u0142os\u201d<\/a> tak\u017ce powstaje oddolny teledysk <strong>\u2013 na adres <\/strong><a><strong>martynakubicz@yahoo.com<\/strong><\/a><strong> mo\u017cna wysy\u0142a\u0107 swoje zdj\u0119cia i filmy<\/strong>, na kt\u00f3rych \u015bpiewamy jednym g\u0142osem z MIN t lub walczymy o swoje uczestnicz\u0105c w protestach, w czerwonych barwach&nbsp; b\u0142yskawic.&nbsp;<\/p>\n","protected":false},"excerpt":{"rendered":"<p>Wroc\u0142awska kompozytorka i wokalistka na co dzie\u0144 mieszkaj\u0105ca w Berlinie \u2013 Martyna Kubicz znana jako MIN t \u2013&nbsp; wraca z now\u0105 muzyk\u0105 i planami na 2021 rok. Opr\u00f3cz pracy nad drugim solowym albumem, anga\u017cuje si\u0119 spo\u0142ecznie, tworz\u0105c protest song i wyst\u0119puj\u0105c na strajkach w odpowiedzi na wyrok Trybuna\u0142u Konstytucyjnego w sprawie aborcji w Polsce. W [&hellip;]<\/p>\n","protected":false},"author":1,"featured_media":21516,"comment_status":"closed","ping_status":"open","sticky":false,"template":"","format":"standard","meta":{"jetpack_post_was_ever_published":false,"_jetpack_newsletter_access":"","_jetpack_dont_email_post_to_subs":false,"_jetpack_newsletter_tier_id":0,"_jetpack_memberships_contains_paywalled_content":false,"_jetpack_memberships_contains_paid_content":false,"footnotes":"","jetpack_publicize_message":"","jetpack_publicize_feature_enabled":true,"jetpack_social_post_already_shared":true,"jetpack_social_options":{"image_generator_settings":{"template":"highway","default_image_id":0,"enabled":false},"version":2}},"categories":[1],"tags":[],"class_list":["post-21515","post","type-post","status-publish","format-standard","has-post-thumbnail","hentry","category-uncategorized"],"jetpack_publicize_connections":[],"jetpack_featured_media_url":"http:\/\/muzykabeztajemnic.info.pl\/wp-content\/uploads\/2021\/02\/MIN-t_GLOS_3000x3000-1.jpg","jetpack_sharing_enabled":true,"jetpack_shortlink":"https:\/\/wp.me\/p67auQ-5B1","_links":{"self":[{"href":"http:\/\/muzykabeztajemnic.info.pl\/index.php?rest_route=\/wp\/v2\/posts\/21515","targetHints":{"allow":["GET"]}}],"collection":[{"href":"http:\/\/muzykabeztajemnic.info.pl\/index.php?rest_route=\/wp\/v2\/posts"}],"about":[{"href":"http:\/\/muzykabeztajemnic.info.pl\/index.php?rest_route=\/wp\/v2\/types\/post"}],"author":[{"embeddable":true,"href":"http:\/\/muzykabeztajemnic.info.pl\/index.php?rest_route=\/wp\/v2\/users\/1"}],"replies":[{"embeddable":true,"href":"http:\/\/muzykabeztajemnic.info.pl\/index.php?rest_route=%2Fwp%2Fv2%2Fcomments&post=21515"}],"version-history":[{"count":1,"href":"http:\/\/muzykabeztajemnic.info.pl\/index.php?rest_route=\/wp\/v2\/posts\/21515\/revisions"}],"predecessor-version":[{"id":21517,"href":"http:\/\/muzykabeztajemnic.info.pl\/index.php?rest_route=\/wp\/v2\/posts\/21515\/revisions\/21517"}],"wp:featuredmedia":[{"embeddable":true,"href":"http:\/\/muzykabeztajemnic.info.pl\/index.php?rest_route=\/wp\/v2\/media\/21516"}],"wp:attachment":[{"href":"http:\/\/muzykabeztajemnic.info.pl\/index.php?rest_route=%2Fwp%2Fv2%2Fmedia&parent=21515"}],"wp:term":[{"taxonomy":"category","embeddable":true,"href":"http:\/\/muzykabeztajemnic.info.pl\/index.php?rest_route=%2Fwp%2Fv2%2Fcategories&post=21515"},{"taxonomy":"post_tag","embeddable":true,"href":"http:\/\/muzykabeztajemnic.info.pl\/index.php?rest_route=%2Fwp%2Fv2%2Ftags&post=21515"}],"curies":[{"name":"wp","href":"https:\/\/api.w.org\/{rel}","templated":true}]}}