{"id":21502,"date":"2021-01-31T14:51:30","date_gmt":"2021-01-31T14:51:30","guid":{"rendered":"http:\/\/muzykabeztajemnic.info.pl\/?p=21502"},"modified":"2021-01-31T14:51:50","modified_gmt":"2021-01-31T14:51:50","slug":"polski-tworca-nominowany-do-nagrody-europejski-niezalezny-album-roku","status":"publish","type":"post","link":"http:\/\/muzykabeztajemnic.info.pl\/?p=21502","title":{"rendered":"Polski tw\u00f3rca nominowany do nagrody \u201eEuropejski Niezale\u017cny Album Roku\u201d"},"content":{"rendered":"\n<p><strong>IMPALA, najwi\u0119ksza organizacja niezale\u017cnych tw\u00f3rc\u00f3w og\u0142osi\u0142a list\u0119 25 album\u00f3w nominowanych do nagrody &#8222;Europejski Niezale\u017cny Album Roku&#8221;. W\u015br\u00f3d nominowanych jest MaJLo. Polski artysta zosta\u0142 doceniony za najnowszy album \u201cVestiges: The Scenes\u201d.<\/strong><\/p>\n\n\n\n<p><br>MAJLo to producent, kompozytor, multiinstrumentalista i wokalista. W 2015 roku odby\u0142a si\u0119 premiera jego debiutanckiego albumu EP &#8211; &#8222;Revers&#8221;. W 2017 roku zosta\u0142a wydana jego druga p\u0142yta &#8222;Over The Woods\u201d, kt\u00f3ra wype\u0142ni\u0142a muzyczn\u0105 przestrze\u0144 takich festiwali jak Open\u2019er czy Spring Break. W pa\u017adzierniku 2018 roku na rynek muzyczny trafi\u0142 kolejny album MaJLo &#8211; ,,re_covery\u201d, b\u0119d\u0105cy zwrotem w kierunku klasyki songwritingu. MaJLo na swoich albumach pe\u0142ni rol\u0119 zar\u00f3wno producenta, kompozytora, realizatora, ale tak\u017ce jest wykonawc\u0105 wi\u0119kszo\u015bci partii instrumentalnych.<\/p>\n\n\n\n<p><strong>Niezale\u017cny Album Roku<\/strong><\/p>\n\n\n\n<p><em>2020 by\u0142 rokiem wyj\u0105tkowym, naznaczonym pandemi\u0105 koronawirusa. Mimo tego, niezale\u017cne europejskie wytw\u00f3rnie wyr\u00f3\u017cnia\u0142y si\u0119 kreatywno\u015bci\u0105. Mamy przyjemno\u015b\u0107 przedstawi\u0107 list\u0119 nominowanych do nagrody Album Roku. To tw\u00f3rcy z r\u00f3\u017cnych zak\u0105tk\u00f3w Europy \u2013 zestawienie, kt\u00f3re pokazuje, jak r\u00f3\u017cnorodny jest sektor niezale\u017cnych tw\u00f3rc\u00f3w i wytw\u00f3rni \u2013&nbsp;<\/em>pisze <em>IMPALA MUSIC.<\/em><\/p>\n\n\n\n<p>W\u015br\u00f3d nominowanych s\u0105 przedstawiciele r\u00f3\u017cnych styl\u00f3w i gatunk\u00f3w muzycznych. Od fi\u0144skiego popu, przez francusk\u0105 muzyk\u0119 elektroniczn\u0105, ba\u0142ka\u0144skie ska, do du\u0144skiego bluesa i eklektyzmu z Wysp Brytyjskich. Zwyci\u0119zc\u0119 poznamy w przysz\u0142ym miesi\u0105cu.<\/p>\n\n\n\n<p><em>Tegoroczna lista zawiera 25 niesamowitych album\u00f3w! Rok 2020 by\u0142 niezwykle trudny, ale ta kr\u00f3tka lista daje du\u017co energii na pocz\u0105tku 2021 roku<\/em>&nbsp;\u2013 powiedzia\u0142a Helen Smith, przewodnicz\u0105ca IMPALA.<\/p>\n\n\n\n<p><br><strong>&nbsp;Nagroda \u201eEuropejski Niezale\u017cny Album Roku\u201d<\/strong>&nbsp;po raz pierwszy zosta\u0142a przyznana w 2011 roku z okazji 10-lecia IMPALI. Zwyci\u0119zca jest wybierany spo\u015br\u00f3d listy nominowanych album\u00f3w z ca\u0142ej Europy. Poprzedni laureaci nagrody to: Apparat, Viagra Boys, Gurr, Agnes Obel, Jos\u00e9 Gonzalez, Caribou, Guadalupe Plata, The xx, Adele i Efterklang.<\/p>\n\n\n\n<p><strong>IMPALA<\/strong>&nbsp;reprezentuje ponad 5000 niezale\u017cnych firm muzycznych. 99% europejskich firm muzycznych to ma\u0142e i \u015brednie przedsi\u0119biorstwa oraz niezale\u017cni arty\u015bci. \u201eIndependents\u201d s\u0105 \u015bwiatowymi liderami pod wzgl\u0119dem innowacji, odpowiadaj\u0105 za ponad 80% wszystkich nowych premier muzycznych i tworz\u0105 80% miejsc pracy w sektorze muzycznym.&nbsp;<\/p>\n\n\n\n<p><em>Misj\u0105 IMPALI jest zr\u00f3wnowa\u017cony rozw\u00f3j niezale\u017cnego sektora muzycznego, sprawiedliwy podzia\u0142 zysk\u00f3w w bran\u017cy muzycznej, promowanie r\u00f3\u017cnorodno\u015bci i przedsi\u0119biorczo\u015bci oraz wyr\u00f3wnywanie szans <\/em>\u2013 m\u00f3wi Yossarian Malewski z Independent Digital, niezale\u017cnego polskiego dystrybutora, cz\u0142onka organizacji IMPALA. &nbsp;<\/p>\n\n\n\n<p>Wi\u0119cej informacji na stronie:&nbsp;<a href=\"https:\/\/impalamusic.org\/25-nominees-shortlisted-for-impalas-european-independent-album-of-the-year-award\/\">https:\/\/impalamusic.org\/25-nominees-shortlisted-for-impalas-european-independent-album-of-the-year-award\/<\/a><\/p>\n\n\n\n<p>Lista wszystkich nominowanych album\u00f3w w Spotify:<\/p>\n\n\n\n<figure class=\"wp-block-embed is-type-rich is-provider-spotify wp-block-embed-spotify wp-embed-aspect-9-16 wp-has-aspect-ratio\"><div class=\"wp-block-embed__wrapper\">\n<iframe loading=\"lazy\" title=\"Spotify Embed: 2020 - IMPALA Album of the Year Award - Albums\" width=\"300\" height=\"380\" allowtransparency=\"true\" frameborder=\"0\" allow=\"encrypted-media\" src=\"https:\/\/open.spotify.com\/embed\/playlist\/3lyIN15h9uVlkvPKahuOfX\"><\/iframe>\n<\/div><\/figure>\n\n\n\n<p>Lista singli wszystkich nominowanych w YouTube:&nbsp;<\/p>\n\n\n\n<figure class=\"wp-block-embed is-type-video is-provider-youtube wp-block-embed-youtube wp-embed-aspect-16-9 wp-has-aspect-ratio\"><div class=\"wp-block-embed__wrapper\">\n<iframe loading=\"lazy\" title=\"2020 - IMPALA European Independent Album of the Year - singles\" width=\"800\" height=\"450\" src=\"https:\/\/www.youtube.com\/embed\/videoseries?list=PLFcYPJwviVJg54KZ2bD1fHPOSgn4qRZ5D\" frameborder=\"0\" allow=\"accelerometer; autoplay; clipboard-write; encrypted-media; gyroscope; picture-in-picture; web-share\" referrerpolicy=\"strict-origin-when-cross-origin\" allowfullscreen><\/iframe>\n<\/div><\/figure>\n","protected":false},"excerpt":{"rendered":"<p>IMPALA, najwi\u0119ksza organizacja niezale\u017cnych tw\u00f3rc\u00f3w og\u0142osi\u0142a list\u0119 25 album\u00f3w nominowanych do nagrody &#8222;Europejski Niezale\u017cny Album Roku&#8221;. W\u015br\u00f3d nominowanych jest MaJLo. Polski artysta zosta\u0142 doceniony za najnowszy album \u201cVestiges: The Scenes\u201d. MAJLo to producent, kompozytor, multiinstrumentalista i wokalista. W 2015 roku odby\u0142a si\u0119 premiera jego debiutanckiego albumu EP &#8211; &#8222;Revers&#8221;. W 2017 roku zosta\u0142a wydana jego [&hellip;]<\/p>\n","protected":false},"author":1,"featured_media":0,"comment_status":"closed","ping_status":"open","sticky":false,"template":"","format":"standard","meta":{"jetpack_post_was_ever_published":false,"_jetpack_newsletter_access":"","_jetpack_dont_email_post_to_subs":false,"_jetpack_newsletter_tier_id":0,"_jetpack_memberships_contains_paywalled_content":false,"_jetpack_memberships_contains_paid_content":false,"footnotes":"","jetpack_publicize_message":"","jetpack_publicize_feature_enabled":true,"jetpack_social_post_already_shared":true,"jetpack_social_options":{"image_generator_settings":{"template":"highway","default_image_id":0,"enabled":false},"version":2}},"categories":[1],"tags":[],"class_list":["post-21502","post","type-post","status-publish","format-standard","hentry","category-uncategorized"],"jetpack_publicize_connections":[],"jetpack_featured_media_url":"","jetpack_sharing_enabled":true,"jetpack_shortlink":"https:\/\/wp.me\/p67auQ-5AO","_links":{"self":[{"href":"http:\/\/muzykabeztajemnic.info.pl\/index.php?rest_route=\/wp\/v2\/posts\/21502","targetHints":{"allow":["GET"]}}],"collection":[{"href":"http:\/\/muzykabeztajemnic.info.pl\/index.php?rest_route=\/wp\/v2\/posts"}],"about":[{"href":"http:\/\/muzykabeztajemnic.info.pl\/index.php?rest_route=\/wp\/v2\/types\/post"}],"author":[{"embeddable":true,"href":"http:\/\/muzykabeztajemnic.info.pl\/index.php?rest_route=\/wp\/v2\/users\/1"}],"replies":[{"embeddable":true,"href":"http:\/\/muzykabeztajemnic.info.pl\/index.php?rest_route=%2Fwp%2Fv2%2Fcomments&post=21502"}],"version-history":[{"count":2,"href":"http:\/\/muzykabeztajemnic.info.pl\/index.php?rest_route=\/wp\/v2\/posts\/21502\/revisions"}],"predecessor-version":[{"id":21505,"href":"http:\/\/muzykabeztajemnic.info.pl\/index.php?rest_route=\/wp\/v2\/posts\/21502\/revisions\/21505"}],"wp:attachment":[{"href":"http:\/\/muzykabeztajemnic.info.pl\/index.php?rest_route=%2Fwp%2Fv2%2Fmedia&parent=21502"}],"wp:term":[{"taxonomy":"category","embeddable":true,"href":"http:\/\/muzykabeztajemnic.info.pl\/index.php?rest_route=%2Fwp%2Fv2%2Fcategories&post=21502"},{"taxonomy":"post_tag","embeddable":true,"href":"http:\/\/muzykabeztajemnic.info.pl\/index.php?rest_route=%2Fwp%2Fv2%2Ftags&post=21502"}],"curies":[{"name":"wp","href":"https:\/\/api.w.org\/{rel}","templated":true}]}}