{"id":21481,"date":"2021-01-28T09:44:04","date_gmt":"2021-01-28T09:44:04","guid":{"rendered":"http:\/\/muzykabeztajemnic.info.pl\/?p=21481"},"modified":"2021-01-28T09:44:07","modified_gmt":"2021-01-28T09:44:07","slug":"mela-koteluk-kwadrofonik-astronomia-poety-baczynski","status":"publish","type":"post","link":"http:\/\/muzykabeztajemnic.info.pl\/?p=21481","title":{"rendered":"Mela Koteluk &#038; Kwadrofonik &#8222;Astronomia poety. Baczy\u0144ski&#8221;"},"content":{"rendered":"\n<figure class=\"wp-block-image size-large\"><img loading=\"lazy\" decoding=\"async\" width=\"600\" height=\"600\" src=\"https:\/\/muzykabeztajemnic.info.pl\/wp-content\/uploads\/2021\/01\/2ca6855f-c9b2-410d-a1f5-71b48a6749a7.jpg\" alt=\"\" class=\"wp-image-21482\" srcset=\"http:\/\/muzykabeztajemnic.info.pl\/wp-content\/uploads\/2021\/01\/2ca6855f-c9b2-410d-a1f5-71b48a6749a7.jpg 600w, http:\/\/muzykabeztajemnic.info.pl\/wp-content\/uploads\/2021\/01\/2ca6855f-c9b2-410d-a1f5-71b48a6749a7-500x500.jpg 500w, http:\/\/muzykabeztajemnic.info.pl\/wp-content\/uploads\/2021\/01\/2ca6855f-c9b2-410d-a1f5-71b48a6749a7-150x150.jpg 150w\" sizes=\"auto, (max-width: 600px) 100vw, 600px\" \/><\/figure>\n\n\n\n<p><strong>22 stycznia 2021 przypada setna rocznica urodzin Krzysztofa Kamila Baczy\u0144skiego. Z tego wzgl\u0119du rok 2021 zosta\u0142 og\u0142oszony Rokiem Poety. Nadarza si\u0119 wi\u0119c wyj\u0105tkowa okazja, by przypomnie\u0107 niezwyk\u0142y album z poezj\u0105 Baczy\u0144skiego \u201eAstronomia poety\u201d, kt\u00f3ry w ubieg\u0142ym roku, z okazji 76. rocznicy wybuchu Powstania Warszawskiego przygotowa\u0142a Mela Koteluk i Kwadrofonik. Premierowy koncert odby\u0142 si\u0119 w Muzeum Powstania Warszawskiego, kt\u00f3re jest wydawc\u0105 albumu, a Warner Music Poland dystrybutorem.\u00a0<\/strong><\/p>\n\n\n\n<p>Wyb\u00f3r poezji, kompozycje i koncepcja muzyczna projektu s\u0105 wsp\u00f3lnym dzie\u0142em Meli Koteluk oraz Bartka W\u0105sika, pianisty z kwartetu Kwadrofonik, kt\u00f3ry jest r\u00f3wnie\u017c autorem aran\u017cacji.<\/p>\n\n\n\n<p><a href=\"https:\/\/warnermusic.us11.list-manage.com\/track\/click?u=5707ca9200ef714154dda6f30&amp;id=7bf321bb71&amp;e=f72eb1638a\" target=\"_blank\" rel=\"noreferrer noopener\">POS\u0141UCHAJ ALBUMU<\/a><br>\u00a0<br><em>\u201eOd samego pocz\u0105tku przy\u015bwieca\u0142a nam intencja, by pokaza\u0107 Baczy\u0144skiego jako pacyfist\u0119 i mistyka, cz\u0142owieka zakochanego w \u017cyciu. Zdo\u0142ali\u015bmy odtworzy\u0107 czyste i jasne oblicze Krzysztofa oraz zwr\u00f3ci\u0107 uwag\u0119 na niezwyk\u0142\u0105 wra\u017cliwo\u015b\u0107 i uniwersalno\u015b\u0107 jego tw\u00f3rczo\u015bci. Zdaje si\u0119, \u017ce jego b\u0142yskotliwe spostrze\u017cenia na temat \u015bwiata i ludzi wynika\u0142y bardziej z wybitnego zmys\u0142u obserwacji i intuicji ni\u017c z do\u015bwiadczenia \u017cyciowego, kt\u00f3re zosta\u0142o tak wcze\u015bnie przerwane\u201d \u2013\u00a0<\/em>m\u00f3wi\u0105 arty\u015bci.<br>\u00a0<br>Album zosta\u0142 doceniony przez krytyk\u00f3w i s\u0142uchaczy, a o tym, jak brzmi na \u017cywo b\u0119dzie mo\u017cna przekona\u0107 si\u0119 ogl\u0105daj\u0105c koncert \u201eAstronomia poety\u201d zarejestrowany niedawno w FINA.<br>Retransmisja\u00a0<strong>22 stycznia o 20:00<\/strong>\u00a0na profilach FINA, MPW, Warner Music Polska.\u00a0<\/p>\n","protected":false},"excerpt":{"rendered":"<p>22 stycznia 2021 przypada setna rocznica urodzin Krzysztofa Kamila Baczy\u0144skiego. Z tego wzgl\u0119du rok 2021 zosta\u0142 og\u0142oszony Rokiem Poety. Nadarza si\u0119 wi\u0119c wyj\u0105tkowa okazja, by przypomnie\u0107 niezwyk\u0142y album z poezj\u0105 Baczy\u0144skiego \u201eAstronomia poety\u201d, kt\u00f3ry w ubieg\u0142ym roku, z okazji 76. rocznicy wybuchu Powstania Warszawskiego przygotowa\u0142a Mela Koteluk i Kwadrofonik. Premierowy koncert odby\u0142 si\u0119 w Muzeum [&hellip;]<\/p>\n","protected":false},"author":1,"featured_media":21482,"comment_status":"closed","ping_status":"open","sticky":false,"template":"","format":"standard","meta":{"jetpack_post_was_ever_published":false,"_jetpack_newsletter_access":"","_jetpack_dont_email_post_to_subs":false,"_jetpack_newsletter_tier_id":0,"_jetpack_memberships_contains_paywalled_content":false,"_jetpack_memberships_contains_paid_content":false,"footnotes":"","jetpack_publicize_message":"","jetpack_publicize_feature_enabled":true,"jetpack_social_post_already_shared":true,"jetpack_social_options":{"image_generator_settings":{"template":"highway","default_image_id":0,"enabled":false},"version":2}},"categories":[1],"tags":[],"class_list":["post-21481","post","type-post","status-publish","format-standard","has-post-thumbnail","hentry","category-uncategorized"],"jetpack_publicize_connections":[],"jetpack_featured_media_url":"http:\/\/muzykabeztajemnic.info.pl\/wp-content\/uploads\/2021\/01\/2ca6855f-c9b2-410d-a1f5-71b48a6749a7.jpg","jetpack_sharing_enabled":true,"jetpack_shortlink":"https:\/\/wp.me\/p67auQ-5At","_links":{"self":[{"href":"http:\/\/muzykabeztajemnic.info.pl\/index.php?rest_route=\/wp\/v2\/posts\/21481","targetHints":{"allow":["GET"]}}],"collection":[{"href":"http:\/\/muzykabeztajemnic.info.pl\/index.php?rest_route=\/wp\/v2\/posts"}],"about":[{"href":"http:\/\/muzykabeztajemnic.info.pl\/index.php?rest_route=\/wp\/v2\/types\/post"}],"author":[{"embeddable":true,"href":"http:\/\/muzykabeztajemnic.info.pl\/index.php?rest_route=\/wp\/v2\/users\/1"}],"replies":[{"embeddable":true,"href":"http:\/\/muzykabeztajemnic.info.pl\/index.php?rest_route=%2Fwp%2Fv2%2Fcomments&post=21481"}],"version-history":[{"count":1,"href":"http:\/\/muzykabeztajemnic.info.pl\/index.php?rest_route=\/wp\/v2\/posts\/21481\/revisions"}],"predecessor-version":[{"id":21483,"href":"http:\/\/muzykabeztajemnic.info.pl\/index.php?rest_route=\/wp\/v2\/posts\/21481\/revisions\/21483"}],"wp:featuredmedia":[{"embeddable":true,"href":"http:\/\/muzykabeztajemnic.info.pl\/index.php?rest_route=\/wp\/v2\/media\/21482"}],"wp:attachment":[{"href":"http:\/\/muzykabeztajemnic.info.pl\/index.php?rest_route=%2Fwp%2Fv2%2Fmedia&parent=21481"}],"wp:term":[{"taxonomy":"category","embeddable":true,"href":"http:\/\/muzykabeztajemnic.info.pl\/index.php?rest_route=%2Fwp%2Fv2%2Fcategories&post=21481"},{"taxonomy":"post_tag","embeddable":true,"href":"http:\/\/muzykabeztajemnic.info.pl\/index.php?rest_route=%2Fwp%2Fv2%2Ftags&post=21481"}],"curies":[{"name":"wp","href":"https:\/\/api.w.org\/{rel}","templated":true}]}}