{"id":21473,"date":"2021-01-28T09:39:16","date_gmt":"2021-01-28T09:39:16","guid":{"rendered":"http:\/\/muzykabeztajemnic.info.pl\/?p=21473"},"modified":"2021-01-28T09:39:18","modified_gmt":"2021-01-28T09:39:18","slug":"magdalena-karolak-w-domowce-z-dwojka-%e2%80%a8-w-roli-glownej-oboj","status":"publish","type":"post","link":"http:\/\/muzykabeztajemnic.info.pl\/?p=21473","title":{"rendered":"MAGDALENA KAROLAK W \u201eDOM\u00d3WCE Z DW\u00d3JK\u0104\u201d \u2028\u2013 W ROLI G\u0141\u00d3WNEJ OB\u00d3J"},"content":{"rendered":"\n<figure class=\"wp-block-image size-large\"><img loading=\"lazy\" decoding=\"async\" width=\"800\" height=\"261\" src=\"http:\/\/muzykabeztajemnic.info.pl\/wp-content\/uploads\/2020\/09\/dwojkalogo-800x261.jpg\" alt=\"\" class=\"wp-image-20819\" srcset=\"http:\/\/muzykabeztajemnic.info.pl\/wp-content\/uploads\/2020\/09\/dwojkalogo-800x261.jpg 800w, http:\/\/muzykabeztajemnic.info.pl\/wp-content\/uploads\/2020\/09\/dwojkalogo-500x163.jpg 500w, http:\/\/muzykabeztajemnic.info.pl\/wp-content\/uploads\/2020\/09\/dwojkalogo-768x251.jpg 768w, http:\/\/muzykabeztajemnic.info.pl\/wp-content\/uploads\/2020\/09\/dwojkalogo.jpg 836w\" sizes=\"auto, (max-width: 800px) 100vw, 800px\" \/><\/figure>\n\n\n\n<p><strong><em>\u2013 Zagram na kilku instrumentach z mojej kolekcji oboj\u00f3w historycznych, a z Marcinem \u015awi\u0105tkiewiczem wykonam wariacj\u0119 na temat kompozycji \u201eLa Folia\u201d Marina Maraisa <\/em>\u2013 m\u00f3wi Magdalena Karolak, zapraszaj\u0105c na najbli\u017csze wydanie \u201eDom\u00f3wki z Dw\u00f3jk\u0105\u201d.<\/strong> <strong>Emisja wydarzenia w sobot\u0119 30 stycznia o godz. 19.00 \u2013 na antenie Programu 2 Polskiego Radia, stronie internetowej i Facebooku stacji oraz na kanale YouTube Polskiego Radia.<\/strong><\/p>\n\n\n\n<p><strong>Magdalena Karolak<\/strong> to ceniona oboistka m\u0142odego pokolenia. Nauki pobiera\u0142a u prof. Tomasza Guba\u0144skiego w Pa\u0144stwowym Liceum Muzycznym im. Mieczys\u0142awa Kar\u0142owicza w Poznaniu. Jej pedagogami w czasie studi\u00f3w byli m.in.: Heinz Holliger (Freiburg), Maurice Bourge (Genewa), Diethelm Jonas (Lubeka) oraz Paolo Grazzi (Werona).&nbsp;<\/p>\n\n\n\n<p>Obecnie wsp\u00f3\u0142pracuje z Le concert des nations Jordiego Savalla oraz Akademie f\u00fcr alte Musik Berlin, natomiast w Polsce \u2013 z Capell\u0105 Cravoviensis i {oh!} Orkiestr\u0105 Historyczn\u0105. Artystka otrzymywa\u0142a nagrody i wyr\u00f3\u017cnienia na mi\u0119dzynarodowych konkursach w Japonii, Szwajcarii, Niemczech, W\u0142oszech, Czechach.<\/p>\n\n\n\n<p>Podczas najbli\u017cszego Dom\u00f3wkowego koncertu towarzyszy\u0107 jej b\u0119dzie klawesynista Marcin \u015awi\u0105tkiewicz. Niedawno mogli\u015bmy w Dw\u00f3jce us\u0142ysze\u0107 ich wsp\u00f3lny wyst\u0119p na festiwalu Actus Humanus (<a href=\"https:\/\/www.polskieradio.pl\/8\/688\/Artykul\/2633988\">wi\u0119cej tutaj<\/a>).<\/p>\n\n\n\n<p>Co przygotowali tym razem? <em>\u2013 Na pocz\u0105tku zagramy dla Pa\u0144stwa nasz\u0105 aran\u017cacj\u0119 wariacji na temat \u201eLa Folii\u201d Marina Maraisa. La folia dos\u0142ownie oznacza szale\u0144stwo, a temat ten wywodzi si\u0119<br>z portugalskiego ta\u0144ca ludowego, ta\u0144czonego g\u0142\u00f3wnie przez kobiety<\/em> \u2013 m\u00f3wi Magdalena Karolak.<\/p>\n\n\n\n<ul class=\"wp-block-list\"><li>Transmisja koncertu <strong>w sobot\u0119 30 stycznia o godz. 19.00 \u2013 <\/strong>na antenie, stronie internetowej<br>i Facebooku Dw\u00f3jki oraz na kanale YouTube Polskiego Radia.<\/li><\/ul>\n","protected":false},"excerpt":{"rendered":"<p>\u2013 Zagram na kilku instrumentach z mojej kolekcji oboj\u00f3w historycznych, a z Marcinem \u015awi\u0105tkiewiczem wykonam wariacj\u0119 na temat kompozycji \u201eLa Folia\u201d Marina Maraisa \u2013 m\u00f3wi Magdalena Karolak, zapraszaj\u0105c na najbli\u017csze wydanie \u201eDom\u00f3wki z Dw\u00f3jk\u0105\u201d. Emisja wydarzenia w sobot\u0119 30 stycznia o godz. 19.00 \u2013 na antenie Programu 2 Polskiego Radia, stronie internetowej i Facebooku stacji [&hellip;]<\/p>\n","protected":false},"author":1,"featured_media":20819,"comment_status":"closed","ping_status":"open","sticky":false,"template":"","format":"standard","meta":{"jetpack_post_was_ever_published":false,"_jetpack_newsletter_access":"","_jetpack_dont_email_post_to_subs":false,"_jetpack_newsletter_tier_id":0,"_jetpack_memberships_contains_paywalled_content":false,"_jetpack_memberships_contains_paid_content":false,"footnotes":"","jetpack_publicize_message":"","jetpack_publicize_feature_enabled":true,"jetpack_social_post_already_shared":true,"jetpack_social_options":{"image_generator_settings":{"template":"highway","default_image_id":0,"enabled":false},"version":2}},"categories":[1],"tags":[],"class_list":["post-21473","post","type-post","status-publish","format-standard","has-post-thumbnail","hentry","category-uncategorized"],"jetpack_publicize_connections":[],"jetpack_featured_media_url":"http:\/\/muzykabeztajemnic.info.pl\/wp-content\/uploads\/2020\/09\/dwojkalogo.jpg","jetpack_sharing_enabled":true,"jetpack_shortlink":"https:\/\/wp.me\/p67auQ-5Al","_links":{"self":[{"href":"http:\/\/muzykabeztajemnic.info.pl\/index.php?rest_route=\/wp\/v2\/posts\/21473","targetHints":{"allow":["GET"]}}],"collection":[{"href":"http:\/\/muzykabeztajemnic.info.pl\/index.php?rest_route=\/wp\/v2\/posts"}],"about":[{"href":"http:\/\/muzykabeztajemnic.info.pl\/index.php?rest_route=\/wp\/v2\/types\/post"}],"author":[{"embeddable":true,"href":"http:\/\/muzykabeztajemnic.info.pl\/index.php?rest_route=\/wp\/v2\/users\/1"}],"replies":[{"embeddable":true,"href":"http:\/\/muzykabeztajemnic.info.pl\/index.php?rest_route=%2Fwp%2Fv2%2Fcomments&post=21473"}],"version-history":[{"count":1,"href":"http:\/\/muzykabeztajemnic.info.pl\/index.php?rest_route=\/wp\/v2\/posts\/21473\/revisions"}],"predecessor-version":[{"id":21474,"href":"http:\/\/muzykabeztajemnic.info.pl\/index.php?rest_route=\/wp\/v2\/posts\/21473\/revisions\/21474"}],"wp:featuredmedia":[{"embeddable":true,"href":"http:\/\/muzykabeztajemnic.info.pl\/index.php?rest_route=\/wp\/v2\/media\/20819"}],"wp:attachment":[{"href":"http:\/\/muzykabeztajemnic.info.pl\/index.php?rest_route=%2Fwp%2Fv2%2Fmedia&parent=21473"}],"wp:term":[{"taxonomy":"category","embeddable":true,"href":"http:\/\/muzykabeztajemnic.info.pl\/index.php?rest_route=%2Fwp%2Fv2%2Fcategories&post=21473"},{"taxonomy":"post_tag","embeddable":true,"href":"http:\/\/muzykabeztajemnic.info.pl\/index.php?rest_route=%2Fwp%2Fv2%2Ftags&post=21473"}],"curies":[{"name":"wp","href":"https:\/\/api.w.org\/{rel}","templated":true}]}}