{"id":21433,"date":"2021-01-13T10:07:39","date_gmt":"2021-01-13T10:07:39","guid":{"rendered":"http:\/\/muzykabeztajemnic.info.pl\/?p=21433"},"modified":"2021-01-13T10:07:41","modified_gmt":"2021-01-13T10:07:41","slug":"magda-adamek-byle-do-rana","status":"publish","type":"post","link":"http:\/\/muzykabeztajemnic.info.pl\/?p=21433","title":{"rendered":"Magda Adamek &#8222;Byle do rana&#8221;"},"content":{"rendered":"\n<figure class=\"wp-block-embed is-type-video is-provider-youtube wp-block-embed-youtube wp-embed-aspect-16-9 wp-has-aspect-ratio\"><div class=\"wp-block-embed__wrapper\">\n<iframe loading=\"lazy\" title=\"Magda Adamek - Byle do rana\" width=\"800\" height=\"450\" src=\"https:\/\/www.youtube.com\/embed\/ny80Tf3CE68?feature=oembed\" frameborder=\"0\" allow=\"accelerometer; autoplay; clipboard-write; encrypted-media; gyroscope; picture-in-picture; web-share\" referrerpolicy=\"strict-origin-when-cross-origin\" allowfullscreen><\/iframe>\n<\/div><\/figure>\n\n\n\n<p>Rok 2020 mimo, i\u017c bardzo trudny dla bran\u017cy muzycznej, dla Magdy Adamek by\u0142 pasmem sukces\u00f3w. Pochodz\u0105ca z&nbsp;Lublina kompozytorka, autorka tekst\u00f3w i wokalistka o muzyce, m\u00f3wi, \u017ce&nbsp;<em>to uniwersalny j\u0119zyk, kt\u00f3rym mo\u017cna przem\u00f3wi\u0107 do duszy<\/em>. \u015apiewa i gra na fortepianie od najm\u0142odszych lat. Przez lata bra\u0142a udzia\u0142 w wielu kooperatywach muzycznych, ale swoimi solowymi utworami&nbsp;&nbsp;za namow\u0105 przyjaci\u00f3\u0142 dzieli si\u0119 ze \u015bwiatem dopiero od niedawna.&nbsp; Trzy z&nbsp;sze\u015bciu wydanych&nbsp;przez ni\u0105&nbsp;do tej pory singli: \u201eByle do rana\u201c, \u201eGdzie\u015b jest takie miejsce\u201c i \u201eNiewidzialna\u201c, na sta\u0142e zadomowi\u0142y si\u0119 na antenach polskich i zagranicznych stacji radiowych. Co wi\u0119cej, szturmem zdoby\u0142y podium list przeboj\u00f3w (mi\u0119dzy innymi Radia Rzesz\u00f3w i Radia Lublin), na kt\u00f3rym to utrzymywa\u0142y si\u0119 po kilkana\u015bcie tygodni.&nbsp;<\/p>\n\n\n\n<p>Rok 2021 Magda Adamek rozpoczyna kolejnym sukcesem. Jej singiel \u201eByle do rana\u201c g\u0142osowaniem s\u0142uchaczy wygra\u0142 plebiscyt na \u201ePiosenk\u0119 Roku\u201c Radia Rzesz\u00f3w zdobywaj\u0105c a\u017c 40% wszystkich g\u0142os\u00f3w! Magda jest zar\u00f3wno autork\u0105 tekstu i muzyki singla. Jak opowiada sama artystka:&nbsp;<\/p>\n\n\n\n<p><em>\u201eTen utw\u00f3r napisa\u0142am w jedn\u0105 z&nbsp;tych bezsennych nocy, \u201ekiedy cisza taka g\u0142o\u015bna jest\u201c. To piosenka o t\u0119sknocie za doskona\u0142\u0105 mi\u0142o\u015bci\u0105, za kim\u015b, kto kocha i daje poczucie bezpiecze\u0144stwa, za kim\u015b, kto kocha bez wzgl\u0119du na wszystko. To piosenka z&nbsp;kt\u00f3r\u0105, jak my\u015bl\u0119, wiele os\u00f3b mo\u017ce si\u0119 uto\u017csamia\u0107. My\u015bl\u0119, \u017ce z&nbsp;tego w\u0142a\u015bnie powodu ten singiel tak bardzo spodoba\u0142 si\u0119 s\u0142uchaczom, bo ka\u017cdy z&nbsp;nas czasami t\u0119skni, ka\u017cdy z&nbsp;nas kocha i chce by\u0107 kochanym. A poniewa\u017c wyp\u0142yn\u0119\u0142a ona z&nbsp;potrzeby serca, to by\u0107 mo\u017ce dlatego dotyka te\u017c innych serc\u201c.<\/em><\/p>\n\n\n\n<p>Mimo, i\u017c teoretycznie nie mo\u017cna by\u0142o wybra\u0107 gorszego czasu na debiut ni\u017c czasy COVID-a to jednak, Magda Adamek idzie do przodu i robi swoje, bo podobno \u201cna dobr\u0105 muzyk\u0119 nie ma z\u0142ych czas\u00f3w\u201d.&nbsp;Na dow\u00f3d, \u017ce \u201esod\u00f3wa\u201c nie uderzy\u0142a jej do g\u0142owy i nie zamierza osi\u0105\u015b\u0107 na laurach, wkr\u00f3tce w podzi\u0119kowaniu dla fan\u00f3w i s\u0142uchaczy wydaje angielsk\u0105 wersj\u0119 singla \u201eByle do rana\u201c wraz z&nbsp;teledyskiem. Utw\u00f3r nosi tytu\u0142 \u201eExtremely loud is silence tonight\u201c a jego premiera planowana jest na stycze\u0144\/luty 2021.&nbsp;<\/p>\n\n\n\n<p><strong>BIO:<\/strong><\/p>\n\n\n\n<p>&nbsp;&nbsp;&nbsp;&nbsp;&nbsp;&nbsp;&nbsp;&nbsp;&nbsp;&nbsp; Magda Adamek (Magdalena Moyra Adamek) to artystka urodzona w Lublinie w rodzinie o korzeniach polsko &#8211; ukrai\u0144sko &#8211; \u017cydowskich, obecnie mieszka po cz\u0119\u015bci w Oslo, a po cz\u0119\u015bci w Warszawie.&nbsp;Z wykszta\u0142cenia wokalistka i pianistka. Od dziecka by\u0142a skupiona na muzyce. Jak sama o sobie m\u00f3wi, muzyka zawsze by\u0142a jej odskoczni\u0105 od \u201ezwyczajnego \u017cycia\u201c, a pisanie poezji \u2013 zdrowym sposobem na opisanie uczu\u0107 i odreagowanie na r\u00f3\u017cne \u017cyciowe perypetie.&nbsp;<\/p>\n\n\n\n<p><br>Po \u015bredniej szkole muzycznej nast\u0105pi\u0142o jej rozstanie z muzyk\u0105 klasyczn\u0105, kt\u00f3ra cho\u0107 bez w\u0105tpienia da\u0142a jej solidny warsztat i podstawy muzyczne w ostateczno\u015bci nie by\u0142a jej miejscem docelowym. Zawsze ch\u0119tnie zapraszana do wsp\u00f3\u0142pracy w r\u00f3\u017cnych projektach i zespo\u0142ach ostatecznie zdecydowa\u0142a si\u0119 na emigracj\u0119 do Norwegii, gdy\u017c tam pozna\u0142a swojego przysz\u0142ego m\u0119\u017ca.&nbsp;<\/p>\n\n\n\n<p>Niestety emigracja nie jest taka prosta jak by to si\u0119 mog\u0142o wydawa\u0107. \u017beby przetrwa\u0107 w obcym kraju za\u0142o\u017cy\u0142a firm\u0119, w kt\u00f3rej te\u017c sama pracowa\u0142a bardzo ci\u0119\u017cko na budowach, jako projektant ogrod\u00f3w i teren\u00f3w zieleni, odk\u0142adaj\u0105c muzyczne pasje na bok. Mimo sukces\u00f3w biznesowych, nigdy nie znalaz\u0142a spe\u0142nienia w pracy i biznesie. Zawsze czu\u0142a si\u0119 muzykiem, artystk\u0105, pracuj\u0105c w ogrodach, zawsze czu\u0142a \u017ce jest na niew\u0142a\u015bciwym miejscu, a muzyka wci\u0105\u017c gra\u0142a jej w g\u0142owie, a teksty wype\u0142nia\u0142y kolejne notesy.&nbsp; Po latach ci\u0119\u017ckiej pracy \u2013 co\u015b w niej p\u0119k\u0142o.&nbsp;<\/p>\n\n\n\n<p>&nbsp;&nbsp;&nbsp;&nbsp;&nbsp;&nbsp;&nbsp;&nbsp;&nbsp;&nbsp;&nbsp;&nbsp;<em>\u2013&nbsp;&nbsp;Po spotkaniu z&nbsp;moim przyjacielem \u2013 muzykiem ADSU zrozumia\u0142am, \u017ce nie mog\u0119 ju\u017c d\u0142u\u017cej tak \u017cy\u0107. Poczu\u0142am, \u017ce musz\u0119 znowu zacz\u0105\u0107 \u017cy\u0107 muzyk\u0105, \u017ce musz\u0119 w ko\u0144cu zrobi\u0107 co\u015b dla siebie. Kiedy wessa\u0142 mnie ten \u017cyciowy Matrix i walka o byt \u2013 czu\u0142am, \u017ce trac\u0119 cenny czas. W pewnym momencie podj\u0119\u0142am decyzj\u0119, \u017ce musz\u0119 by\u0107 sob\u0105, nie mog\u0119 zabija\u0107 swoich w\u0142asnych marze\u0144 spychaj\u0105c je stale na dalszy plan. Wr\u00f3ci\u0142am do \u015bwiata muzyki, kt\u00f3ry sta\u0142 si\u0119 moim domem i schronieniem. Musia\u0142am jeszcze tylko przebi\u0107 si\u0119 przez \u015bcian\u0119 braku wiary w siebie \u2013 w czym pomogli mi moi drodzy przyjaciele i tak oto dzi\u015b przed Wami stoi moja muzyka. Nie s\u0105 to piosenki napisane na kolanie \u201edo kotleta\u201c, ale muzyka kt\u00f3ra w pewnym momencie wyp\u0142yn\u0119\u0142a ze mnie pod wp\u0142ywem emocji, uczu\u0107 i jest autentyczn\u0105 ekspresj\u0105 czego\u015b co mnie poruszy\u0142o. Mam nadziej\u0119, \u017ce Wam si\u0119 spodoba i Was te\u017c poruszy.&nbsp;&nbsp;&nbsp;<\/em><\/p>\n\n\n\n<p>Tym oto sposobem zupe\u0142nie nieznana dziewczyna &#8211; jak m\u00f3wi o sobie \u201cdziewczyna znik\u0105d\u201d, kt\u00f3ra jeszcze niedawno\u00a0<em>pracowa\u0142a w Norwegii na projektach budowlanych uk\u0142adaj\u0105c kostk\u0119 brukow\u0105<\/em>, &#8230; lub\u00a0o kt\u00f3rej jeszcze niedawno nikt nie s\u0142ysza\u0142,\u00a0dzi\u015b\u00a0znalaz\u0142a si\u0119 na szczytach list przeboj\u00f3w, a obecnie wygra\u0142a plebiscyt na \u201ePiosenk\u0119 Roku\u201c w radio Rzesz\u00f3w.\u00a0<\/p>\n","protected":false},"excerpt":{"rendered":"<p>Rok 2020 mimo, i\u017c bardzo trudny dla bran\u017cy muzycznej, dla Magdy Adamek by\u0142 pasmem sukces\u00f3w. Pochodz\u0105ca z&nbsp;Lublina kompozytorka, autorka tekst\u00f3w i wokalistka o muzyce, m\u00f3wi, \u017ce&nbsp;to uniwersalny j\u0119zyk, kt\u00f3rym mo\u017cna przem\u00f3wi\u0107 do duszy. \u015apiewa i gra na fortepianie od najm\u0142odszych lat. Przez lata bra\u0142a udzia\u0142 w wielu kooperatywach muzycznych, ale swoimi solowymi utworami&nbsp;&nbsp;za namow\u0105 przyjaci\u00f3\u0142 [&hellip;]<\/p>\n","protected":false},"author":1,"featured_media":0,"comment_status":"closed","ping_status":"open","sticky":false,"template":"","format":"standard","meta":{"jetpack_post_was_ever_published":false,"_jetpack_newsletter_access":"","_jetpack_dont_email_post_to_subs":false,"_jetpack_newsletter_tier_id":0,"_jetpack_memberships_contains_paywalled_content":false,"_jetpack_memberships_contains_paid_content":false,"footnotes":"","jetpack_publicize_message":"","jetpack_publicize_feature_enabled":true,"jetpack_social_post_already_shared":true,"jetpack_social_options":{"image_generator_settings":{"template":"highway","default_image_id":0,"enabled":false},"version":2}},"categories":[1],"tags":[],"class_list":["post-21433","post","type-post","status-publish","format-standard","hentry","category-uncategorized"],"jetpack_publicize_connections":[],"jetpack_featured_media_url":"","jetpack_sharing_enabled":true,"jetpack_shortlink":"https:\/\/wp.me\/p67auQ-5zH","_links":{"self":[{"href":"http:\/\/muzykabeztajemnic.info.pl\/index.php?rest_route=\/wp\/v2\/posts\/21433","targetHints":{"allow":["GET"]}}],"collection":[{"href":"http:\/\/muzykabeztajemnic.info.pl\/index.php?rest_route=\/wp\/v2\/posts"}],"about":[{"href":"http:\/\/muzykabeztajemnic.info.pl\/index.php?rest_route=\/wp\/v2\/types\/post"}],"author":[{"embeddable":true,"href":"http:\/\/muzykabeztajemnic.info.pl\/index.php?rest_route=\/wp\/v2\/users\/1"}],"replies":[{"embeddable":true,"href":"http:\/\/muzykabeztajemnic.info.pl\/index.php?rest_route=%2Fwp%2Fv2%2Fcomments&post=21433"}],"version-history":[{"count":1,"href":"http:\/\/muzykabeztajemnic.info.pl\/index.php?rest_route=\/wp\/v2\/posts\/21433\/revisions"}],"predecessor-version":[{"id":21434,"href":"http:\/\/muzykabeztajemnic.info.pl\/index.php?rest_route=\/wp\/v2\/posts\/21433\/revisions\/21434"}],"wp:attachment":[{"href":"http:\/\/muzykabeztajemnic.info.pl\/index.php?rest_route=%2Fwp%2Fv2%2Fmedia&parent=21433"}],"wp:term":[{"taxonomy":"category","embeddable":true,"href":"http:\/\/muzykabeztajemnic.info.pl\/index.php?rest_route=%2Fwp%2Fv2%2Fcategories&post=21433"},{"taxonomy":"post_tag","embeddable":true,"href":"http:\/\/muzykabeztajemnic.info.pl\/index.php?rest_route=%2Fwp%2Fv2%2Ftags&post=21433"}],"curies":[{"name":"wp","href":"https:\/\/api.w.org\/{rel}","templated":true}]}}