{"id":21363,"date":"2020-12-17T10:26:17","date_gmt":"2020-12-17T10:26:17","guid":{"rendered":"http:\/\/muzykabeztajemnic.info.pl\/?p=21363"},"modified":"2020-12-17T10:26:18","modified_gmt":"2020-12-17T10:26:18","slug":"domowka-z-dwojka-z-wizyta-w-kopenhadze-pianista-%e2%80%a8kamil-piotrowicz-i-jego-improwizowany-jazz","status":"publish","type":"post","link":"http:\/\/muzykabeztajemnic.info.pl\/?p=21363","title":{"rendered":"\u201eDOM\u00d3WKA Z DW\u00d3JK\u0104\u201d Z WIZYT\u0104 W KOPENHADZE: PIANISTA \u2028KAMIL PIOTROWICZ I JEGO IMPROWIZOWANY JAZZ"},"content":{"rendered":"\n<figure class=\"wp-block-image size-large\"><img loading=\"lazy\" decoding=\"async\" width=\"800\" height=\"261\" src=\"http:\/\/muzykabeztajemnic.info.pl\/wp-content\/uploads\/2020\/09\/dwojkalogo-800x261.jpg\" alt=\"\" class=\"wp-image-20819\" srcset=\"http:\/\/muzykabeztajemnic.info.pl\/wp-content\/uploads\/2020\/09\/dwojkalogo-800x261.jpg 800w, http:\/\/muzykabeztajemnic.info.pl\/wp-content\/uploads\/2020\/09\/dwojkalogo-500x163.jpg 500w, http:\/\/muzykabeztajemnic.info.pl\/wp-content\/uploads\/2020\/09\/dwojkalogo-768x251.jpg 768w, http:\/\/muzykabeztajemnic.info.pl\/wp-content\/uploads\/2020\/09\/dwojkalogo.jpg 836w\" sizes=\"auto, (max-width: 800px) 100vw, 800px\" \/><\/figure>\n\n\n\n<p><strong>Kolejnym artyst\u0105, kt\u00f3rego koncert b\u0119dzie mo\u017cna us\u0142ysze\u0107 i zobaczy\u0107 w \u201eDom\u00f3wce z Dw\u00f3jk\u0105\u201d jest jazzowy pianista, kompozytor i producent Kamil Piotrowicz. <em>\u2013 Wykonam w\u0142asne, nowe kompozycje, wok\u00f3\u0142 kt\u00f3rych b\u0119d\u0119 improwizowa\u0142<\/em> \u2013 zapowiada muzyk.<\/strong> <strong>Emisja wydarzenia w sobot\u0119 19 grudnia o godz. 19.00 \u2013 na antenie Programu 2 Polskiego Radia, stronie internetowej i Facebooku stacji oraz na kanale YouTube Polskiego Radia.<\/strong><\/p>\n\n\n\n<p><em>\u2013 Na pocz\u0105tku by\u0142 pomys\u0142 si\u0119gni\u0119cia po muzyk\u0119 barokow\u0105, \u017ceby zaprezentowa\u0107 Bacha, Rameau i podobnych kompozytor\u00f3w. Jednak po miesi\u0105cu pracy nad tym programem zorientowa\u0142em si\u0119, \u017ce potrzebowa\u0142bym jeszcze kolejne p\u00f3\u0142 roku, \u017ceby rzeczywi\u015bcie zaprezentowa\u0107 \u2013 tak w pe\u0142ni i z zadowalaj\u0105cym efektem \u2013 t\u0119 muzyk\u0119 przefiltrowan\u0105 przez samego siebie. Przyznaj\u0119 te\u017c, \u017ce jestem artyst\u0105, kt\u00f3ry od samego pocz\u0105tku poszukuje w\u0142asnej drogi, w\u0142asnego j\u0119zyka, w\u0142asnego g\u0142osu. Pomy\u015bla\u0142em: \u201emam tylko 30 minut, \u017ceby si\u0119 zaprezentowa\u0107\u201d. Dlatego ta \u201eDom\u00f3wka\u201d oparta b\u0119dzie na moich najnowszych kompozycjach i improwizacjach, kt\u00f3re stworzy\u0142em w listopadzie <\/em>\u2013 m\u00f3wi\u0142 <strong>Kamil Piotrowicz<\/strong> w Programie 2 Polskiego Radia.<\/p>\n\n\n\n<p>Muzyk urodzi\u0142 si\u0119 w 1992 roku w Koszalinie, a kompozycj\u0119 studiowa\u0142 i uko\u0144czy\u0142 z wyr\u00f3\u017cnieniem na Akademii Muzycznej w Gda\u0144sku oraz w Rhythmic Music Conservatory w Kopenhadze. Jest laureatem wielu festiwali i konkurs\u00f3w jazzowych. Na polskiej scenie jazzowej zadebiutowa\u0142 p\u0142yt\u0105 \u201eBirth\u201d (2015), nagran\u0105 z w\u0142asnym kwintetem za\u0142o\u017conym w 2014 roku. Drugi album \u201ePopular Music\u201d (2016) \u2013 zarejestrowany ju\u017c w sekstecie \u2013 zosta\u0142 wysoko oceniony przez dziennikarzy jazzowych i uznany albumem roku w bran\u017cowych mediach. Otrzyma\u0142 tak\u017ce nominacj\u0119 do Fryderyka, podobnie jak kolejna p\u0142yta \u2013 \u201eProduct Placement\u201d (2018). Dzi\u015b Kamil Piotrowicz gra nie tylko solowo i z sekstetem, jest r\u00f3wnie\u017c zaanga\u017cowany w zespo\u0142y LAWAAI, Wojtczak\/Piotrowicz oraz HA\u0141VAA.<\/p>\n\n\n\n<p><em>\u2013 Dla mnie pandemia jest przede wszystkim okresem spokoju. Nie podr\u00f3\u017cuj\u0119 i staram si\u0119 nie nadu\u017cywa\u0107 internetu i telefonu. Ograniczy\u0142em social media do absolutnego minimum, czytam za to du\u017co ksi\u0105\u017cek. Jest to dla mnie moment skupienia i koncentracji. I to na pewno s\u0142ycha\u0107 w tej muzyce. Jest ona inna r\u00f3wnie\u017c dlatego, \u017ce ja nigdy nie wyst\u0119powa\u0142em solo \u2013 zaczn\u0119 dopero teraz, co daje ogromne mo\u017cliwo\u015bci do rozwoju<\/em> \u2013 opowiada\u0142 go\u015b\u0107 \u201ePoranka Dw\u00f3jki\u201d, zapraszaj\u0105c na sw\u00f3j solowy recital.<\/p>\n\n\n\n<p>W najbli\u017cszej \u201eDom\u00f3wce z Dw\u00f3jk\u0105\u201d, zrealizowanej w pracowni artystycznej w Kopenhadze, Kamil Piotrowicz zaprezentuje \u2013 korzystaj\u0105c z fortepianu i syntezatora modularnego \u2013 swoje premierowe kompozycje.<\/p>\n\n\n\n<ul class=\"wp-block-list\"><li>Transmisja koncertu <strong>w sobot\u0119 19 grudnia o godz. 19.00 \u2013 <\/strong>na antenie, stronie internetowej i Facebooku Dw\u00f3jki oraz na kanale YouTube Polskiego Radia.<\/li><\/ul>\n","protected":false},"excerpt":{"rendered":"<p>Kolejnym artyst\u0105, kt\u00f3rego koncert b\u0119dzie mo\u017cna us\u0142ysze\u0107 i zobaczy\u0107 w \u201eDom\u00f3wce z Dw\u00f3jk\u0105\u201d jest jazzowy pianista, kompozytor i producent Kamil Piotrowicz. \u2013 Wykonam w\u0142asne, nowe kompozycje, wok\u00f3\u0142 kt\u00f3rych b\u0119d\u0119 improwizowa\u0142 \u2013 zapowiada muzyk. Emisja wydarzenia w sobot\u0119 19 grudnia o godz. 19.00 \u2013 na antenie Programu 2 Polskiego Radia, stronie internetowej i Facebooku stacji oraz [&hellip;]<\/p>\n","protected":false},"author":1,"featured_media":20819,"comment_status":"closed","ping_status":"open","sticky":false,"template":"","format":"standard","meta":{"jetpack_post_was_ever_published":false,"_jetpack_newsletter_access":"","_jetpack_dont_email_post_to_subs":false,"_jetpack_newsletter_tier_id":0,"_jetpack_memberships_contains_paywalled_content":false,"_jetpack_memberships_contains_paid_content":false,"footnotes":"","jetpack_publicize_message":"","jetpack_publicize_feature_enabled":true,"jetpack_social_post_already_shared":true,"jetpack_social_options":{"image_generator_settings":{"template":"highway","default_image_id":0,"enabled":false},"version":2}},"categories":[1],"tags":[],"class_list":["post-21363","post","type-post","status-publish","format-standard","has-post-thumbnail","hentry","category-uncategorized"],"jetpack_publicize_connections":[],"jetpack_featured_media_url":"http:\/\/muzykabeztajemnic.info.pl\/wp-content\/uploads\/2020\/09\/dwojkalogo.jpg","jetpack_sharing_enabled":true,"jetpack_shortlink":"https:\/\/wp.me\/p67auQ-5yz","_links":{"self":[{"href":"http:\/\/muzykabeztajemnic.info.pl\/index.php?rest_route=\/wp\/v2\/posts\/21363","targetHints":{"allow":["GET"]}}],"collection":[{"href":"http:\/\/muzykabeztajemnic.info.pl\/index.php?rest_route=\/wp\/v2\/posts"}],"about":[{"href":"http:\/\/muzykabeztajemnic.info.pl\/index.php?rest_route=\/wp\/v2\/types\/post"}],"author":[{"embeddable":true,"href":"http:\/\/muzykabeztajemnic.info.pl\/index.php?rest_route=\/wp\/v2\/users\/1"}],"replies":[{"embeddable":true,"href":"http:\/\/muzykabeztajemnic.info.pl\/index.php?rest_route=%2Fwp%2Fv2%2Fcomments&post=21363"}],"version-history":[{"count":1,"href":"http:\/\/muzykabeztajemnic.info.pl\/index.php?rest_route=\/wp\/v2\/posts\/21363\/revisions"}],"predecessor-version":[{"id":21364,"href":"http:\/\/muzykabeztajemnic.info.pl\/index.php?rest_route=\/wp\/v2\/posts\/21363\/revisions\/21364"}],"wp:featuredmedia":[{"embeddable":true,"href":"http:\/\/muzykabeztajemnic.info.pl\/index.php?rest_route=\/wp\/v2\/media\/20819"}],"wp:attachment":[{"href":"http:\/\/muzykabeztajemnic.info.pl\/index.php?rest_route=%2Fwp%2Fv2%2Fmedia&parent=21363"}],"wp:term":[{"taxonomy":"category","embeddable":true,"href":"http:\/\/muzykabeztajemnic.info.pl\/index.php?rest_route=%2Fwp%2Fv2%2Fcategories&post=21363"},{"taxonomy":"post_tag","embeddable":true,"href":"http:\/\/muzykabeztajemnic.info.pl\/index.php?rest_route=%2Fwp%2Fv2%2Ftags&post=21363"}],"curies":[{"name":"wp","href":"https:\/\/api.w.org\/{rel}","templated":true}]}}