{"id":21345,"date":"2020-12-10T16:27:43","date_gmt":"2020-12-10T16:27:43","guid":{"rendered":"http:\/\/muzykabeztajemnic.info.pl\/?p=21345"},"modified":"2020-12-10T16:27:46","modified_gmt":"2020-12-10T16:27:46","slug":"nasze-muzyczne-zrodelko-ostatni-tydzien-glosowania-w-konkursie","status":"publish","type":"post","link":"http:\/\/muzykabeztajemnic.info.pl\/?p=21345","title":{"rendered":"NASZE MUZYCZNE \u0179R\u00d3DE\u0141KO OSTATNI TYDZIE\u0143 G\u0141OSOWANIA W KONKURSIE"},"content":{"rendered":"\n<figure class=\"wp-block-image size-large is-resized\"><img loading=\"lazy\" decoding=\"async\" src=\"https:\/\/muzykabeztajemnic.info.pl\/wp-content\/uploads\/2020\/12\/PR-DzieciomJPG.jpg\" alt=\"\" class=\"wp-image-21346\" width=\"569\" height=\"298\"\/><\/figure>\n\n\n\n<p><strong>Tylko do 13 grudnia mo\u017cna oddawa\u0107 g\u0142osy na swoich faworyt\u00f3w w konkursie \u201eNasze Muzyczne \u0179r\u00f3de\u0142ko\u201d, skierowanego do m\u0142odych wykonawc\u00f3w muzyki folkowej i ludowej.\u00a0 Utwory finalist\u00f3w emitowane s\u0105 na antenie Polskiego Radia Dzieciom oraz na stronie konkursu \u2013 tam r\u00f3wnie\u017c prezentowane s\u0105 sylwetki m\u0142odych solist\u00f3w i zespo\u0142\u00f3w, wybranych przez jury spo\u015br\u00f3d 200 zg\u0142osze\u0144. Teraz to do s\u0142uchaczy nale\u017cy ostatnie s\u0142owo. Konkurs zosta\u0142 obj\u0119ty honorowym patronatem Ministra Edukacji i Nauki oraz Ministerstwa Kultury i Dziedzictwa Narodowego.<\/strong><\/p>\n\n\n\n<p><strong>\u201eNasze Muzyczne \u0179r\u00f3de\u0142ko\u201d to konkurs Radiowego Centrum Kultury Ludowej oraz Polskiego Radia Dzieciom <\/strong>adresowany do dzieci od 3. do 15. roku \u017cycia, muzykuj\u0105cych rodzin oraz zespo\u0142\u00f3w amatorskich, dla kt\u00f3rych muzyka ludowa i folkowa jest bliska sercu. \u2013&nbsp;<em>By\u0142o to naprawd\u0119 wielkie prze\u017cycie&nbsp; i bardzo trudne zadanie, \u017ceby wybra\u0107 naszych finalist\u00f3w i my\u015bl\u0119, \u017ce wszystkim jurorom sprawia\u0142o to k\u0142opot, bo poziom tych zg\u0142osze\u0144 by\u0142 naprawd\u0119 bardzo wysoki. To bardzo fajne, \u017ce w tylu miejscach w Polsce dzieci tak wspaniale i graj\u0105 i \u015bpiewaj\u0105 muzyk\u0119 ludow\u0105 <\/em>\u2013 cieszy si\u0119 Piotr K\u0119dziorek, szef&nbsp; Radiowego Centrum Kultury Ludowej.&nbsp; &nbsp;<\/p>\n\n\n\n<p>Finalist\u00f3w&nbsp; wybrali: <strong>Daria Druzga\u0142a<\/strong> \u2013 dyrektorka Polskiego Radia Dzieciom, <strong>Piotr K\u0119dziorek<\/strong> \u2013 redaktor naczelny Radiowego Centrum Kultury Ludowej, <strong>Kaja Prusinowska<\/strong> \u2013 \u015bpiewaczka i animatorka, <strong>Hania Prusinowska<\/strong> \u2013 m\u0142oda muzykantka <strong>oraz Hanna Szcz\u0119\u015bniak<\/strong> \u2013 dziennikarka&nbsp; i producentka Radiowego Centrum Kultury Ludowej prowadz\u0105ca audycj\u0119 \u201e\u0179r\u00f3de\u0142ko\u201d w Polskim Radiu Dzieciom.&nbsp;<\/p>\n\n\n\n<p><strong>Do 13 grudnia<\/strong> s\u0142uchacze mog\u0105 g\u0142osowa\u0107 na utwory finalist\u00f3w emitowane na antenie Polskiego Radia Dzieciom poprzez wys\u0142anie wiadomo\u015bci (wpisuj\u0105c tytu\u0142 utworu i wykonawc\u0119) na adres: <a href=\"mailto:zrodelko@polskieradio.pl\">zrodelko@polskieradio.pl<\/a> Na stronie <a href=\"https:\/\/www.polskieradio.pl\/377\/8909\/\">zrodelko.polskieradio.pl<\/a> znajdziemy sylwetki finalist\u00f3w oraz ich utwory. Ka\u017cda osoba mo\u017ce zag\u0142osowa\u0107 raz dziennie na wybrane wykonanie.<\/p>\n\n\n\n<p>Laureat\u00f3w konkursu poznamy <strong>20 grudnia<\/strong> w audycji \u201e\u0179r\u00f3de\u0142ko\u201d na antenie Polskiego Radia Dzieciom.<\/p>\n\n\n\n<p><strong>Wi\u0119cej informacji <\/strong><a href=\"https:\/\/www.polskieradio.pl\/377\/8909\"><strong>tutaj<\/strong><\/a><\/p>\n","protected":false},"excerpt":{"rendered":"<p>Tylko do 13 grudnia mo\u017cna oddawa\u0107 g\u0142osy na swoich faworyt\u00f3w w konkursie \u201eNasze Muzyczne \u0179r\u00f3de\u0142ko\u201d, skierowanego do m\u0142odych wykonawc\u00f3w muzyki folkowej i ludowej.\u00a0 Utwory finalist\u00f3w emitowane s\u0105 na antenie Polskiego Radia Dzieciom oraz na stronie konkursu \u2013 tam r\u00f3wnie\u017c prezentowane s\u0105 sylwetki m\u0142odych solist\u00f3w i zespo\u0142\u00f3w, wybranych przez jury spo\u015br\u00f3d 200 zg\u0142osze\u0144. Teraz to do [&hellip;]<\/p>\n","protected":false},"author":1,"featured_media":21346,"comment_status":"closed","ping_status":"open","sticky":false,"template":"","format":"standard","meta":{"jetpack_post_was_ever_published":false,"_jetpack_newsletter_access":"","_jetpack_dont_email_post_to_subs":false,"_jetpack_newsletter_tier_id":0,"_jetpack_memberships_contains_paywalled_content":false,"_jetpack_memberships_contains_paid_content":false,"footnotes":"","jetpack_publicize_message":"","jetpack_publicize_feature_enabled":true,"jetpack_social_post_already_shared":true,"jetpack_social_options":{"image_generator_settings":{"template":"highway","default_image_id":0,"enabled":false},"version":2}},"categories":[1],"tags":[],"class_list":["post-21345","post","type-post","status-publish","format-standard","has-post-thumbnail","hentry","category-uncategorized"],"jetpack_publicize_connections":[],"jetpack_featured_media_url":"http:\/\/muzykabeztajemnic.info.pl\/wp-content\/uploads\/2020\/12\/PR-DzieciomJPG.jpg","jetpack_sharing_enabled":true,"jetpack_shortlink":"https:\/\/wp.me\/p67auQ-5yh","_links":{"self":[{"href":"http:\/\/muzykabeztajemnic.info.pl\/index.php?rest_route=\/wp\/v2\/posts\/21345","targetHints":{"allow":["GET"]}}],"collection":[{"href":"http:\/\/muzykabeztajemnic.info.pl\/index.php?rest_route=\/wp\/v2\/posts"}],"about":[{"href":"http:\/\/muzykabeztajemnic.info.pl\/index.php?rest_route=\/wp\/v2\/types\/post"}],"author":[{"embeddable":true,"href":"http:\/\/muzykabeztajemnic.info.pl\/index.php?rest_route=\/wp\/v2\/users\/1"}],"replies":[{"embeddable":true,"href":"http:\/\/muzykabeztajemnic.info.pl\/index.php?rest_route=%2Fwp%2Fv2%2Fcomments&post=21345"}],"version-history":[{"count":1,"href":"http:\/\/muzykabeztajemnic.info.pl\/index.php?rest_route=\/wp\/v2\/posts\/21345\/revisions"}],"predecessor-version":[{"id":21347,"href":"http:\/\/muzykabeztajemnic.info.pl\/index.php?rest_route=\/wp\/v2\/posts\/21345\/revisions\/21347"}],"wp:featuredmedia":[{"embeddable":true,"href":"http:\/\/muzykabeztajemnic.info.pl\/index.php?rest_route=\/wp\/v2\/media\/21346"}],"wp:attachment":[{"href":"http:\/\/muzykabeztajemnic.info.pl\/index.php?rest_route=%2Fwp%2Fv2%2Fmedia&parent=21345"}],"wp:term":[{"taxonomy":"category","embeddable":true,"href":"http:\/\/muzykabeztajemnic.info.pl\/index.php?rest_route=%2Fwp%2Fv2%2Fcategories&post=21345"},{"taxonomy":"post_tag","embeddable":true,"href":"http:\/\/muzykabeztajemnic.info.pl\/index.php?rest_route=%2Fwp%2Fv2%2Ftags&post=21345"}],"curies":[{"name":"wp","href":"https:\/\/api.w.org\/{rel}","templated":true}]}}