{"id":21336,"date":"2020-12-10T16:22:40","date_gmt":"2020-12-10T16:22:40","guid":{"rendered":"http:\/\/muzykabeztajemnic.info.pl\/?p=21336"},"modified":"2020-12-10T16:22:42","modified_gmt":"2020-12-10T16:22:42","slug":"wybitni-tworcy-i-ulubione-piosenki-sluchaczy-polskiego-radia-taki-album-zdarza-sie-%e2%80%a8raz-na-95-lat","status":"publish","type":"post","link":"http:\/\/muzykabeztajemnic.info.pl\/?p=21336","title":{"rendered":"Wybitni tw\u00f3rcy I ULUBIONE PIOSENKI s\u0142uchaczy POLSKIEGO RADIA \u2013 taki album zdarza si\u0119 \u2028raz na 95 lat"},"content":{"rendered":"\n<figure class=\"wp-block-image size-large\"><img loading=\"lazy\" decoding=\"async\" width=\"762\" height=\"248\" src=\"http:\/\/muzykabeztajemnic.info.pl\/wp-content\/uploads\/2020\/09\/polskieradiologo.jpg\" alt=\"\" class=\"wp-image-20821\" srcset=\"http:\/\/muzykabeztajemnic.info.pl\/wp-content\/uploads\/2020\/09\/polskieradiologo.jpg 762w, http:\/\/muzykabeztajemnic.info.pl\/wp-content\/uploads\/2020\/09\/polskieradiologo-500x163.jpg 500w\" sizes=\"auto, (max-width: 762px) 100vw, 762px\" \/><\/figure>\n\n\n\n<p><strong>Wyj\u0105tkowa okazja wymaga specjalnej oprawy. Do wsp\u00f3\u0142tworzenia unikatowego albumu dla u\u015bwietnienia swojej 95. rocznicy, Polskie Radio zaprosi\u0142o sprawdzonych przez lata specjalist\u00f3w \u2013\u00a0swoich s\u0142uchaczy. To Oni wybrali utwory, kt\u00f3re znalaz\u0142y si\u0119 w albumie \u201e95 lat Polskiego Radia\u201d, wie\u0144cz\u0105cym ten jubileuszowy rok. Specjalne, dwup\u0142ytowe wydawnictwo zawiera 16 wyj\u0105tkowych piosenek, na sta\u0142e wpisanych w kanon polskiej muzyki rozrywkowej \u2013 tym razem w dw\u00f3ch aran\u017cacjach: oryginalnej oraz nowej, autorstwa Adama Sztaby i Krzysztofa Herdzina. Premiera 11 grudnia br.<\/strong><\/p>\n\n\n\n<p>Ta kompilacja to przede wszystkim znakomita muzyka, ale r\u00f3wnie\u017c dobra ilustracja zaanga\u017cowania Polskiego Radia w promowanie polskich wykonawc\u00f3w \u2013 teraz i w przesz\u0142o\u015bci.Pocz\u0105wszy od 1925 roku, kiedy po raz pierwszy s\u0142uchacze us\u0142yszeli \u201eHalo, halo, tu Polskie Radio Warszawa!\u201d, polska muzyka stanowi integraln\u0105 cz\u0119\u015b\u0107 rozg\u0142o\u015bni i ma niezachwian\u0105 pozycj\u0119 r\u00f3wnie\u017c dzi\u015b, jak w \u017cadnej innej stacji radiowej. Ponad po\u0142ow\u0119 piosenek granych przez wszystkie anteny Polskiego Radia stanowi\u0105 utwory wykonywane w j\u0119zyku polskim przez polskich wykonawc\u00f3w.<\/p>\n\n\n\n<p><em>\u2013 Archiwa Polskiego Radia zawieraj\u0105 klejnoty i per\u0142y polskiej kultury. Kulturotw\u00f3rcza rola Polskiego Radia jest nie do przecenienia, a bez istnienia medi\u00f3w publicznych, polska kultura dozna\u0142aby zubo\u017cenia<\/em> \u2013 dodaje <strong>Krzysztof Czaba\u0144ski<\/strong>, przewodnicz\u0105cy Rady Medi\u00f3w Narodowych, kt\u00f3ry obj\u0105\u0142 patronat nad wydawnictwem. Na przestrzeni 95 lat w programach Polskiego Radia pojawiali si\u0119 najwybitniejsi przedstawiciele rodzimej sceny muzyki rozrywkowej, co znalaz\u0142o odbicie w\u0142a\u015bnie w albumie \u201e<strong>95 lat Polskiego Radia<\/strong>\u201d, kt\u00f3ry uka\u017ce si\u0119 11 grudnia br.<\/p>\n\n\n\n<p><em>\u2013 Polskie Radio, kt\u00f3re jest jednym z najwa\u017cniejszych mecenas\u00f3w polskiej muzyki \u2013 rozrywkowej, ludowej i powa\u017cnej \u2013 ma szczeg\u00f3ln\u0105 rol\u0119. Wype\u0142niamy nasz\u0105 misj\u0119 nadawcy publicznego i wspieramy rodzimych artyst\u00f3w \u2013 <\/em>m\u00f3wi prezes zarz\u0105du Polskiego Radia <strong>Agnieszka Kami\u0144ska<\/strong>.<\/p>\n\n\n\n<p>Plebiscyt w\u015br\u00f3d s\u0142uchaczy sta\u0142 si\u0119 preludium do powstania albumu. Rozpoczyna go utw\u00f3r <strong>\u201eMa\u0142go\u015bka\u201d Maryli Rodowicz<\/strong> (zwyci\u0119zca plebiscytu), a klamr\u0105 symbolicznie zamykaj\u0105c\u0105 album jest jeden z najwa\u017cniejszych utwor\u00f3w w historii polskiej piosenki \u2013 <strong>\u201eDziwny jest ten \u015bwiat\u201d Czes\u0142awa Niemena<\/strong>.&nbsp;<\/p>\n\n\n\n<p><strong>Pawe\u0142 Sztompke<\/strong>, dziennikarz muzyczny Polskiego Radia, opowiada o procesie powstawania albumu:<em> \u2013 Poprosili\u015bmy s\u0142uchaczy kilka miesi\u0119cy temu, aby wzi\u0119li udzia\u0142 w plebiscycie. Zaproponowali\u015bmy r\u00f3wnie\u017c dziennikarzom muzycznym Polskiego Radia wybranie najwa\u017cniejszych piosenek ostatnich niemal 10 dekad. Najwi\u0119ksz\u0105 si\u0142\u0105 tych utwor\u00f3w jest ich trwanie. Sukces polega na tym, \u017ce uda\u0142o im si\u0119 zaczarowa\u0107 czas, pami\u0119\u0107 i pozosta\u0107 z nami na wiele pokole\u0144<\/em>.&nbsp;<\/p>\n\n\n\n<p>Na dw\u00f3ch p\u0142ytach kompaktowych pod wsp\u00f3lnym tytu\u0142em <strong>\u201e95 lat Polskiego Radia\u201d<\/strong> znalaz\u0142y si\u0119 32 piosenki. P\u0142yta pierwsza to interpretacje 16 kompozycji, kt\u00f3re nagrali: <strong>Kuba Badach, Piotr Becza\u0142a, Monika Borzym, Piotr Cugowski, Igor Herbut, Sebastian Karpiel-Bu\u0142ecka, Kayah, Gaba Kulka, Dorota Mi\u015bkiewicz, Kasia Mo\u015b, Wojciech Myrczek, Renata Przemyk, Natalia Sikora, Mietek Szcze\u015bniak, Grzegorz Turnau, Igor Walaszek i Aga Zaryan<\/strong>. Zaaran\u017cowania na nowo przeboj\u00f3w sprzed lat podj\u0119li si\u0119 <strong>Adam Sztaba<\/strong> i <strong>Krzysztof Herdzin<\/strong>.<\/p>\n\n\n\n<p>Album drugi to unowocze\u015bnione brzmieniowo wersje <em>evergreen\u00f3w<\/em> polskiej muzyki \u2013 kompozycji w wykonaniu: <strong>Mieczys\u0142awa Fogga, Maryli Rodowicz, Breakoutu, Budki Suflera, Czes\u0142awa Niemena, Maanamu, Krzysztofa Zalewskiego, Obywatela GC, Ireny Santor, Reny Rolskiej, S\u0142awy Przybylskiej, Eugeniusza Bodo, Kabaretu Starszych Pan\u00f3w, Ewy Demarczyk, Edyty Bartosiewicz i Zbigniewa Wodeckiego<\/strong>.&nbsp;<\/p>\n\n\n\n<p>Artyst\u00f3w wsparli: <strong>Orkiestra Polskiego Radia<\/strong> oraz <strong>Ch\u00f3r Polskiego Radia<\/strong>. Za realizacj\u0119 nagra\u0144, miksy, mastering pierwszego kr\u0105\u017cka odpowiada <strong>Leszek Kami\u0144ski<\/strong>. Mastering p\u0142yty drugiej to efekt pracy <strong>Jacka G\u0142adkowskiego<\/strong>.&nbsp;<\/p>\n\n\n\n<p><strong>TRACKLISTA:<\/strong><\/p>\n\n\n\n<figure class=\"wp-block-table\"><table><tbody><tr><td><strong>LP<\/strong><\/td><td><strong>UTW\u00d3R<\/strong><\/td><td><strong>CD1<\/strong><\/td><td><strong>CD2<\/strong><\/td><\/tr><tr><td>1.<\/td><td><em>Ma\u0142go\u015bka<\/em><\/td><td>Renata Przemyk<\/td><td>Maryla Rodowicz<\/td><\/tr><tr><td>2.<\/td><td><em>Tango milonga<\/em><\/td><td>Piotr Becza\u0142a<\/td><td>Mieczys\u0142aw Fogg<\/td><\/tr><tr><td>3.<\/td><td><em>Um\u00f3wi\u0142em si\u0119 z ni\u0105 na dziewi\u0105t\u0105<\/em><\/td><td>Mietek Szcze\u015bniak<\/td><td>Eugeniusz Bodo<\/td><\/tr><tr><td>4.<\/td><td><em>Deszcz<\/em><\/td><td>Wojciech Myrczek<\/td><td>Rena Rolska<\/td><\/tr><tr><td>5.<\/td><td><em>Pami\u0119tasz, by\u0142a jesie\u0144<\/em><\/td><td>Aga Zaryan<\/td><td>S\u0142awa Przybylska<\/td><\/tr><tr><td>6.<\/td><td><em>Nie oczekuj\u0119 dzi\u015b nikogo<\/em><\/td><td>Dorota Mi\u015bkiewicz<\/td><td>Irena Santor<\/td><\/tr><tr><td>7.<\/td><td><em>Piosenka jest dobra na wszystko<\/em><\/td><td>Grzegorz Turnau<\/td><td>Kabaret Starszych Pan\u00f3w<\/td><\/tr><tr><td>8.<\/td><td><em>Grande Valse Brillante<\/em><\/td><td>Gaba Kulka<\/td><td>Ewa Demarczyk<\/td><\/tr><tr><td>9.<\/td><td><em>Kiedy by\u0142em ma\u0142ym ch\u0142opcem<\/em><\/td><td>Piotr Cugowski<\/td><td>Breakout<\/td><\/tr><tr><td>10.<\/td><td><em>Cie\u0144 wielkiej g\u00f3ry<\/em><\/td><td>Sebastian Karpiel-Bu\u0142ecka<\/td><td>Budka Suflera<\/td><\/tr><tr><td>11.<\/td><td><em>Zacznij od Bacha<\/em><\/td><td>Monika Borzym i Kuba Badach<\/td><td>Zbigniew Wodecki<\/td><\/tr><tr><td>12.<\/td><td><em>Kocham Ci\u0119 kochanie moje<\/em><\/td><td>Kasia Mo\u015b<\/td><td>Maanam<\/td><\/tr><tr><td>13.<\/td><td><em>Nie pytaj o Polsk\u0119<\/em><\/td><td>Igor Herbut<\/td><td>Obywatel G.C.<\/td><\/tr><tr><td>14.<\/td><td><em>Sen<\/em><\/td><td>Natalia Sikora<\/td><td>Edyta Bartosiewicz<\/td><\/tr><tr><td>15.<\/td><td><em>Jak dobrze<\/em><\/td><td>Igor Walaszek<\/td><td>Krzysztof Zalewski<\/td><\/tr><tr><td>16.<\/td><td><em>Dziwny jest ten \u015bwiat<\/em><\/td><td>Kayah i Ch\u00f3r Polskiego Radia<\/td><td>Czes\u0142aw Niemen<\/td><\/tr><\/tbody><\/table><\/figure>\n\n\n\n<p>Link do ods\u0142uchu p\u0142yty: <a href=\"https:\/\/youtu.be\/3GXNxZxu63k\">https:\/\/youtu.be\/3GXNxZxu63k<\/a><\/p>\n\n\n\n<p>Album dost\u0119pny na stronie <a href=\"https:\/\/sklep.polskieradio.pl\/pl\/p\/95-lat-Polskiego-Radia-CD\/1218\">sklep.polskieradio.pl<\/a>, w Apple Music i innych cyfrowych serwisach muzycznych: <a href=\"https:\/\/id.ffm.to\/95latpolskiegoradia\">https:\/\/id.ffm.to\/95latpolskiegoradia<\/a> oraz do kupienia w dobrych sklepach z ofert\u0105 p\u0142ytow\u0105.<\/p>\n","protected":false},"excerpt":{"rendered":"<p>Wyj\u0105tkowa okazja wymaga specjalnej oprawy. Do wsp\u00f3\u0142tworzenia unikatowego albumu dla u\u015bwietnienia swojej 95. rocznicy, Polskie Radio zaprosi\u0142o sprawdzonych przez lata specjalist\u00f3w \u2013\u00a0swoich s\u0142uchaczy. To Oni wybrali utwory, kt\u00f3re znalaz\u0142y si\u0119 w albumie \u201e95 lat Polskiego Radia\u201d, wie\u0144cz\u0105cym ten jubileuszowy rok. Specjalne, dwup\u0142ytowe wydawnictwo zawiera 16 wyj\u0105tkowych piosenek, na sta\u0142e wpisanych w kanon polskiej muzyki rozrywkowej [&hellip;]<\/p>\n","protected":false},"author":1,"featured_media":20821,"comment_status":"closed","ping_status":"open","sticky":false,"template":"","format":"standard","meta":{"jetpack_post_was_ever_published":false,"_jetpack_newsletter_access":"","_jetpack_dont_email_post_to_subs":false,"_jetpack_newsletter_tier_id":0,"_jetpack_memberships_contains_paywalled_content":false,"_jetpack_memberships_contains_paid_content":false,"footnotes":"","jetpack_publicize_message":"","jetpack_publicize_feature_enabled":true,"jetpack_social_post_already_shared":true,"jetpack_social_options":{"image_generator_settings":{"template":"highway","default_image_id":0,"enabled":false},"version":2}},"categories":[1],"tags":[],"class_list":["post-21336","post","type-post","status-publish","format-standard","has-post-thumbnail","hentry","category-uncategorized"],"jetpack_publicize_connections":[],"jetpack_featured_media_url":"http:\/\/muzykabeztajemnic.info.pl\/wp-content\/uploads\/2020\/09\/polskieradiologo.jpg","jetpack_sharing_enabled":true,"jetpack_shortlink":"https:\/\/wp.me\/p67auQ-5y8","_links":{"self":[{"href":"http:\/\/muzykabeztajemnic.info.pl\/index.php?rest_route=\/wp\/v2\/posts\/21336","targetHints":{"allow":["GET"]}}],"collection":[{"href":"http:\/\/muzykabeztajemnic.info.pl\/index.php?rest_route=\/wp\/v2\/posts"}],"about":[{"href":"http:\/\/muzykabeztajemnic.info.pl\/index.php?rest_route=\/wp\/v2\/types\/post"}],"author":[{"embeddable":true,"href":"http:\/\/muzykabeztajemnic.info.pl\/index.php?rest_route=\/wp\/v2\/users\/1"}],"replies":[{"embeddable":true,"href":"http:\/\/muzykabeztajemnic.info.pl\/index.php?rest_route=%2Fwp%2Fv2%2Fcomments&post=21336"}],"version-history":[{"count":1,"href":"http:\/\/muzykabeztajemnic.info.pl\/index.php?rest_route=\/wp\/v2\/posts\/21336\/revisions"}],"predecessor-version":[{"id":21337,"href":"http:\/\/muzykabeztajemnic.info.pl\/index.php?rest_route=\/wp\/v2\/posts\/21336\/revisions\/21337"}],"wp:featuredmedia":[{"embeddable":true,"href":"http:\/\/muzykabeztajemnic.info.pl\/index.php?rest_route=\/wp\/v2\/media\/20821"}],"wp:attachment":[{"href":"http:\/\/muzykabeztajemnic.info.pl\/index.php?rest_route=%2Fwp%2Fv2%2Fmedia&parent=21336"}],"wp:term":[{"taxonomy":"category","embeddable":true,"href":"http:\/\/muzykabeztajemnic.info.pl\/index.php?rest_route=%2Fwp%2Fv2%2Fcategories&post=21336"},{"taxonomy":"post_tag","embeddable":true,"href":"http:\/\/muzykabeztajemnic.info.pl\/index.php?rest_route=%2Fwp%2Fv2%2Ftags&post=21336"}],"curies":[{"name":"wp","href":"https:\/\/api.w.org\/{rel}","templated":true}]}}