{"id":21330,"date":"2020-12-09T15:23:30","date_gmt":"2020-12-09T15:23:30","guid":{"rendered":"http:\/\/muzykabeztajemnic.info.pl\/?p=21330"},"modified":"2020-12-09T15:23:32","modified_gmt":"2020-12-09T15:23:32","slug":"domowka-z-dwojka-awangardowy-duet-elettrovoce-eksperymentuje-z-glosem-i-elektronika","status":"publish","type":"post","link":"http:\/\/muzykabeztajemnic.info.pl\/?p=21330","title":{"rendered":"\u201eDOM\u00d3WKA Z DW\u00d3JK\u0104\u201d: AWANGARDOWY DUET ELETTROVOCE EKSPERYMENTUJE Z G\u0141OSEM I ELEKTRONIK\u0104"},"content":{"rendered":"\n<figure class=\"wp-block-image size-large\"><img loading=\"lazy\" decoding=\"async\" width=\"800\" height=\"261\" src=\"http:\/\/muzykabeztajemnic.info.pl\/wp-content\/uploads\/2020\/09\/dwojkalogo-800x261.jpg\" alt=\"\" class=\"wp-image-20819\" srcset=\"http:\/\/muzykabeztajemnic.info.pl\/wp-content\/uploads\/2020\/09\/dwojkalogo-800x261.jpg 800w, http:\/\/muzykabeztajemnic.info.pl\/wp-content\/uploads\/2020\/09\/dwojkalogo-500x163.jpg 500w, http:\/\/muzykabeztajemnic.info.pl\/wp-content\/uploads\/2020\/09\/dwojkalogo-768x251.jpg 768w, http:\/\/muzykabeztajemnic.info.pl\/wp-content\/uploads\/2020\/09\/dwojkalogo.jpg 836w\" sizes=\"auto, (max-width: 800px) 100vw, 800px\" \/><\/figure>\n\n\n\n<p><strong><em>\u2013 Poniewa\u017c na co dzie\u0144 Akademia Muzyczna we Wroc\u0142awiu jest naszym domem, to w\u0142a\u015bnie tutaj postanowili\u015bmy zagra\u0107 dla Pa\u0144stwa ten minikoncert<\/em> \u2013 m\u00f3wi Agata Zubel, wokalistka awangardowo-eksperymentalnego duetu ElettroVoce, zapraszaj\u0105c na najbli\u017csz\u0105 \u201eDom\u00f3wk\u0119 z Dw\u00f3jk\u0105\u201d.<\/strong> <strong>Emisja wydarzenia w sobot\u0119 12 grudnia o godz. 19.00 \u2013 na antenie Programu 2 Polskiego Radia, stronie internetowej i Facebooku stacji oraz na kanale YouTube Polskiego Radia.<\/strong><\/p>\n\n\n\n<p>Duet <strong>ElettroVoce <\/strong>powsta\u0142 w wyniku wsp\u00f3\u0142pracy dwojga kompozytor\u00f3w: <strong>Agaty Zubel <\/strong>i <strong>Cezarego Duchnowskiego<\/strong>. Oboje charakteryzuje szczeg\u00f3lne podej\u015bcie do muzyki \u2013 fascynacja barw\u0105, poszerzanie mo\u017cliwo\u015bci wykonawczych, nieustaj\u0105ce poszukiwanie. Dla Zubel, kt\u00f3ra zajmuje si\u0119 r\u00f3wnie\u017c awangardow\u0105 wokalistyk\u0105, by\u0142a to ch\u0119\u0107 odnalezienia nowych sposob\u00f3w ekspresji wokalnej. Dla Duchnowskiego \u2013 poszukiwanie nowych kontekst\u00f3w dla tradycyjnych instrument\u00f3w. Znalaz\u0142o to szczeg\u00f3lny wyraz w wykorzystaniu ludzkiego g\u0142osu \u2013 st\u0105d spora liczba utwor\u00f3w z jego wykorzystaniem.<\/p>\n\n\n\n<p>Duet ElettroVoce wyst\u0119powa\u0142 na licznych festiwalach muzyki wsp\u00f3\u0142czesnej w Polsce i zagranic\u0105. Ich utwory wielokrotnie by\u0142y nagrywane przez Polskie Radio. W 2005 roku arty\u015bci otrzymali nagrod\u0119 specjaln\u0105 dla \u201enajlepszego zespo\u0142u z elektronik\u0105\u201d na presti\u017cowym konkursie wykonawstwa muzyki wsp\u00f3\u0142czesnej \u201eGaudeamus\u201d w Holandii. W 2008 Zubel i Duchnowski zostali uhonorowani Wroc\u0142awsk\u0105 Nagrod\u0105 Muzyczn\u0105 za p\u0142yt\u0119 \u201eElettroVoce\u201d \u2013 dwup\u0142ytowy album wydany z okazji 50-lecia Studia Eksperymentalnego Polskiego Radia (1957-2007), zawieraj\u0105cy zbi\u00f3r ich nagra\u0144 zarejestrowanych przez Polskie Radio w latach 2004 i 2006.<\/p>\n\n\n\n<p>W tym roku Agata Zubel i Cezary Duchnowski wyst\u0105pili na koncercie inauguracyjnym festiwalu Warszawska Jesie\u0144 2020. <em>\u2013 W zawodzie, kt\u00f3ry uprawiamy, mo\u017cemy spotyka\u0107 si\u0119 z cudownymi muzykami, mo\u017cemy razem uprawia\u0107 muzyk\u0119, prawykonywa\u0107 i wykonywa\u0107 utwory<\/em> \u2013 m\u00f3wi\u0142a wokalistka w Dw\u00f3jkowej audycji \u201eCafe Muza\u201d. <em>\u2013 Im wspanialsze s\u0105 te spotkania, z coraz lepszymi muzykami, z coraz lepszymi dyrygentami, tym bardziej to nas ubogaca i rozwija wszystkie aspekty: wykonawcze, kompozytorskie i tw\u00f3rcze \u2013 <\/em>dodaje Agata Zubel.<\/p>\n\n\n\n<p>Transmisja koncertu <strong>w sobot\u0119 12 grudnia o godz. 19.00 \u2013 <\/strong>na antenie, stronie internetowej i Facebooku Dw\u00f3jki oraz na kanale YouTube Polskiego Radia.<\/p>\n","protected":false},"excerpt":{"rendered":"<p>\u2013 Poniewa\u017c na co dzie\u0144 Akademia Muzyczna we Wroc\u0142awiu jest naszym domem, to w\u0142a\u015bnie tutaj postanowili\u015bmy zagra\u0107 dla Pa\u0144stwa ten minikoncert \u2013 m\u00f3wi Agata Zubel, wokalistka awangardowo-eksperymentalnego duetu ElettroVoce, zapraszaj\u0105c na najbli\u017csz\u0105 \u201eDom\u00f3wk\u0119 z Dw\u00f3jk\u0105\u201d. Emisja wydarzenia w sobot\u0119 12 grudnia o godz. 19.00 \u2013 na antenie Programu 2 Polskiego Radia, stronie internetowej i Facebooku [&hellip;]<\/p>\n","protected":false},"author":1,"featured_media":20819,"comment_status":"closed","ping_status":"open","sticky":false,"template":"","format":"standard","meta":{"jetpack_post_was_ever_published":false,"_jetpack_newsletter_access":"","_jetpack_dont_email_post_to_subs":false,"_jetpack_newsletter_tier_id":0,"_jetpack_memberships_contains_paywalled_content":false,"_jetpack_memberships_contains_paid_content":false,"footnotes":"","jetpack_publicize_message":"","jetpack_publicize_feature_enabled":true,"jetpack_social_post_already_shared":true,"jetpack_social_options":{"image_generator_settings":{"template":"highway","default_image_id":0,"enabled":false},"version":2}},"categories":[1],"tags":[],"class_list":["post-21330","post","type-post","status-publish","format-standard","has-post-thumbnail","hentry","category-uncategorized"],"jetpack_publicize_connections":[],"jetpack_featured_media_url":"http:\/\/muzykabeztajemnic.info.pl\/wp-content\/uploads\/2020\/09\/dwojkalogo.jpg","jetpack_sharing_enabled":true,"jetpack_shortlink":"https:\/\/wp.me\/p67auQ-5y2","_links":{"self":[{"href":"http:\/\/muzykabeztajemnic.info.pl\/index.php?rest_route=\/wp\/v2\/posts\/21330","targetHints":{"allow":["GET"]}}],"collection":[{"href":"http:\/\/muzykabeztajemnic.info.pl\/index.php?rest_route=\/wp\/v2\/posts"}],"about":[{"href":"http:\/\/muzykabeztajemnic.info.pl\/index.php?rest_route=\/wp\/v2\/types\/post"}],"author":[{"embeddable":true,"href":"http:\/\/muzykabeztajemnic.info.pl\/index.php?rest_route=\/wp\/v2\/users\/1"}],"replies":[{"embeddable":true,"href":"http:\/\/muzykabeztajemnic.info.pl\/index.php?rest_route=%2Fwp%2Fv2%2Fcomments&post=21330"}],"version-history":[{"count":1,"href":"http:\/\/muzykabeztajemnic.info.pl\/index.php?rest_route=\/wp\/v2\/posts\/21330\/revisions"}],"predecessor-version":[{"id":21331,"href":"http:\/\/muzykabeztajemnic.info.pl\/index.php?rest_route=\/wp\/v2\/posts\/21330\/revisions\/21331"}],"wp:featuredmedia":[{"embeddable":true,"href":"http:\/\/muzykabeztajemnic.info.pl\/index.php?rest_route=\/wp\/v2\/media\/20819"}],"wp:attachment":[{"href":"http:\/\/muzykabeztajemnic.info.pl\/index.php?rest_route=%2Fwp%2Fv2%2Fmedia&parent=21330"}],"wp:term":[{"taxonomy":"category","embeddable":true,"href":"http:\/\/muzykabeztajemnic.info.pl\/index.php?rest_route=%2Fwp%2Fv2%2Fcategories&post=21330"},{"taxonomy":"post_tag","embeddable":true,"href":"http:\/\/muzykabeztajemnic.info.pl\/index.php?rest_route=%2Fwp%2Fv2%2Ftags&post=21330"}],"curies":[{"name":"wp","href":"https:\/\/api.w.org\/{rel}","templated":true}]}}