{"id":21307,"date":"2020-12-04T10:50:12","date_gmt":"2020-12-04T10:50:12","guid":{"rendered":"http:\/\/muzykabeztajemnic.info.pl\/?p=21307"},"modified":"2020-12-04T10:50:21","modified_gmt":"2020-12-04T10:50:21","slug":"rozpoczyna-sie-festiwal-actus-humanus-2020-transmisje-wylacznie-na-antenie-radiowej-dwojki-i-online","status":"publish","type":"post","link":"http:\/\/muzykabeztajemnic.info.pl\/?p=21307","title":{"rendered":"ROZPOCZYNA SI\u0118 FESTIWAL ACTUS HUMANUS 2020 \u2013 TRANSMISJE WY\u0141\u0104CZNIE NA ANTENIE RADIOWEJ DW\u00d3JKI I ONLINE"},"content":{"rendered":"\n<figure class=\"wp-block-image size-large\"><img loading=\"lazy\" decoding=\"async\" width=\"800\" height=\"261\" src=\"http:\/\/muzykabeztajemnic.info.pl\/wp-content\/uploads\/2020\/09\/dwojkalogo-800x261.jpg\" alt=\"\" class=\"wp-image-20819\" srcset=\"http:\/\/muzykabeztajemnic.info.pl\/wp-content\/uploads\/2020\/09\/dwojkalogo-800x261.jpg 800w, http:\/\/muzykabeztajemnic.info.pl\/wp-content\/uploads\/2020\/09\/dwojkalogo-500x163.jpg 500w, http:\/\/muzykabeztajemnic.info.pl\/wp-content\/uploads\/2020\/09\/dwojkalogo-768x251.jpg 768w, http:\/\/muzykabeztajemnic.info.pl\/wp-content\/uploads\/2020\/09\/dwojkalogo.jpg 836w\" sizes=\"auto, (max-width: 800px) 100vw, 800px\" \/><\/figure>\n\n\n\n<p><strong>W pi\u0105tek 4 grudnia startuje w Gda\u0144sku Actus Humanus 2020, czyli najwi\u0119kszy festiwal muzyki dawnej w Polsce i jeden z najwa\u017cniejszych w Europie. Dw\u00f3jka \u2013 wsp\u00f3\u0142organizator wydarzenia \u2013 zaprasza na najwa\u017cniejsze koncerty wybitnych polskich artyst\u00f3w wykonawstwa historycznego. Transmisje codziennie na antenie Programu 2 oraz \u2013 w formie streamingu wideo \u2013 na stronie internetowej i Facebooku stacji.<\/strong><\/p>\n\n\n\n<p>&nbsp;<em>\u2013<\/em><em>W trudnym czasie potrzebujemy blisko\u015bci i poczucia wsp\u00f3lnoty. Dzi\u0119ki transmisjom w radiu, medium szczeg\u00f3lnej intymno\u015bci,<br>i w internecie, kt\u00f3ry daje niemal namacalne wra\u017cenie bycia \u201etu<br>i teraz\u201d, b\u0119dziemy mogli poczu\u0107 si\u0119 wi\u0119ksz\u0105 ni\u017c zwykle wsp\u00f3lnot\u0105 wielbicieli muzyki dawnej <\/em>\u2013 przekonuj\u0105 organizatorzy tegorocznej, specjalnej edycji festiwalu.P\u00f3\u017anojesienna ods\u0142ona Actus Humanus odb\u0119dzie si\u0119 w dniach<strong> 4-13 grudnia <\/strong>w kilku gda\u0144skich lokalizacjach. Radiowa Dw\u00f3jka zaplanowa\u0142a na swojej antenie <strong>transmisje i retransmisje najwa\u017cniejszych festiwalowych premier<br>i wykona\u0144<\/strong>.&nbsp;<\/p>\n\n\n\n<p>Wieczorna seria koncert\u00f3w stworzy niepowtarzaln\u0105 okazj\u0119 pos\u0142uchania plejady polskich zespo\u0142\u00f3w instrument\u00f3w historycznych. <strong>{oh!} Orkiestra Historyczna<\/strong> pod dyrekcj\u0105 skrzypaczki <strong>Martyny Pastuszki<\/strong> wykona <em>Concerti Grossi<\/em> Charlesa Avisona powsta\u0142e na podstawie sonat klawesynowych Domenica Scarlattiego (4 i 5 grudnia). Z kolei arcydzie\u0142o m\u00f3wi\u0105ce o t\u0119sknocie za blisko\u015bci\u0105, czyli ari\u0119 <em>Cara sposa<\/em> za\u015bpiewa <strong>Jakub J\u00f3zef Orli\u0144ski<\/strong>, polski kontratenor, gwiazda \u015bwiatowego formatu.&nbsp;<\/p>\n\n\n\n<p>Przygotowaniem do \u015bwi\u0105t Bo\u017cego Narodzenia jest adwent, czas oczekiwania: jego atmosfer\u0119 utrwalon\u0105 w religijnej pie\u015bni ludowej odda <strong>Adam Strug<\/strong> i towarzysz\u0105cy arty\u015bcie na lirze korbowej <strong>Hipolit&nbsp; Wo\u017aniak<\/strong> (4 grudnia). Zabrzmi m.in. jedno z najwa\u017cniejszych dzie\u0142 polskiego \u015bredniowiecza \u2013 pie\u015b\u0144 o Bo\u017cym Narodzeniu <em>Augustus kiedy kr\u00f3lowa\u0142<\/em> W\u0142adys\u0142awa z Gielniowa. T\u0119sknot\u0119 i oczekiwanie na spotkanie z Bogiem wyra\u017caj\u0105 motety Johanna Sebastiana Bacha \u2013 te dramatyczne arcydzie\u0142a wykona <strong>Capella Cracoviensis pod dyrekcj\u0105 Jana Tomasza Adamusa<\/strong> (9 grudnia).<\/p>\n\n\n\n<p>Czas niepewno\u015bci i odosobnienia sprzyja tak\u017ce introspekcji: t\u0105 drog\u0105 pod\u0105\u017c\u0105 wykonawcy solowych recitali instrumentalnych \u2013 m.in. gambista <strong>Krzysztof Firlus<\/strong> wykona intymne <em>Suity na viol\u0119 da gamba<\/em> Monsieur de Sainte-Colombe\u2019a syna (11 grudnia), skrzypek <strong>Robert Bachara<\/strong> powr\u00f3ci do ma\u0142o znanych <em>Partit skrzypcowych<\/em> Johanna Josepha Vilsmayra (10 grudnia), <strong>Stefan Plewniak<\/strong> przybli\u017cy wirtuozowskie <em>L<\/em>\u2019<em>Arte dell\u2019Arco <\/em>Giuseppe Tartiniego (7 grudnia), za\u015b klawesynista <strong>Marcin \u015awi\u0105tkiewicz<\/strong> podejmie wyzwanie, jakim dla wykonawcy i s\u0142uchacza jest <em>Sztuka fugi<\/em> Johanna Sebastiana Bacha (8 grudnia).&nbsp;<\/p>\n\n\n\n<p><em>\u2013<\/em><em>Niech r\u00f3\u017cnorodna muzyka pomo\u017ce \u0142agodnie, w blisko\u015bci przej\u015b\u0107 przez mrok i wynurzy\u0107 si\u0119 po drugiej stronie tunelu zimy, pandemii i zw\u0105tpienia. Dawni kompozytorzy i wsp\u00f3\u0142cze\u015bni wykonawcy, pozostaj\u0105cy ze sob\u0105 w nieustannym dialogu, to najlepsi przewodnicy na ten trudny, graniczny czas<\/em> \u2013 zapewniaj\u0105 organizatorzy.<\/p>\n\n\n\n<ul class=\"wp-block-list\"><li><strong>Wieczorny koncert otwarcia festiwalu w pi\u0105tek 4 grudnia, godz. 20.00:<\/strong> Charles Avison \u2013 <em>Concerti Grossi After Scarlatti<\/em> [part I] \/ Georg Friedrich H\u00e4ndel \u2013&nbsp; <em>Opera Arias<\/em>; wyk. Jakub J\u00f3zef Orli\u0144ski \/ Martyna Pastuszka \/ {oh!} Orkiestra Historyczna;<\/li><li><strong>Szczeg\u00f3\u0142owy program oraz harmonogram transmisji radiowych i streamingu wideo na:<\/strong> <a href=\"http:\/\/www.dwojka.polskieradio.pl\"><strong>dwojka.polskieradio.pl<\/strong><\/a><strong> i <\/strong><a href=\"http:\/\/www.actushumanus.com\"><strong>actushumanus.com<\/strong><\/a><\/li><\/ul>\n","protected":false},"excerpt":{"rendered":"<p>W pi\u0105tek 4 grudnia startuje w Gda\u0144sku Actus Humanus 2020, czyli najwi\u0119kszy festiwal muzyki dawnej w Polsce i jeden z najwa\u017cniejszych w Europie. Dw\u00f3jka \u2013 wsp\u00f3\u0142organizator wydarzenia \u2013 zaprasza na najwa\u017cniejsze koncerty wybitnych polskich artyst\u00f3w wykonawstwa historycznego. Transmisje codziennie na antenie Programu 2 oraz \u2013 w formie streamingu wideo \u2013 na stronie internetowej i Facebooku [&hellip;]<\/p>\n","protected":false},"author":1,"featured_media":20819,"comment_status":"closed","ping_status":"open","sticky":false,"template":"","format":"standard","meta":{"jetpack_post_was_ever_published":false,"_jetpack_newsletter_access":"","_jetpack_dont_email_post_to_subs":false,"_jetpack_newsletter_tier_id":0,"_jetpack_memberships_contains_paywalled_content":false,"_jetpack_memberships_contains_paid_content":false,"footnotes":"","jetpack_publicize_message":"","jetpack_publicize_feature_enabled":true,"jetpack_social_post_already_shared":true,"jetpack_social_options":{"image_generator_settings":{"template":"highway","default_image_id":0,"enabled":false},"version":2}},"categories":[1],"tags":[],"class_list":["post-21307","post","type-post","status-publish","format-standard","has-post-thumbnail","hentry","category-uncategorized"],"jetpack_publicize_connections":[],"jetpack_featured_media_url":"http:\/\/muzykabeztajemnic.info.pl\/wp-content\/uploads\/2020\/09\/dwojkalogo.jpg","jetpack_sharing_enabled":true,"jetpack_shortlink":"https:\/\/wp.me\/p67auQ-5xF","_links":{"self":[{"href":"http:\/\/muzykabeztajemnic.info.pl\/index.php?rest_route=\/wp\/v2\/posts\/21307","targetHints":{"allow":["GET"]}}],"collection":[{"href":"http:\/\/muzykabeztajemnic.info.pl\/index.php?rest_route=\/wp\/v2\/posts"}],"about":[{"href":"http:\/\/muzykabeztajemnic.info.pl\/index.php?rest_route=\/wp\/v2\/types\/post"}],"author":[{"embeddable":true,"href":"http:\/\/muzykabeztajemnic.info.pl\/index.php?rest_route=\/wp\/v2\/users\/1"}],"replies":[{"embeddable":true,"href":"http:\/\/muzykabeztajemnic.info.pl\/index.php?rest_route=%2Fwp%2Fv2%2Fcomments&post=21307"}],"version-history":[{"count":1,"href":"http:\/\/muzykabeztajemnic.info.pl\/index.php?rest_route=\/wp\/v2\/posts\/21307\/revisions"}],"predecessor-version":[{"id":21308,"href":"http:\/\/muzykabeztajemnic.info.pl\/index.php?rest_route=\/wp\/v2\/posts\/21307\/revisions\/21308"}],"wp:featuredmedia":[{"embeddable":true,"href":"http:\/\/muzykabeztajemnic.info.pl\/index.php?rest_route=\/wp\/v2\/media\/20819"}],"wp:attachment":[{"href":"http:\/\/muzykabeztajemnic.info.pl\/index.php?rest_route=%2Fwp%2Fv2%2Fmedia&parent=21307"}],"wp:term":[{"taxonomy":"category","embeddable":true,"href":"http:\/\/muzykabeztajemnic.info.pl\/index.php?rest_route=%2Fwp%2Fv2%2Fcategories&post=21307"},{"taxonomy":"post_tag","embeddable":true,"href":"http:\/\/muzykabeztajemnic.info.pl\/index.php?rest_route=%2Fwp%2Fv2%2Ftags&post=21307"}],"curies":[{"name":"wp","href":"https:\/\/api.w.org\/{rel}","templated":true}]}}